{"id":13879,"date":"2017-08-01T23:27:07","date_gmt":"2017-08-02T04:27:07","guid":{"rendered":"http:\/\/elinformanteperu.com\/?p=13879"},"modified":"2017-08-01T23:27:07","modified_gmt":"2017-08-02T04:27:07","slug":"dt-de-ecuador-teme-a-la-seleccion-peruana-y-dice-que-sera-dificil-vencerla-en-la-altura","status":"publish","type":"post","link":"https:\/\/elinformanteperu.com\/index.php\/2017\/08\/01\/dt-de-ecuador-teme-a-la-seleccion-peruana-y-dice-que-sera-dificil-vencerla-en-la-altura\/","title":{"rendered":"DT de Ecuador teme a la selecci\u00f3n peruana y dice que ser\u00e1 dif\u00edcil vencerla en la altura"},"content":{"rendered":"<p><strong><span style=\"color: #000000;\">El t\u00e9cnico de la selecci\u00f3n de Ecuador, Gustavo Quinteros, se mostr\u00f3 preocupado por el funcionamiento de la selecci\u00f3n peruana y dijo que ser\u00e1 un rival duro de vencer.<\/span><\/strong><\/p>\n<p><span style=\"color: #000000;\"><strong>Lima, 01 Agosto 2017, (ANDINA).-<\/strong> El t\u00e9cnico de la selecci\u00f3n de Ecuador, Gustavo Quinteros, se mostr\u00f3 preocupado por el funcionamiento de la selecci\u00f3n peruana y dijo que ser\u00e1 un rival duro de vencer cuando lo enfrente en Quito, el 5 de setiembre, por las eliminatorias.<\/span><\/p>\n<p><span style=\"color: #000000;\">Para el entrenador argentino nacionalizado boliviano, el partido ante Per\u00fa ser\u00e1 vital en sus aspiraciones para llegar al Mundial de Rusia 2018. Es por ello que asegur\u00f3 debe tener mucho cuidado porque enfrentar\u00e1 a una escuadra que puede vencer a cualquier rival que se ponga al frente.<\/span><\/p>\n<p><span style=\"color: #000000;\">\u00abPer\u00fa es un equipo que est\u00e1 jugando muy bien. No tiene tantos puntos como deber\u00eda tener en eliminatorias, ha perdido partidos teniendo un buen desenvolvimiento. Su forma de jugar siempre me gust\u00f3\u00bb, declaro Quinteros.<\/span><\/p>\n<p><img fetchpriority=\"high\" decoding=\"async\" class=\"aligncenter size-full wp-image-12597\" src=\"http:\/\/elinformanteperu.com\/wp-content\/uploads\/2017\/07\/antonio-valencia-peru-ecuador.jpg\" alt=\"\" width=\"1800\" height=\"1012\" srcset=\"https:\/\/elinformanteperu.com\/wp-content\/uploads\/2017\/07\/antonio-valencia-peru-ecuador.jpg 1800w, https:\/\/elinformanteperu.com\/wp-content\/uploads\/2017\/07\/antonio-valencia-peru-ecuador-300x169.jpg 300w, https:\/\/elinformanteperu.com\/wp-content\/uploads\/2017\/07\/antonio-valencia-peru-ecuador-768x432.jpg 768w, https:\/\/elinformanteperu.com\/wp-content\/uploads\/2017\/07\/antonio-valencia-peru-ecuador-1024x576.jpg 1024w, https:\/\/elinformanteperu.com\/wp-content\/uploads\/2017\/07\/antonio-valencia-peru-ecuador-128x72.jpg 128w, https:\/\/elinformanteperu.com\/wp-content\/uploads\/2017\/07\/antonio-valencia-peru-ecuador-32x18.jpg 32w, https:\/\/elinformanteperu.com\/wp-content\/uploads\/2017\/07\/antonio-valencia-peru-ecuador-620x350.jpg 620w, https:\/\/elinformanteperu.com\/wp-content\/uploads\/2017\/07\/antonio-valencia-peru-ecuador-935x526.jpg 935w\" sizes=\"(max-width: 1800px) 100vw, 1800px\" \/><span style=\"color: #000000;\">El entrenador precis\u00f3 que si bien es cierto que a Per\u00fa le ha costado ganar en la altura de Quito, en esta ocasi\u00f3n, ser\u00e1 diferente porque posee jugadores r\u00e1pidos estructurados por un sistema compacto y un bloque defensivo fuerte. A ello se suma que la escuadra ecuatoriana no posee jugadores de altura como los ten\u00eda antes y eso influye.<\/span><\/p>\n<p><span style=\"color: #000000;\">\u00abPer\u00fa es un rival que le puede ganar a cualquiera, a cualquier rival en cualquier cancha. Por ah\u00ed la historia dice que no le pudieron ganar a Ecuador pero ahora por ejemplo nosotros jugamos con equipos donde no tuvimos jugadores de altura entonces es un tema que ha cambiado\u00bb<\/span><\/p>\n<p><span style=\"color: #000000;\">Agreg\u00f3: \u00abAntes Ecuador ten\u00eda muchos jugadores de altura ahora no tiene tantos, entonces un tema que influye tambi\u00e9n es la local\u00eda. Nosotros no solamente tenemos que sacar puntos de local sino tambi\u00e9n de visitante si queremos clasificar porque los equipos que vienen est\u00e1n en las mismas condiciones. Ya no hay esa ventaja f\u00edsica de antes\u00bb, precis\u00f3 Quintero al programa \u00abLa Cat\u00e9dra\u00bb.<\/span><\/p>\n<p><span style=\"color: #000000;\">En todo momento mostr\u00f3 su preocupaci\u00f3n por el funcionamiento t\u00e1ctico que mostr\u00f3 la escuadra \u00abblanquirroja\u00bb en los \u00faltimos partidos y en la Copa Am\u00e9rica pasada.<\/span><\/p>\n<p><span style=\"color: #000000;\">\u00abA m\u00ed me preocupa mucho el equipo de Per\u00fa, el entrenador le ha podido dar un funcionamiento muy bueno que viene creciendo en eliminatorias. Paolo Guerreo, Christian Cueva, Edison Flores y Jefferson Farf\u00e1n siempre fueron jugadores muy interesantes y desequilibrantes\u00bb, manifest\u00f3.<\/span><\/p>\n<p><img decoding=\"async\" class=\"aligncenter size-full wp-image-11899\" src=\"http:\/\/elinformanteperu.com\/wp-content\/uploads\/2017\/06\/ecuador-caicedo.jpg\" alt=\"\" width=\"1800\" height=\"1193\" srcset=\"https:\/\/elinformanteperu.com\/wp-content\/uploads\/2017\/06\/ecuador-caicedo.jpg 1800w, https:\/\/elinformanteperu.com\/wp-content\/uploads\/2017\/06\/ecuador-caicedo-300x199.jpg 300w, https:\/\/elinformanteperu.com\/wp-content\/uploads\/2017\/06\/ecuador-caicedo-768x509.jpg 768w, https:\/\/elinformanteperu.com\/wp-content\/uploads\/2017\/06\/ecuador-caicedo-1024x679.jpg 1024w, https:\/\/elinformanteperu.com\/wp-content\/uploads\/2017\/06\/ecuador-caicedo-128x85.jpg 128w, https:\/\/elinformanteperu.com\/wp-content\/uploads\/2017\/06\/ecuador-caicedo-32x21.jpg 32w\" sizes=\"(max-width: 1800px) 100vw, 1800px\" \/><span style=\"color: #000000;\">Tambi\u00e9n mencion\u00f3 a Renato Tapia, Andr\u00e9 Carrillo, Andy Polo, Yoshimar Yot\u00fan y Miguel Trauco, a quien calific\u00f3 como uno de los mejores laterales izquierdos de las eliminatorias.<\/span><\/p>\n<p><span style=\"color: #000000;\">\u00abGareca ha podido sacar lo mejor de cada jugador y le ha dado un muy buen funcionamiento, m\u00e1s all\u00e1 de los resultados. Per\u00fa en cualquier cancha juega muy bien. Ha jugado muy bien de visitante tambi\u00e9n\u00bb, declar\u00f3.<\/span><\/p>\n<p><span style=\"color: #000000;\">Se mostr\u00f3 preocupado por la situaci\u00f3n de los jugadores seleccionables para Ecuador porque muchos de ellos se encuentran inactivos o no tienen clubes como es el caso de Miler Bola\u00f1os, Felipe Caicedo, Juan Carlos Paredes, Walter Ayov\u00ed, quien ahora acaba de arreglar con un club de Ecuador, el mismo Arturo Mina que no est\u00e1 jugando en su equipo.<\/span><\/p>\n<p><span style=\"color: #000000;\">\u00abFelipe Caicedo no est\u00e1 jugando, ahora se pas\u00f3 a la Lazio de Italia, ojal\u00e1 empiece a jugar lo antes posible. Enner Valencia s\u00ed est\u00e1 en actividad, en Tigres de M\u00e9xico. Siempre es bueno que algunos jugadores que tienen que reemplazar a otros est\u00e9n en actividad\u00bb, culmin\u00f3.<\/span><\/p>\n<p><span style=\"color: #000000;\">Finalmente, dijo que no hace caso a los insultos racistas que propin\u00f3 un periodista peruano a sus jugadores porque no representa el sentir de un pueblo muy considerado.<\/span><\/p>\n<p><img decoding=\"async\" class=\"aligncenter size-full wp-image-4749\" src=\"http:\/\/elinformanteperu.com\/wp-content\/uploads\/2017\/01\/sub20-brasil-ecuador.jpg\" alt=\"\" width=\"1800\" height=\"1200\" srcset=\"https:\/\/elinformanteperu.com\/wp-content\/uploads\/2017\/01\/sub20-brasil-ecuador.jpg 1800w, https:\/\/elinformanteperu.com\/wp-content\/uploads\/2017\/01\/sub20-brasil-ecuador-300x200.jpg 300w, https:\/\/elinformanteperu.com\/wp-content\/uploads\/2017\/01\/sub20-brasil-ecuador-768x512.jpg 768w, https:\/\/elinformanteperu.com\/wp-content\/uploads\/2017\/01\/sub20-brasil-ecuador-1024x683.jpg 1024w, https:\/\/elinformanteperu.com\/wp-content\/uploads\/2017\/01\/sub20-brasil-ecuador-128x85.jpg 128w, https:\/\/elinformanteperu.com\/wp-content\/uploads\/2017\/01\/sub20-brasil-ecuador-32x21.jpg 32w\" sizes=\"(max-width: 1800px) 100vw, 1800px\" \/><\/p>\n<p><span style=\"color: #000000;\">\u00abYo conozco mucho a los peruanos, mi esposa es peruana, yo voy a Per\u00fa todos los a\u00f1os, tengo familiares all\u00ed as\u00ed que los conozco bien y no act\u00faan de esa manera. Se equivoc\u00f3 esa persona y no representa lo que es el pa\u00eds de tantas buenas personas\u00bb, culmin\u00f3 el t\u00e9cnico Gustavo Quinteros.<\/span><\/p>\n<p><span style=\"color: #000000;\">La selecci\u00f3n de Ecuador recibir\u00e1 a Per\u00fa, el 5 de setiembre, en el Estadio Olimpico Atahualpa de Quito, a las 16:00 horas.<\/span><\/p>\n<p><span style=\"color: #000000;\">Este cotejo ser\u00e1 crucial para ambas selecciones en sus aspiraciones de llegar al Mundial de Rusia 2018.<\/span><\/p>\n<p><img loading=\"lazy\" decoding=\"async\" class=\"aligncenter size-full wp-image-13881\" src=\"http:\/\/elinformanteperu.com\/wp-content\/uploads\/2017\/08\/gareca-quinteros-peru-ecuador.jpg\" alt=\"\" width=\"1800\" height=\"1270\" srcset=\"https:\/\/elinformanteperu.com\/wp-content\/uploads\/2017\/08\/gareca-quinteros-peru-ecuador.jpg 1800w, https:\/\/elinformanteperu.com\/wp-content\/uploads\/2017\/08\/gareca-quinteros-peru-ecuador-300x212.jpg 300w, https:\/\/elinformanteperu.com\/wp-content\/uploads\/2017\/08\/gareca-quinteros-peru-ecuador-768x542.jpg 768w, https:\/\/elinformanteperu.com\/wp-content\/uploads\/2017\/08\/gareca-quinteros-peru-ecuador-1024x722.jpg 1024w, https:\/\/elinformanteperu.com\/wp-content\/uploads\/2017\/08\/gareca-quinteros-peru-ecuador-128x90.jpg 128w, https:\/\/elinformanteperu.com\/wp-content\/uploads\/2017\/08\/gareca-quinteros-peru-ecuador-32x23.jpg 32w\" sizes=\"(max-width: 1800px) 100vw, 1800px\" \/><\/p>\n","protected":false},"excerpt":{"rendered":"<p>El t\u00e9cnico de la selecci\u00f3n de Ecuador, Gustavo Quinteros, se mostr\u00f3 preocupado por el funcionamiento de la selecci\u00f3n peruana y dijo que ser\u00e1 un rival duro de vencer. Lima, 01 Agosto 2017, (ANDINA).- El t\u00e9cnico de la selecci\u00f3n de Ecuador, Gustavo Quinteros, se mostr\u00f3 preocupado por el funcionamiento de la selecci\u00f3n peruana y dijo que [&hellip;]<\/p>\n","protected":false},"author":1,"featured_media":13880,"comment_status":"open","ping_status":"open","sticky":false,"template":"","format":"standard","meta":{"rop_custom_images_group":[],"rop_custom_messages_group":[],"rop_publish_now":"initial","rop_publish_now_accounts":[],"rop_publish_now_history":[],"rop_publish_now_status":"pending","footnotes":""},"categories":[8],"tags":[170,175,1969,137],"class_list":["post-13879","post","type-post","status-publish","format-standard","has-post-thumbnail","hentry","category-disciplinas-deportivas","tag-ecuador","tag-eliminatorias","tag-gustavo-quinteros","tag-seleccion-peruana"],"_links":{"self":[{"href":"https:\/\/elinformanteperu.com\/index.php\/wp-json\/wp\/v2\/posts\/13879","targetHints":{"allow":["GET"]}}],"collection":[{"href":"https:\/\/elinformanteperu.com\/index.php\/wp-json\/wp\/v2\/posts"}],"about":[{"href":"https:\/\/elinformanteperu.com\/index.php\/wp-json\/wp\/v2\/types\/post"}],"author":[{"embeddable":true,"href":"https:\/\/elinformanteperu.com\/index.php\/wp-json\/wp\/v2\/users\/1"}],"replies":[{"embeddable":true,"href":"https:\/\/elinformanteperu.com\/index.php\/wp-json\/wp\/v2\/comments?post=13879"}],"version-history":[{"count":1,"href":"https:\/\/elinformanteperu.com\/index.php\/wp-json\/wp\/v2\/posts\/13879\/revisions"}],"predecessor-version":[{"id":13882,"href":"https:\/\/elinformanteperu.com\/index.php\/wp-json\/wp\/v2\/posts\/13879\/revisions\/13882"}],"wp:featuredmedia":[{"embeddable":true,"href":"https:\/\/elinformanteperu.com\/index.php\/wp-json\/wp\/v2\/media\/13880"}],"wp:attachment":[{"href":"https:\/\/elinformanteperu.com\/index.php\/wp-json\/wp\/v2\/media?parent=13879"}],"wp:term":[{"taxonomy":"category","embeddable":true,"href":"https:\/\/elinformanteperu.com\/index.php\/wp-json\/wp\/v2\/categories?post=13879"},{"taxonomy":"post_tag","embeddable":true,"href":"https:\/\/elinformanteperu.com\/index.php\/wp-json\/wp\/v2\/tags?post=13879"}],"curies":[{"name":"wp","href":"https:\/\/api.w.org\/{rel}","templated":true}]}}