{"id":138742,"date":"2025-07-02T22:56:10","date_gmt":"2025-07-03T03:56:10","guid":{"rendered":"https:\/\/elinformanteperu.com\/?p=138742"},"modified":"2025-07-02T22:56:10","modified_gmt":"2025-07-03T03:56:10","slug":"dos-areas-protegidas-de-peru-destacan-como-sitios-reproductivos-del-flamenco-chileno","status":"publish","type":"post","link":"https:\/\/elinformanteperu.com\/index.php\/2025\/07\/02\/dos-areas-protegidas-de-peru-destacan-como-sitios-reproductivos-del-flamenco-chileno\/","title":{"rendered":"Dos \u00e1reas protegidas de Per\u00fa destacan como sitios reproductivos del flamenco chileno"},"content":{"rendered":"<p><strong><span style=\"color: #000000;\">Se trata de la Reserva Nacional de Jun\u00edn y la Reserva Nacional de Salinas y Aguada Blanca (Arequipa)<\/span><\/strong><\/p>\n<p><span style=\"color: #000000;\"><strong>Lima, 02 Julio 2025, (ANDINA).-<\/strong> Un estudio cient\u00edfico resalt\u00f3 que dos \u00e1reas naturales protegidas de Per\u00fa: la Reserva Nacional de Jun\u00edn (Jun\u00edn) y la Reserva Nacional de Salinas y Aguada Blanca (Arequipa), se distinguen como importantes espacios de conservaci\u00f3n en el mundo al ser incluidos entre los sitos reproductivos hist\u00f3ricos del flamenco chileno.<\/span><\/p>\n<p><span style=\"color: #000000;\">As\u00ed lo inform\u00f3 el Servicio Nacional de \u00c1reas Naturales Protegidas por el Estado (Sernanp) que precis\u00f3 que se trata del estudio \u201cSituaci\u00f3n reproductiva del flamenco chileno (Phoenicopterus chilensis) en el Per\u00fa\u201d realizado por los investigadores Enver Ortiz, Pablo Mart\u00ednez, Frank Suarez, Eduardo El\u00edas, Winy Arias, Kenny Caballero Marchan, C\u00e9sar Luque-Fern\u00e1ndez y Luis Villegas Paredes.<\/span><\/p>\n<p><span style=\"color: #000000;\">Dichos investigadores han descubierto informaci\u00f3n sobre la reproducci\u00f3n del flamenco chileno en tres lagunas altoandinas: Salinas (Arequipa), Yaurihuiri (Ayacucho) y Jun\u00edn o Chinchaycocha (Jun\u00edn); y en dos sitios de la costa: los humedales de Ite (Tacna) y la laguna La Ni\u00f1a (Piura).<\/span><\/p>\n<p><strong><span style=\"color: #000000;\">\u00bfQu\u00e9 se descubri\u00f3?<\/span><\/strong><\/p>\n<p><a href=\"https:\/\/elinformanteperu.com\/wp-content\/uploads\/2025\/07\/flamenco-chileno1.jpg\"><img fetchpriority=\"high\" decoding=\"async\" class=\"size-full wp-image-138744 aligncenter\" src=\"https:\/\/elinformanteperu.com\/wp-content\/uploads\/2025\/07\/flamenco-chileno1.jpg\" alt=\"\" width=\"500\" height=\"344\" srcset=\"https:\/\/elinformanteperu.com\/wp-content\/uploads\/2025\/07\/flamenco-chileno1.jpg 500w, https:\/\/elinformanteperu.com\/wp-content\/uploads\/2025\/07\/flamenco-chileno1-300x206.jpg 300w\" sizes=\"(max-width: 500px) 100vw, 500px\" \/><\/a><span style=\"color: #000000;\">Esta investigaci\u00f3n se\u00f1ala que la regularidad de la reproducci\u00f3n del flamenco chileno en los Andes casi siempre est\u00e1 asociada a la temporada h\u00fameda o de lluvias (verano austral), la que suele ocurrir entre diciembre y marzo de cada a\u00f1o. Y en la costa peruana parece presentar sus particularidades, sobre todo en verano, pero, extendi\u00e9ndose hasta junio en Ite, en la parte sur del pa\u00eds. Mientras que, en el norte, en Piura, ocurre a partir de junio\/julio hasta setiembre.<\/span><\/p>\n<p><span style=\"color: #000000;\">En el caso de las dos \u00e1reas naturales protegidas, en la Reserva Nacional de Salinas y Aguada Blanca se report\u00f3 la presencia de nidos y huevos al suroeste de la laguna Salinas entre los a\u00f1os 1997 y 1998. Dos d\u00e9cadas despu\u00e9s, entre febrero y marzo del 2018, se observaron, por primera vez, comportamientos de cortejo y reproducci\u00f3n en una colonia al norte de la laguna.<\/span><\/p>\n<p><span style=\"color: #000000;\">En junio del 2019, se registr\u00f3 nuevamente un evento reproductivo para la misma zona, en una colonia distribuida entre tres peque\u00f1os islotes, y en la cual se reportaron polluelos y juveniles, as\u00ed como adultos incubando. Asimismo, en agosto del 2024, se report\u00f3 un nuevo evento reproductivo en la laguna Salinas, observ\u00e1ndose polluelos y juveniles acompa\u00f1ados de muchos adultos.<\/span><\/p>\n<p><span style=\"color: #000000;\">Mientras, que, en la Reserva Nacional de Jun\u00edn los primeros registros hist\u00f3ricos sobre reproducci\u00f3n en el lago Jun\u00edn fueron registrados entre 1970 y 1984, Tambi\u00e9n, entre los a\u00f1os de 1975 y 1976, se tuvo reportes de la presencia de polluelos en cr\u00e8che en el sector norte (Paucarcoto), al norte del lago. Asimismo, en los registros obtenidos entre 2005 y 2006, se documentaron eventos reproductivos m\u00e1s detallados en el sector del lado oeste (Ondores) y en el sector del lado este (Carhuamayo), incluyendo observaciones de nidos, huevos y polluelos acompa\u00f1ados de adultos.<\/span><\/p>\n<p><span style=\"color: #000000;\">Entre el 2010 y 2015, se registraron varios eventos reproductivos en el lago Jun\u00edn. Finalmente, en octubre del 2024, durante la implementaci\u00f3n de monitoreos utilizando veh\u00edculo a\u00e9reo no tripulado a una altura de 60 m en el sector oeste del lago, se logr\u00f3 registrar la presencia de polluelos y adultos, as\u00ed como unos 68 nidos, algunos de los cuales a\u00fan se encontraban en etapa de postura.<\/span><\/p>\n<p><strong><span style=\"color: #000000;\">Censo en cuatro pa\u00edses<\/span><\/strong><\/p>\n<p><a href=\"https:\/\/elinformanteperu.com\/wp-content\/uploads\/2025\/07\/flamenco-chileno2.jpg\"><img decoding=\"async\" class=\"size-full wp-image-138745 aligncenter\" src=\"https:\/\/elinformanteperu.com\/wp-content\/uploads\/2025\/07\/flamenco-chileno2.jpg\" alt=\"\" width=\"500\" height=\"375\" srcset=\"https:\/\/elinformanteperu.com\/wp-content\/uploads\/2025\/07\/flamenco-chileno2.jpg 500w, https:\/\/elinformanteperu.com\/wp-content\/uploads\/2025\/07\/flamenco-chileno2-300x225.jpg 300w\" sizes=\"(max-width: 500px) 100vw, 500px\" \/><\/a><span style=\"color: #000000;\">Como parte de las acciones para conservar al flamenco chileno, el Servicio Nacional de \u00c1reas Naturales Protegidas por el Estado (Sernanp), organismo adscrito al Ministerio del Ambiente (Minam), particip\u00f3 del 26 de enero al 5 de febrero en el VII Censo Simult\u00e1neo Internacional de Flamencos y II de Aves Playeras Altoandinas 2025, realizado en Argentina, Bolivia, Chile y Per\u00fa.<\/span><\/p>\n<p><span style=\"color: #000000;\">Este censo involucr\u00f3 a 11 \u00e1reas naturales protegidas: Parque Nacional Huascar\u00e1n, Reserva Nacional de Jun\u00edn, Reserva Nacional de Paracas, Reserva Nacional Illescas, Reserva Nacional de Salinas y Aguada Blanca, Reserva Nacional del Titicaca, Reserva Nacional Pampa Galeras-B\u00e1rbara D&#8217;Achille, Santuario Nacional Los Manglares de Tumbes, Refugio de Vida Silvestre Los Pantanos de Villa, Reserva Paisaj\u00edstica Nor Yauyos-Cochas y el Santuario Nacional Lagunas de Mej\u00eda, lo que contribuy\u00f3 con el fortalecimiento de las acciones que el Sernanp viene realizando para proteger a esta especie.<\/span><\/p>\n<p><strong><span style=\"color: #000000;\">El dato<\/span><\/strong><\/p>\n<p><a href=\"https:\/\/elinformanteperu.com\/wp-content\/uploads\/2025\/07\/flamenco-chileno3.jpg\"><img decoding=\"async\" class=\"size-full wp-image-138746 aligncenter\" src=\"https:\/\/elinformanteperu.com\/wp-content\/uploads\/2025\/07\/flamenco-chileno3.jpg\" alt=\"\" width=\"500\" height=\"337\" srcset=\"https:\/\/elinformanteperu.com\/wp-content\/uploads\/2025\/07\/flamenco-chileno3.jpg 500w, https:\/\/elinformanteperu.com\/wp-content\/uploads\/2025\/07\/flamenco-chileno3-300x202.jpg 300w\" sizes=\"(max-width: 500px) 100vw, 500px\" \/><\/a><span style=\"color: #000000;\">El flamenco chileno es la especie dentro de la familia de los flamencos sudamericanos con un amplio rango de distribuci\u00f3n, desde las costas del Ecuador hasta el sur, a trav\u00e9s de los Andes principalmente del Per\u00fa, Bolivia y Chile, y por las tierras altas y bajas hasta la Patagonia, incluyendo varios sitios en la costa del Pac\u00edfico. En la costa del oc\u00e9ano Atl\u00e1ntico, se distribuye desde el sur de Argentina, por Uruguay y hasta el sur de Brasil.<\/span><\/p>\n<p><span style=\"color: #000000;\">Por ello, ocupa gran diversidad de ecosistemas desde los t\u00edpicos salares altoandinos cerca de los 4500 m s.n.m., as\u00ed como tambi\u00e9n lagunas altoandinas, pune\u00f1as y de tierras bajas, mientras que en la costa se encuentra en marismas intermareales, humedales naturales y artificiales, y hasta en las desembocaduras de r\u00edos.<\/span><\/p>\n","protected":false},"excerpt":{"rendered":"<p>Se trata de la Reserva Nacional de Jun\u00edn y la Reserva Nacional de Salinas y Aguada Blanca (Arequipa) Lima, 02 Julio 2025, (ANDINA).- Un estudio cient\u00edfico resalt\u00f3 que dos \u00e1reas naturales protegidas de Per\u00fa: la Reserva Nacional de Jun\u00edn (Jun\u00edn) y la Reserva Nacional de Salinas y Aguada Blanca (Arequipa), se distinguen como importantes espacios [&hellip;]<\/p>\n","protected":false},"author":1,"featured_media":138743,"comment_status":"closed","ping_status":"closed","sticky":false,"template":"","format":"standard","meta":{"rop_custom_images_group":[],"rop_custom_messages_group":[],"rop_publish_now":"initial","rop_publish_now_accounts":[],"rop_publish_now_history":[],"rop_publish_now_status":"pending","footnotes":""},"categories":[10,5745],"tags":[8402,368,367,103],"class_list":["post-138742","post","type-post","status-publish","format-standard","has-post-thumbnail","hentry","category-actualidad-municipal","category-lo-ultimo","tag-flamenco-chileno","tag-minam","tag-ministerio-del-ambiente","tag-sernanp"],"_links":{"self":[{"href":"https:\/\/elinformanteperu.com\/index.php\/wp-json\/wp\/v2\/posts\/138742","targetHints":{"allow":["GET"]}}],"collection":[{"href":"https:\/\/elinformanteperu.com\/index.php\/wp-json\/wp\/v2\/posts"}],"about":[{"href":"https:\/\/elinformanteperu.com\/index.php\/wp-json\/wp\/v2\/types\/post"}],"author":[{"embeddable":true,"href":"https:\/\/elinformanteperu.com\/index.php\/wp-json\/wp\/v2\/users\/1"}],"replies":[{"embeddable":true,"href":"https:\/\/elinformanteperu.com\/index.php\/wp-json\/wp\/v2\/comments?post=138742"}],"version-history":[{"count":1,"href":"https:\/\/elinformanteperu.com\/index.php\/wp-json\/wp\/v2\/posts\/138742\/revisions"}],"predecessor-version":[{"id":138747,"href":"https:\/\/elinformanteperu.com\/index.php\/wp-json\/wp\/v2\/posts\/138742\/revisions\/138747"}],"wp:featuredmedia":[{"embeddable":true,"href":"https:\/\/elinformanteperu.com\/index.php\/wp-json\/wp\/v2\/media\/138743"}],"wp:attachment":[{"href":"https:\/\/elinformanteperu.com\/index.php\/wp-json\/wp\/v2\/media?parent=138742"}],"wp:term":[{"taxonomy":"category","embeddable":true,"href":"https:\/\/elinformanteperu.com\/index.php\/wp-json\/wp\/v2\/categories?post=138742"},{"taxonomy":"post_tag","embeddable":true,"href":"https:\/\/elinformanteperu.com\/index.php\/wp-json\/wp\/v2\/tags?post=138742"}],"curies":[{"name":"wp","href":"https:\/\/api.w.org\/{rel}","templated":true}]}}