{"id":138734,"date":"2025-07-02T22:45:52","date_gmt":"2025-07-03T03:45:52","guid":{"rendered":"https:\/\/elinformanteperu.com\/?p=138734"},"modified":"2025-07-02T22:45:52","modified_gmt":"2025-07-03T03:45:52","slug":"mtc-aeropuerto-de-jauja-reinicia-vuelos-comerciales-este-viernes-4-de-julio","status":"publish","type":"post","link":"https:\/\/elinformanteperu.com\/index.php\/2025\/07\/02\/mtc-aeropuerto-de-jauja-reinicia-vuelos-comerciales-este-viernes-4-de-julio\/","title":{"rendered":"MTC: aeropuerto de Jauja reinicia vuelos comerciales este viernes 4 de julio"},"content":{"rendered":"<p><span style=\"color: #000000;\"><strong>Lima, 02 Julio 2025, (ANDINA).-<\/strong> El ministro de Transportes y Comunicaciones, C\u00e9sar Sandoval, anunci\u00f3 que este viernes 4 de julio se reanudar\u00e1n los vuelos comerciales en el aeropuerto de Jauja, en Jun\u00edn, tras m\u00e1s de cuatro meses de suspensi\u00f3n por problemas en la pista y cierres constantes por trabajos de mantenimiento.<\/span><\/p>\n<p><span style=\"color: #000000;\">En conferencia de prensa tras el Consejo de Ministros de los mi\u00e9rcoles, Sandoval dijo que esta es una noticia que se ven\u00eda esperando y que beneficiar\u00e1 al turismo y a los ciudadanos de Jauja y Huancayo.<\/span><\/p>\n<p><span style=\"color: #000000;\">Record\u00f3 que el 20 de febrero la aerol\u00ednea LATAM suspendi\u00f3 indefinidamente sus vuelos a Jauja, y el 25 de marzo hizo lo propio Sky, la \u00fanica aerol\u00ednea que manten\u00eda la ruta Lima-Jauja de forma regular.<\/span><\/p>\n<p><span style=\"color: #000000;\">Frente a esta situaci\u00f3n, se\u00f1al\u00f3 que el Ministerio de Trasportes y Comunicaciones (MTC) y Corpac decidieron, el 4 de abril, iniciar trabajos de rehabilitaci\u00f3n y mantenimiento en el aeropuerto, permitiendo que se restablezcan las operaciones.<\/span><\/p>\n<p><span style=\"color: #000000;\">\u201cEs una buena noticia para el pa\u00eds, se incrementan los turistas y se facilita la movilidad de los ciudadanos de Huancayo, Jun\u00edn y Jauja\u201d, destac\u00f3 el ministro.<\/span><\/p>\n<p><span style=\"color: #000000;\">En paralelo, Sandoval inform\u00f3 que el 15 de julio se instalar\u00e1 un puente modular en la Panamericana Norte, en Chancay, tras recibir la autorizaci\u00f3n de demolici\u00f3n del puente colapsado en la zona, agilizando as\u00ed el tr\u00e1nsito en uno de los puntos m\u00e1s cr\u00edticos del norte chico.<\/span><\/p>\n","protected":false},"excerpt":{"rendered":"<p>Lima, 02 Julio 2025, (ANDINA).- El ministro de Transportes y Comunicaciones, C\u00e9sar Sandoval, anunci\u00f3 que este viernes 4 de julio se reanudar\u00e1n los vuelos comerciales en el aeropuerto de Jauja, en Jun\u00edn, tras m\u00e1s de cuatro meses de suspensi\u00f3n por problemas en la pista y cierres constantes por trabajos de mantenimiento. En conferencia de prensa [&hellip;]<\/p>\n","protected":false},"author":1,"featured_media":138735,"comment_status":"closed","ping_status":"closed","sticky":false,"template":"","format":"standard","meta":{"rop_custom_images_group":[],"rop_custom_messages_group":[],"rop_publish_now":"initial","rop_publish_now_accounts":[],"rop_publish_now_history":[],"rop_publish_now_status":"pending","footnotes":""},"categories":[10],"tags":[8401,318,317],"class_list":["post-138734","post","type-post","status-publish","format-standard","has-post-thumbnail","hentry","category-actualidad-municipal","tag-aeropuerto-de-jauja","tag-ministerio-de-transportes-y-comunicaciones","tag-mtc"],"_links":{"self":[{"href":"https:\/\/elinformanteperu.com\/index.php\/wp-json\/wp\/v2\/posts\/138734","targetHints":{"allow":["GET"]}}],"collection":[{"href":"https:\/\/elinformanteperu.com\/index.php\/wp-json\/wp\/v2\/posts"}],"about":[{"href":"https:\/\/elinformanteperu.com\/index.php\/wp-json\/wp\/v2\/types\/post"}],"author":[{"embeddable":true,"href":"https:\/\/elinformanteperu.com\/index.php\/wp-json\/wp\/v2\/users\/1"}],"replies":[{"embeddable":true,"href":"https:\/\/elinformanteperu.com\/index.php\/wp-json\/wp\/v2\/comments?post=138734"}],"version-history":[{"count":1,"href":"https:\/\/elinformanteperu.com\/index.php\/wp-json\/wp\/v2\/posts\/138734\/revisions"}],"predecessor-version":[{"id":138736,"href":"https:\/\/elinformanteperu.com\/index.php\/wp-json\/wp\/v2\/posts\/138734\/revisions\/138736"}],"wp:featuredmedia":[{"embeddable":true,"href":"https:\/\/elinformanteperu.com\/index.php\/wp-json\/wp\/v2\/media\/138735"}],"wp:attachment":[{"href":"https:\/\/elinformanteperu.com\/index.php\/wp-json\/wp\/v2\/media?parent=138734"}],"wp:term":[{"taxonomy":"category","embeddable":true,"href":"https:\/\/elinformanteperu.com\/index.php\/wp-json\/wp\/v2\/categories?post=138734"},{"taxonomy":"post_tag","embeddable":true,"href":"https:\/\/elinformanteperu.com\/index.php\/wp-json\/wp\/v2\/tags?post=138734"}],"curies":[{"name":"wp","href":"https:\/\/api.w.org\/{rel}","templated":true}]}}