{"id":138388,"date":"2025-06-26T20:45:30","date_gmt":"2025-06-27T01:45:30","guid":{"rendered":"https:\/\/elinformanteperu.com\/?p=138388"},"modified":"2025-06-26T20:45:30","modified_gmt":"2025-06-27T01:45:30","slug":"peru-refuerza-su-defensa-contra-los-incendios-forestales","status":"publish","type":"post","link":"https:\/\/elinformanteperu.com\/index.php\/2025\/06\/26\/peru-refuerza-su-defensa-contra-los-incendios-forestales\/","title":{"rendered":"Per\u00fa refuerza su defensa contra los incendios forestales"},"content":{"rendered":"<p><strong><span style=\"color: #000000;\">\u00b7 Conforman brigadas especializadas y desarrollan el primer ejercicio multisectorial con medios a\u00e9reos para prevenir y responder ante incendios forestales en la Amazon\u00eda peruana.<\/span><\/strong><\/p>\n<p><span style=\"color: #000000;\"><strong>Ucayali, 26 junio 2025, (El Informante Per\u00fa).-<\/strong> En un contexto donde los incendios forestales se intensifican y amenazan los ecosistemas amaz\u00f3nicos, el Estado peruano da un paso estrat\u00e9gico hacia la prevenci\u00f3n y respuesta articulada. El Servicio Nacional de \u00c1reas Naturales Protegidas por el Estado (Sernanp), organismo adscrito del Ministerio del Ambiente, en colaboraci\u00f3n con el Programa de las Naciones Unidas para el Desarrollo (PNUD), viene liderando la conformaci\u00f3n de dos nuevas brigadas contra incendios forestales en la regi\u00f3n Ucayali, una de las m\u00e1s afectadas por estos siniestros en el 2024.<\/span><\/p>\n<p><span style=\"color: #000000;\">Esta acci\u00f3n forma parte de la Jornada de Formaci\u00f3n Integral sobre prevenci\u00f3n, articulaci\u00f3n y respuesta ante incendios forestales, que se desarrolla del 16 al 28 de junio, con el objetivo de fortalecer las capacidades del Gobierno Regional de Ucayali y sus entidades de primera respuesta. La jornada incluye entrenamientos t\u00e9cnicos especializados, formaci\u00f3n de brigadas de apoyo y un in\u00e9dito Ejercicio Multisectorial con medios terrestres y a\u00e9reos, programado para este 26 de junio con el respaldo del Grupo A\u00e9reo N.\u00ba 3 y el ALAR4 de la FAP.<\/span><\/p>\n<p><span style=\"color: #000000;\">Estas actividades se llevan a cabo en la Base de la Cuarta Zona Naval de la Marina de Guerra del Per\u00fa, ubicada en la ciudad de Pucallpa.<\/span><\/p>\n<p><strong><span style=\"color: #000000;\">Brigadas entrenadas para actuar con eficacia<\/span><\/strong><\/p>\n<p><a href=\"https:\/\/elinformanteperu.com\/wp-content\/uploads\/2025\/06\/sernanp-incendios-forestales.jpeg\"><img fetchpriority=\"high\" decoding=\"async\" class=\"size-large wp-image-138390 aligncenter\" src=\"https:\/\/elinformanteperu.com\/wp-content\/uploads\/2025\/06\/sernanp-incendios-forestales-1024x653.jpeg\" alt=\"\" width=\"615\" height=\"392\" srcset=\"https:\/\/elinformanteperu.com\/wp-content\/uploads\/2025\/06\/sernanp-incendios-forestales-1024x653.jpeg 1024w, https:\/\/elinformanteperu.com\/wp-content\/uploads\/2025\/06\/sernanp-incendios-forestales-300x191.jpeg 300w, https:\/\/elinformanteperu.com\/wp-content\/uploads\/2025\/06\/sernanp-incendios-forestales-768x490.jpeg 768w, https:\/\/elinformanteperu.com\/wp-content\/uploads\/2025\/06\/sernanp-incendios-forestales.jpeg 1280w\" sizes=\"(max-width: 615px) 100vw, 615px\" \/><\/a><span style=\"color: #000000;\">Como parte de esta estrategia, se han implementado los cursos \u00abS-190: Comportamiento de incendios forestales\u00bb, \u00abL-180: Factores humanos\u00bb y \u00abS-130: Capacitaci\u00f3n de combatiente\u00bb, todos ellos impartidos por instructores del Sernanp, certificados por el Servicio Forestal de Estados Unidos. Han sido entrenados 49 integrantes entre miembros de las Fuerzas Armadas y guardaparques de las \u00e1reas naturales protegidas de la regi\u00f3n, incluyendo los Parques Nacionales Sierra del Divisor, Alto Pur\u00fas, Cordillera Azul y Tingo Mar\u00eda; las Reservas Comunales El Sira y Pur\u00fas y la Zona Reservada Sierra del Divisor.<\/span><\/p>\n<p><span style=\"color: #000000;\">El ejercicio multisectorial del 26 de junio permitir\u00e1, por primera vez, probar la coordinaci\u00f3n simult\u00e1nea de brigadas terrestres y medios a\u00e9reos para enfrentar un escenario simulado de emergencia forestal.<\/span><\/p>\n<p><strong><span style=\"color: #000000;\">Articulaci\u00f3n regional e internacional<\/span><\/strong><\/p>\n<p><span style=\"color: #000000;\">Del 26 al 28 de junio, se conformar\u00e1 tambi\u00e9n la Primera Brigada de Apoyo Regional, integrada por personal del Gobierno Regional de Ucayali (GOREU), Autoridad Regional Ambiental (ARAU), Gerencia Regional Forestal y de Fauna Silvestre (GERFOR), Comisi\u00f3n Nacional para el Desarrollo y Vida sin Drogas DEVIDA y representantes de asociaciones de productores agr\u00edcolas. Esta alianza multisectorial fortalece la capacidad de acci\u00f3n r\u00e1pida y coordinada frente a emergencias.<\/span><\/p>\n<p><span style=\"color: #000000;\">En julio pr\u00f3ximo, adem\u00e1s de replicar los cursos de formaci\u00f3n, personal del PNUD y del Sistema de Parques Nacionales Naturales de Colombia, compartir\u00e1n sus experiencias sobre sistemas de alerta temprana y prevenci\u00f3n comunitaria, como parte del componente internacional de este esfuerzo.<\/span><\/p>\n<p><a href=\"https:\/\/elinformanteperu.com\/wp-content\/uploads\/2025\/06\/sernanp-incendios-forestales1.jpeg\"><img decoding=\"async\" class=\"size-large wp-image-138391 aligncenter\" src=\"https:\/\/elinformanteperu.com\/wp-content\/uploads\/2025\/06\/sernanp-incendios-forestales1-1024x768.jpeg\" alt=\"\" width=\"615\" height=\"461\" srcset=\"https:\/\/elinformanteperu.com\/wp-content\/uploads\/2025\/06\/sernanp-incendios-forestales1-1024x768.jpeg 1024w, https:\/\/elinformanteperu.com\/wp-content\/uploads\/2025\/06\/sernanp-incendios-forestales1-300x225.jpeg 300w, https:\/\/elinformanteperu.com\/wp-content\/uploads\/2025\/06\/sernanp-incendios-forestales1-768x576.jpeg 768w, https:\/\/elinformanteperu.com\/wp-content\/uploads\/2025\/06\/sernanp-incendios-forestales1.jpeg 1280w\" sizes=\"(max-width: 615px) 100vw, 615px\" \/><\/a><strong><span style=\"color: #000000;\">Compromiso con la preparaci\u00f3n y la conservaci\u00f3n<\/span><\/strong><\/p>\n<p><span style=\"color: #000000;\">\u00abFrente al avance de los incendios forestales, no podemos improvisar. La clave est\u00e1 en prevenir, articular y actuar con rapidez y t\u00e9cnica. Desde el Sernanp estamos elevando los est\u00e1ndares de preparaci\u00f3n de nuestras brigadas, con enfoque territorial e interinstitucional\u00bb, se\u00f1al\u00f3 Jos\u00e9 Carlos Nieto, jefe del Sernanp.<\/span><\/p>\n<p><span style=\"color: #000000;\">Esta iniciativa es parte del Proyecto \u00abPaisajes Productivos Sostenibles en la Amazon\u00eda Peruana\u00bb (PPS), una alianza entre el Sernanp y el PNUD que busca no solo conservar los ecosistemas, sino proteger la vida de las comunidades y sus medios de vida frente al fuego.<\/span><\/p>\n","protected":false},"excerpt":{"rendered":"<p>\u00b7 Conforman brigadas especializadas y desarrollan el primer ejercicio multisectorial con medios a\u00e9reos para prevenir y responder ante incendios forestales en la Amazon\u00eda peruana. Ucayali, 26 junio 2025, (El Informante Per\u00fa).- En un contexto donde los incendios forestales se intensifican y amenazan los ecosistemas amaz\u00f3nicos, el Estado peruano da un paso estrat\u00e9gico hacia la prevenci\u00f3n [&hellip;]<\/p>\n","protected":false},"author":1,"featured_media":138389,"comment_status":"closed","ping_status":"closed","sticky":false,"template":"","format":"standard","meta":{"rop_custom_images_group":[],"rop_custom_messages_group":[],"rop_publish_now":"initial","rop_publish_now_accounts":[],"rop_publish_now_history":[],"rop_publish_now_status":"pending","footnotes":""},"categories":[10],"tags":[4260,103],"class_list":["post-138388","post","type-post","status-publish","format-standard","has-post-thumbnail","hentry","category-actualidad-municipal","tag-pnud","tag-sernanp"],"_links":{"self":[{"href":"https:\/\/elinformanteperu.com\/index.php\/wp-json\/wp\/v2\/posts\/138388","targetHints":{"allow":["GET"]}}],"collection":[{"href":"https:\/\/elinformanteperu.com\/index.php\/wp-json\/wp\/v2\/posts"}],"about":[{"href":"https:\/\/elinformanteperu.com\/index.php\/wp-json\/wp\/v2\/types\/post"}],"author":[{"embeddable":true,"href":"https:\/\/elinformanteperu.com\/index.php\/wp-json\/wp\/v2\/users\/1"}],"replies":[{"embeddable":true,"href":"https:\/\/elinformanteperu.com\/index.php\/wp-json\/wp\/v2\/comments?post=138388"}],"version-history":[{"count":1,"href":"https:\/\/elinformanteperu.com\/index.php\/wp-json\/wp\/v2\/posts\/138388\/revisions"}],"predecessor-version":[{"id":138392,"href":"https:\/\/elinformanteperu.com\/index.php\/wp-json\/wp\/v2\/posts\/138388\/revisions\/138392"}],"wp:featuredmedia":[{"embeddable":true,"href":"https:\/\/elinformanteperu.com\/index.php\/wp-json\/wp\/v2\/media\/138389"}],"wp:attachment":[{"href":"https:\/\/elinformanteperu.com\/index.php\/wp-json\/wp\/v2\/media?parent=138388"}],"wp:term":[{"taxonomy":"category","embeddable":true,"href":"https:\/\/elinformanteperu.com\/index.php\/wp-json\/wp\/v2\/categories?post=138388"},{"taxonomy":"post_tag","embeddable":true,"href":"https:\/\/elinformanteperu.com\/index.php\/wp-json\/wp\/v2\/tags?post=138388"}],"curies":[{"name":"wp","href":"https:\/\/api.w.org\/{rel}","templated":true}]}}