{"id":138249,"date":"2025-06-24T19:47:17","date_gmt":"2025-06-25T00:47:17","guid":{"rendered":"https:\/\/elinformanteperu.com\/?p=138249"},"modified":"2025-06-24T19:47:17","modified_gmt":"2025-06-25T00:47:17","slug":"ministra-faride-raful-plantea-en-peru-uso-de-datos-para-enfrentar-el-crimen-regional","status":"publish","type":"post","link":"https:\/\/elinformanteperu.com\/index.php\/2025\/06\/24\/ministra-faride-raful-plantea-en-peru-uso-de-datos-para-enfrentar-el-crimen-regional\/","title":{"rendered":"Ministra Faride Raful plantea en Per\u00fa uso de datos para enfrentar el crimen regional"},"content":{"rendered":"<p><strong><span style=\"color: #000000;\">\u2022 Titular de PCM, Eduardo Arana, expres\u00f3 su inter\u00e9s en adoptar pr\u00e1cticas exitosas, en Rep\u00fablica Dominicana, en uso de tecnolog\u00eda para fortalecer seguridad ciudadana en Per\u00fa.<\/span><\/strong><\/p>\n<p><span style=\"color: #000000;\"><strong>Lima, 24 junio 2025, (El Informante Per\u00fa).-<\/strong> La ministra de Interior y Polic\u00eda de la Rep\u00fablica Dominicana, Faride Raful, particip\u00f3 en el Annual Meeting de El PACCTO 2.0, donde reiter\u00f3 el compromiso del pa\u00eds con la cooperaci\u00f3n internacional para enfrentar el crimen organizado, fortalecer la seguridad ciudadana y promover pol\u00edticas p\u00fablicas sustentada en estad\u00edsticas.<\/span><\/p>\n<p><span style=\"color: #000000;\">Durante el panel \u201cPol\u00edticas p\u00fablicas basadas en datos frente a la infiltraci\u00f3n del crimen organizado\u201d, expuso los avances de la naci\u00f3n en el uso de herramientas tecnol\u00f3gicas, coordinaci\u00f3n interinstitucional e inteligencia para prevenir y enfrentar este flagelo.<\/span><\/p>\n<p><span style=\"color: #000000;\">Hizo referencia a la implementaci\u00f3n de acciones con \u00e9nfasis en el control territorial, la vigilancia portuaria, sistematizaci\u00f3n y estandarizaci\u00f3n de datos, la incorporaci\u00f3n del an\u00e1lisis en la utilizaci\u00f3n de metadatos para la trazabilidad de los delitos.<\/span><\/p>\n<p><span style=\"color: #000000;\">Igual, los avances en materia de seguridad ciudadana, impulsados con acciones articuladas de la instituci\u00f3n que dirige y todas las agencias e instituciones vinculadas con el Sistema Nacional de Seguridad Ciudadana que dirige el Ministerio a su cargo.<\/span><\/p>\n<p><a href=\"https:\/\/elinformanteperu.com\/wp-content\/uploads\/2025\/06\/PCM-ministra-Faride-Raful2.jpg\"><img fetchpriority=\"high\" decoding=\"async\" class=\"size-full wp-image-138251 aligncenter\" src=\"https:\/\/elinformanteperu.com\/wp-content\/uploads\/2025\/06\/PCM-ministra-Faride-Raful2.jpg\" alt=\"\" width=\"900\" height=\"600\" srcset=\"https:\/\/elinformanteperu.com\/wp-content\/uploads\/2025\/06\/PCM-ministra-Faride-Raful2.jpg 900w, https:\/\/elinformanteperu.com\/wp-content\/uploads\/2025\/06\/PCM-ministra-Faride-Raful2-300x200.jpg 300w, https:\/\/elinformanteperu.com\/wp-content\/uploads\/2025\/06\/PCM-ministra-Faride-Raful2-768x512.jpg 768w\" sizes=\"(max-width: 900px) 100vw, 900px\" \/><\/a><span style=\"color: #000000;\">Entre los avances, resalt\u00f3 el proceso de transformaci\u00f3n de la Polic\u00eda Nacional centrados en vigilar y proteger; el aumento de efectivos en los puertos para evitar el trasiego de narc\u00f3ticos la trata de personas y la explotaci\u00f3n infantil; la captaci\u00f3n de datos en tiempo real, alineado con la Agenda Digital 20-30 y el Sistema Integral de Seguridad.<\/span><\/p>\n<p><span style=\"color: #000000;\">\u201cLa colaboraci\u00f3n, en materia de informaci\u00f3n para generar inteligencia dentro de nuestros sistemas, es clave para lograr una efectiva prevenci\u00f3n y persecuci\u00f3n de los delitos y tener pa\u00edses m\u00e1s seguros. Rep\u00fablica Dominicana est\u00e1 comprometida con una estrategia regional que priorice la prevenci\u00f3n, la justicia y la institucionalidad\u201d, afirm\u00f3 Raful.<\/span><\/p>\n<p><strong><span style=\"color: #000000;\">Per\u00fa y Rep\u00fablica Dominicana<\/span><\/strong><\/p>\n<p><a href=\"https:\/\/elinformanteperu.com\/wp-content\/uploads\/2025\/06\/PCM-ministra-Faride-Raful.jpg\"><img decoding=\"async\" class=\"size-large wp-image-138252 aligncenter\" src=\"https:\/\/elinformanteperu.com\/wp-content\/uploads\/2025\/06\/PCM-ministra-Faride-Raful-1024x683.jpg\" alt=\"\" width=\"615\" height=\"410\" srcset=\"https:\/\/elinformanteperu.com\/wp-content\/uploads\/2025\/06\/PCM-ministra-Faride-Raful-1024x683.jpg 1024w, https:\/\/elinformanteperu.com\/wp-content\/uploads\/2025\/06\/PCM-ministra-Faride-Raful-300x200.jpg 300w, https:\/\/elinformanteperu.com\/wp-content\/uploads\/2025\/06\/PCM-ministra-Faride-Raful-768x512.jpg 768w, https:\/\/elinformanteperu.com\/wp-content\/uploads\/2025\/06\/PCM-ministra-Faride-Raful-1536x1024.jpg 1536w, https:\/\/elinformanteperu.com\/wp-content\/uploads\/2025\/06\/PCM-ministra-Faride-Raful.jpg 1620w\" sizes=\"(max-width: 615px) 100vw, 615px\" \/><\/a><span style=\"color: #000000;\">Durante su visita oficial, la ministra Raful sostuvo una reuni\u00f3n bilateral con el presidente del Consejo de Ministros (PCM) del Per\u00fa, Eduardo Arana, con quien intercambi\u00f3 visiones sobre profesionalizaci\u00f3n policial, patrullaje preventivo y reducci\u00f3n de la violencia urbana. El premier peruano expres\u00f3 su inter\u00e9s en adoptar pr\u00e1cticas exitosas en el uso de tecnolog\u00eda y datos para fortalecer la seguridad ciudadana.<\/span><\/p>\n<p><span style=\"color: #000000;\">Adem\u00e1s, la ministra convers\u00f3 con los titulares de los sectores de Justicia, Enrique Alc\u00e1ntara; y del Interior, Carlos Malaver; consolidando una alianza orientada al intercambio de informaci\u00f3n estrat\u00e9gica para la persecuci\u00f3n penal y la gesti\u00f3n eficiente de pol\u00edticas p\u00fablicas.<\/span><\/p>\n<p><strong><span style=\"color: #000000;\">MISPA<\/span><\/strong><\/p>\n<p><span style=\"color: #000000;\">Como parte de su agenda internacional, Raful extendi\u00f3 una invitaci\u00f3n formal a los estados presentes para participar en la 8\u00aa Reuni\u00f3n de Ministros en Materia de Seguridad P\u00fablica de las Am\u00e9ricas (MISPA), en julio y de la que el pa\u00eds ser\u00e1 sede. La cita reunir\u00e1 a autoridades del continente para debatir sobre prevenci\u00f3n del delito, reforma policial, ciberseguridad y combate al crimen transnacional.<\/span><\/p>\n<p><span style=\"color: #000000;\">La participaci\u00f3n de la ministra dominicana en este foro internacional reafirma el rol activo de Rep\u00fablica Dominicana en la promoci\u00f3n de una agenda de seguridad compartida, basada en derechos humanos, persecuci\u00f3n del crimen, incorporaci\u00f3n de la tecnolog\u00eda en la cooperaci\u00f3n t\u00e9cnica y fortalecimiento institucional.<\/span><\/p>\n<p><a href=\"https:\/\/elinformanteperu.com\/wp-content\/uploads\/2025\/06\/PCM-ministra-Faride-Raful3.jpg\"><img decoding=\"async\" class=\"size-large wp-image-138253 aligncenter\" src=\"https:\/\/elinformanteperu.com\/wp-content\/uploads\/2025\/06\/PCM-ministra-Faride-Raful3-1024x683.jpg\" alt=\"\" width=\"615\" height=\"410\" srcset=\"https:\/\/elinformanteperu.com\/wp-content\/uploads\/2025\/06\/PCM-ministra-Faride-Raful3-1024x683.jpg 1024w, https:\/\/elinformanteperu.com\/wp-content\/uploads\/2025\/06\/PCM-ministra-Faride-Raful3-300x200.jpg 300w, https:\/\/elinformanteperu.com\/wp-content\/uploads\/2025\/06\/PCM-ministra-Faride-Raful3-768x512.jpg 768w, https:\/\/elinformanteperu.com\/wp-content\/uploads\/2025\/06\/PCM-ministra-Faride-Raful3-1536x1024.jpg 1536w, https:\/\/elinformanteperu.com\/wp-content\/uploads\/2025\/06\/PCM-ministra-Faride-Raful3.jpg 1620w\" sizes=\"(max-width: 615px) 100vw, 615px\" \/><\/a><\/p>\n","protected":false},"excerpt":{"rendered":"<p>\u2022 Titular de PCM, Eduardo Arana, expres\u00f3 su inter\u00e9s en adoptar pr\u00e1cticas exitosas, en Rep\u00fablica Dominicana, en uso de tecnolog\u00eda para fortalecer seguridad ciudadana en Per\u00fa. Lima, 24 junio 2025, (El Informante Per\u00fa).- La ministra de Interior y Polic\u00eda de la Rep\u00fablica Dominicana, Faride Raful, particip\u00f3 en el Annual Meeting de El PACCTO 2.0, donde [&hellip;]<\/p>\n","protected":false},"author":1,"featured_media":138250,"comment_status":"closed","ping_status":"closed","sticky":false,"template":"","format":"standard","meta":{"rop_custom_images_group":[],"rop_custom_messages_group":[],"rop_publish_now":"initial","rop_publish_now_accounts":[],"rop_publish_now_history":[],"rop_publish_now_status":"pending","footnotes":""},"categories":[5],"tags":[8375,189],"class_list":["post-138249","post","type-post","status-publish","format-standard","has-post-thumbnail","hentry","category-actualidad-informativa","tag-faride-raful","tag-pcm"],"_links":{"self":[{"href":"https:\/\/elinformanteperu.com\/index.php\/wp-json\/wp\/v2\/posts\/138249","targetHints":{"allow":["GET"]}}],"collection":[{"href":"https:\/\/elinformanteperu.com\/index.php\/wp-json\/wp\/v2\/posts"}],"about":[{"href":"https:\/\/elinformanteperu.com\/index.php\/wp-json\/wp\/v2\/types\/post"}],"author":[{"embeddable":true,"href":"https:\/\/elinformanteperu.com\/index.php\/wp-json\/wp\/v2\/users\/1"}],"replies":[{"embeddable":true,"href":"https:\/\/elinformanteperu.com\/index.php\/wp-json\/wp\/v2\/comments?post=138249"}],"version-history":[{"count":1,"href":"https:\/\/elinformanteperu.com\/index.php\/wp-json\/wp\/v2\/posts\/138249\/revisions"}],"predecessor-version":[{"id":138254,"href":"https:\/\/elinformanteperu.com\/index.php\/wp-json\/wp\/v2\/posts\/138249\/revisions\/138254"}],"wp:featuredmedia":[{"embeddable":true,"href":"https:\/\/elinformanteperu.com\/index.php\/wp-json\/wp\/v2\/media\/138250"}],"wp:attachment":[{"href":"https:\/\/elinformanteperu.com\/index.php\/wp-json\/wp\/v2\/media?parent=138249"}],"wp:term":[{"taxonomy":"category","embeddable":true,"href":"https:\/\/elinformanteperu.com\/index.php\/wp-json\/wp\/v2\/categories?post=138249"},{"taxonomy":"post_tag","embeddable":true,"href":"https:\/\/elinformanteperu.com\/index.php\/wp-json\/wp\/v2\/tags?post=138249"}],"curies":[{"name":"wp","href":"https:\/\/api.w.org\/{rel}","templated":true}]}}