{"id":137908,"date":"2025-04-25T00:42:41","date_gmt":"2025-04-25T05:42:41","guid":{"rendered":"https:\/\/elinformanteperu.com\/?p=137908"},"modified":"2025-04-25T00:42:41","modified_gmt":"2025-04-25T05:42:41","slug":"de-vuelta-a-la-u-asi-fue-el-primer-entrenamiento-de-jorge-fossati-con-universitario","status":"publish","type":"post","link":"https:\/\/elinformanteperu.com\/index.php\/2025\/04\/25\/de-vuelta-a-la-u-asi-fue-el-primer-entrenamiento-de-jorge-fossati-con-universitario\/","title":{"rendered":"\u00a1De vuelta a la &#8216;U&#8217;! As\u00ed fue el primer entrenamiento de Jorge Fossati con Universitario"},"content":{"rendered":"<p><strong><span style=\"color: #000000;\">El estratega uruguayo se reencontr\u00f3 con el plantel con el que sali\u00f3 campe\u00f3n nacional en 2023.<\/span><\/strong><\/p>\n<p><span style=\"color: #000000;\"><strong>Lima, 24 abril 2023, (ANDINA).-<\/strong> Jorge Fossati volvi\u00f3 a tomar las riendas de Universitario de Deportes y este jueves dirigi\u00f3 su primer entrenamiento en Campo Mar, con miras a su debut oficial este domingo 27 de abril ante UTC de Cajamarca por la Liga 1. El encuentro se disputar\u00e1 a las 18:00 horas en el Estadio Monumental.<\/span><\/p>\n<p><span style=\"color: #000000;\">El entrenador uruguayo inici\u00f3 su segunda etapa con los cremas tras su paso por la selecci\u00f3n peruana. A su llegada al campo de entrenamiento, el club public\u00f3 im\u00e1genes en redes sociales donde se vio al plantel d\u00e1ndole la bienvenida al estratega, en un ambiente de entusiasmo y familiaridad.<\/span><\/p>\n<p><a href=\"https:\/\/elinformanteperu.com\/wp-content\/uploads\/2025\/04\/fossati1.jpg\"><img fetchpriority=\"high\" decoding=\"async\" class=\"size-large wp-image-137910 aligncenter\" src=\"https:\/\/elinformanteperu.com\/wp-content\/uploads\/2025\/04\/fossati1-1024x683.jpg\" alt=\"\" width=\"615\" height=\"410\" srcset=\"https:\/\/elinformanteperu.com\/wp-content\/uploads\/2025\/04\/fossati1-1024x683.jpg 1024w, https:\/\/elinformanteperu.com\/wp-content\/uploads\/2025\/04\/fossati1-300x200.jpg 300w, https:\/\/elinformanteperu.com\/wp-content\/uploads\/2025\/04\/fossati1-768x512.jpg 768w, https:\/\/elinformanteperu.com\/wp-content\/uploads\/2025\/04\/fossati1-1536x1024.jpg 1536w, https:\/\/elinformanteperu.com\/wp-content\/uploads\/2025\/04\/fossati1.jpg 1800w\" sizes=\"(max-width: 615px) 100vw, 615px\" \/><\/a><span style=\"color: #000000;\">Durante la jornada, varios jugadores clave no trabajaron a la par del grupo. Horacio Calcaterra, Aldo Corzo, Rodrigo Ure\u00f1a y Mart\u00edn P\u00e9rez Guedes realizaron trabajos diferenciados. No obstante, Jos\u00e9 Carabal\u00ed, quien termin\u00f3 sentido tras el triunfo 1-0 ante Barcelona SC por la Copa Libertadores, volvi\u00f3 a entrenar con normalidad.<\/span><\/p>\n<p><span style=\"color: #000000;\">Fossati fue presentado oficialmente el mi\u00e9rcoles en conferencia de prensa, donde comparti\u00f3 su alegr\u00eda por regresar a dirigir a Universitario. \u00abEstamos felices de volver a reencontrarme con un plantel, que en su mayor\u00eda los hemos dirigido y tenemos una excelente relaci\u00f3n\u00bb, expres\u00f3.<\/span><\/p>\n<p><span style=\"color: #000000;\">\u00abEn 2023 dije que me costaba irme de Universitario y que si lo hac\u00eda era solo porque se trataba de la selecci\u00f3n. Estamos felices que nos den este tipo de bienvenida, con dos triunfos\u00bb, agreg\u00f3 el t\u00e9cnico.<\/span><\/p>\n<blockquote class=\"twitter-tweet\">\n<p dir=\"ltr\" lang=\"es\">\ud835\uddd7\ud835\uddd8 \ud835\udde9\u24ca\ud835\uddd8\ud835\udddf\ud835\udde7\ud835\uddd4 \ud835\uddd8\ud835\udde1 \ud835\uddd6\ud835\uddd4\ud835\udde6\ud835\uddd4, \ud835\udde3\ud835\udde5\ud835\udde2\ud835\uddd9\ud835\uddd8 \ud83e\udec2\ud83d\udc9b<a href=\"https:\/\/twitter.com\/hashtag\/LaGarraDel%C3%9AnicoGrande?src=hash&amp;ref_src=twsrc%5Etfw\">#LaGarraDel\u00danicoGrande<\/a> <a href=\"https:\/\/t.co\/PqkhdnyrxO\">pic.twitter.com\/PqkhdnyrxO<\/a><\/p>\n<p>\u2014 Universitario (@Universitario) <a href=\"https:\/\/twitter.com\/Universitario\/status\/1915435591446962447?ref_src=twsrc%5Etfw\">April 24, 2025<\/a><\/p><\/blockquote>\n<p><script async src=\"https:\/\/platform.twitter.com\/widgets.js\" charset=\"utf-8\"><\/script><\/p>\n","protected":false},"excerpt":{"rendered":"<p>El estratega uruguayo se reencontr\u00f3 con el plantel con el que sali\u00f3 campe\u00f3n nacional en 2023. Lima, 24 abril 2023, (ANDINA).- Jorge Fossati volvi\u00f3 a tomar las riendas de Universitario de Deportes y este jueves dirigi\u00f3 su primer entrenamiento en Campo Mar, con miras a su debut oficial este domingo 27 de abril ante UTC [&hellip;]<\/p>\n","protected":false},"author":1,"featured_media":137909,"comment_status":"closed","ping_status":"closed","sticky":false,"template":"","format":"standard","meta":{"rop_custom_images_group":[],"rop_custom_messages_group":[],"rop_publish_now":"initial","rop_publish_now_accounts":[],"rop_publish_now_history":[],"rop_publish_now_status":"pending","footnotes":""},"categories":[8],"tags":[4754,7270,144],"class_list":["post-137908","post","type-post","status-publish","format-standard","has-post-thumbnail","hentry","category-disciplinas-deportivas","tag-jean-ferrari","tag-jorge-fossati","tag-universitario-de-deportes"],"_links":{"self":[{"href":"https:\/\/elinformanteperu.com\/index.php\/wp-json\/wp\/v2\/posts\/137908","targetHints":{"allow":["GET"]}}],"collection":[{"href":"https:\/\/elinformanteperu.com\/index.php\/wp-json\/wp\/v2\/posts"}],"about":[{"href":"https:\/\/elinformanteperu.com\/index.php\/wp-json\/wp\/v2\/types\/post"}],"author":[{"embeddable":true,"href":"https:\/\/elinformanteperu.com\/index.php\/wp-json\/wp\/v2\/users\/1"}],"replies":[{"embeddable":true,"href":"https:\/\/elinformanteperu.com\/index.php\/wp-json\/wp\/v2\/comments?post=137908"}],"version-history":[{"count":1,"href":"https:\/\/elinformanteperu.com\/index.php\/wp-json\/wp\/v2\/posts\/137908\/revisions"}],"predecessor-version":[{"id":137911,"href":"https:\/\/elinformanteperu.com\/index.php\/wp-json\/wp\/v2\/posts\/137908\/revisions\/137911"}],"wp:featuredmedia":[{"embeddable":true,"href":"https:\/\/elinformanteperu.com\/index.php\/wp-json\/wp\/v2\/media\/137909"}],"wp:attachment":[{"href":"https:\/\/elinformanteperu.com\/index.php\/wp-json\/wp\/v2\/media?parent=137908"}],"wp:term":[{"taxonomy":"category","embeddable":true,"href":"https:\/\/elinformanteperu.com\/index.php\/wp-json\/wp\/v2\/categories?post=137908"},{"taxonomy":"post_tag","embeddable":true,"href":"https:\/\/elinformanteperu.com\/index.php\/wp-json\/wp\/v2\/tags?post=137908"}],"curies":[{"name":"wp","href":"https:\/\/api.w.org\/{rel}","templated":true}]}}