{"id":137855,"date":"2025-04-23T01:32:08","date_gmt":"2025-04-23T06:32:08","guid":{"rendered":"https:\/\/elinformanteperu.com\/?p=137855"},"modified":"2025-04-23T01:32:08","modified_gmt":"2025-04-23T06:32:08","slug":"que-lesion-sufrio-elis-bento-y-por-que-sera-baja-en-universitario-de-deportes","status":"publish","type":"post","link":"https:\/\/elinformanteperu.com\/index.php\/2025\/04\/23\/que-lesion-sufrio-elis-bento-y-por-que-sera-baja-en-universitario-de-deportes\/","title":{"rendered":"\u00bfQu\u00e9 lesi\u00f3n sufri\u00f3 Elis Bento y por qu\u00e9 ser\u00e1 baja en Universitario de Deportes?"},"content":{"rendered":"<p><strong><span style=\"color: #000000;\">El club inform\u00f3 sobre la gravedad de su lesi\u00f3n, que la dejar\u00e1 fuera del campeonato.<\/span><\/strong><\/p>\n<p><span style=\"color: #000000;\"><strong>Lima, 23 abril 2023, (ANDINA).-<\/strong> Elis Bento, voleibolista de Universitario de Deportes, sufri\u00f3 una lesi\u00f3n en la rodilla derecha durante el partido contra Rebaza Acosta, por los cuartos de final de la Liga Peruana de V\u00f3ley 2024-25. La lesi\u00f3n gener\u00f3 gran preocupaci\u00f3n entre los hinchas cremas por la salud de la jugadora brasile\u00f1a.<\/span><\/p>\n<p><span style=\"color: #000000;\">Elis fue retirada del campo por el cuerpo m\u00e9dico, siendo trasladada en silla de ruedas, entre l\u00e1grimas, fuera del Polideportivo de Villa El Salvador. Tras el incidente, la voleibolista fue llevada a un cl\u00ednica donde se le realizaron los ex\u00e1menes correspondientes para determinar el alcance de su lesi\u00f3n.<\/span><\/p>\n<p><span style=\"color: #000000;\">El Club Universitario de Deportes, a trav\u00e9s de un comunicado oficial, inform\u00f3 que Bento sufri\u00f3 un desgarro meniscal en la rodilla derecha, lo que la dejar\u00e1 fuera del resto de la temporada. Esto implica que la jugadora no podr\u00e1 participar en las semifinales contra Regatas Lima, lo que representa un dura baja para el equipo crema en un momento crucial de la competencia.<\/span><\/p>\n<p><span style=\"color: #000000;\">\u201cTras la lesi\u00f3n sufrida por nuestra jugadora Elis Bento en el encuentro de vuelta frente a Rebaza Acosta se ha confirmado que padece un desgarro meniscal en la rodilla derecha. En los pr\u00f3ximos d\u00edas se le realizar\u00e1n ex\u00e1menes complementarios que permitir\u00e1n evaluar el grado de la lesi\u00f3n. Nuestra jugadora cuenta con el soporte integral del club y el acompa\u00f1amiento permanente de los m\u00e9dicos de la instituci\u00f3n\u201d, se\u00f1al\u00f3 el comunicado.<\/span><\/p>\n<blockquote class=\"twitter-tweet\">\n<p dir=\"ltr\" lang=\"es\">\ud83e\ude7a\ud83d\udccb \ud835\udde3\ud835\uddee\ud835\uddff\ud835\ude01\ud835\uddf2 \ud835\udde0\ud835\uddf2\u0301\ud835\uddf1\ud835\uddf6\ud835\uddf0\ud835\uddfc<\/p>\n<p>\u270d\ufe0f <a href=\"https:\/\/t.co\/gfxgi2V7K8\">https:\/\/t.co\/gfxgi2V7K8<\/a> <a href=\"https:\/\/t.co\/0GDuPGDLMF\">pic.twitter.com\/0GDuPGDLMF<\/a><\/p>\n<p>\u2014 Universitario V\u00f3ley (@VoleyU1924) <a href=\"https:\/\/twitter.com\/VoleyU1924\/status\/1914507733283361131?ref_src=twsrc%5Etfw\">April 22, 2025<\/a><\/p><\/blockquote>\n<p><script async src=\"https:\/\/platform.twitter.com\/widgets.js\" charset=\"utf-8\"><\/script><\/p>\n<p><strong><span style=\"color: #000000;\">Elis Bento se despide con un mensaje emotivo<\/span><\/strong><\/p>\n<p><span style=\"color: #000000;\">Despu\u00e9s de conocer el diagn\u00f3stico, Elis Bento se pronunci\u00f3 a trav\u00e9s de sus redes sociales, compartiendo con sus seguidores la tristeza por no poder seguir en la competencia en esta etapa decisiva. La jugadora, aunque afectada por la situaci\u00f3n, se mostr\u00f3 esperanzada en su recuperaci\u00f3n.<\/span><\/p>\n<p><span style=\"color: #000000;\">\u201cCon el coraz\u00f3n roto vengo a informarles a todos que mi lesi\u00f3n fue en el menisco y es quir\u00fargica. As\u00ed que no continuar\u00e9 en esta etapa tan importante de nuestro equipo. He llorado mucho, sobre todo porque s\u00f3lo he tenido una lesi\u00f3n casi igual en toda mi carrera deportiva, pero no encuentro respuesta, as\u00ed es la vida de un deportista\u00bb.<\/span><\/p>\n<p><span style=\"color: #000000;\">\u00abDe los dos males, el menor, y conociendo la canguri\u00f1a que soy, s\u00e9 que tendr\u00e9 una gran y pronta recuperaci\u00f3n. La realidad es que quer\u00eda llegar a esta etapa m\u00e1s que nunca, di lo mejor de m\u00ed junto con todos en este equipo\u201d, expres\u00f3.<\/span><\/p>\n<p><span style=\"color: #000000;\">La jugadora agradeci\u00f3 el apoyo recibido por los hinchas y seguidores del v\u00f3ley en todo Per\u00fa: \u00abHe recibido mensajes de todo el Per\u00fa, de personas de distintas hinchadas, y eso me reconforta. Este reconocimiento a mi trabajo y a mi persona ha trascendido los l\u00edmites de las canchas, y como mi intenci\u00f3n es siempre dejar lo mejor de m\u00ed a donde quiera que vaya, veo que funcion\u00f3\u00bb.<\/span><\/p>\n<p><a href=\"https:\/\/elinformanteperu.com\/wp-content\/uploads\/2025\/04\/Elis-Bento-U-Voley1.jpg\"><img fetchpriority=\"high\" decoding=\"async\" class=\"size-full wp-image-137857 aligncenter\" src=\"https:\/\/elinformanteperu.com\/wp-content\/uploads\/2025\/04\/Elis-Bento-U-Voley1.jpg\" alt=\"\" width=\"758\" height=\"516\" srcset=\"https:\/\/elinformanteperu.com\/wp-content\/uploads\/2025\/04\/Elis-Bento-U-Voley1.jpg 758w, https:\/\/elinformanteperu.com\/wp-content\/uploads\/2025\/04\/Elis-Bento-U-Voley1-300x204.jpg 300w\" sizes=\"(max-width: 758px) 100vw, 758px\" \/><\/a><\/p>\n","protected":false},"excerpt":{"rendered":"<p>El club inform\u00f3 sobre la gravedad de su lesi\u00f3n, que la dejar\u00e1 fuera del campeonato. Lima, 23 abril 2023, (ANDINA).- Elis Bento, voleibolista de Universitario de Deportes, sufri\u00f3 una lesi\u00f3n en la rodilla derecha durante el partido contra Rebaza Acosta, por los cuartos de final de la Liga Peruana de V\u00f3ley 2024-25. La lesi\u00f3n gener\u00f3 [&hellip;]<\/p>\n","protected":false},"author":1,"featured_media":137856,"comment_status":"closed","ping_status":"closed","sticky":false,"template":"","format":"standard","meta":{"rop_custom_images_group":[],"rop_custom_messages_group":[],"rop_publish_now":"initial","rop_publish_now_accounts":[],"rop_publish_now_history":[],"rop_publish_now_status":"pending","footnotes":""},"categories":[8],"tags":[8361,7436,8280],"class_list":["post-137855","post","type-post","status-publish","format-standard","has-post-thumbnail","hentry","category-disciplinas-deportivas","tag-elis-bento","tag-universitario-voley","tag-voley-2025"],"_links":{"self":[{"href":"https:\/\/elinformanteperu.com\/index.php\/wp-json\/wp\/v2\/posts\/137855","targetHints":{"allow":["GET"]}}],"collection":[{"href":"https:\/\/elinformanteperu.com\/index.php\/wp-json\/wp\/v2\/posts"}],"about":[{"href":"https:\/\/elinformanteperu.com\/index.php\/wp-json\/wp\/v2\/types\/post"}],"author":[{"embeddable":true,"href":"https:\/\/elinformanteperu.com\/index.php\/wp-json\/wp\/v2\/users\/1"}],"replies":[{"embeddable":true,"href":"https:\/\/elinformanteperu.com\/index.php\/wp-json\/wp\/v2\/comments?post=137855"}],"version-history":[{"count":1,"href":"https:\/\/elinformanteperu.com\/index.php\/wp-json\/wp\/v2\/posts\/137855\/revisions"}],"predecessor-version":[{"id":137858,"href":"https:\/\/elinformanteperu.com\/index.php\/wp-json\/wp\/v2\/posts\/137855\/revisions\/137858"}],"wp:featuredmedia":[{"embeddable":true,"href":"https:\/\/elinformanteperu.com\/index.php\/wp-json\/wp\/v2\/media\/137856"}],"wp:attachment":[{"href":"https:\/\/elinformanteperu.com\/index.php\/wp-json\/wp\/v2\/media?parent=137855"}],"wp:term":[{"taxonomy":"category","embeddable":true,"href":"https:\/\/elinformanteperu.com\/index.php\/wp-json\/wp\/v2\/categories?post=137855"},{"taxonomy":"post_tag","embeddable":true,"href":"https:\/\/elinformanteperu.com\/index.php\/wp-json\/wp\/v2\/tags?post=137855"}],"curies":[{"name":"wp","href":"https:\/\/api.w.org\/{rel}","templated":true}]}}