{"id":137440,"date":"2025-03-30T09:22:45","date_gmt":"2025-03-30T14:22:45","guid":{"rendered":"https:\/\/elinformanteperu.com\/?p=137440"},"modified":"2025-03-30T09:22:45","modified_gmt":"2025-03-30T14:22:45","slug":"fin-de-un-ciclo-brasil-despide-a-dorival-junior-tras-historica-goleada-ante-argentina","status":"publish","type":"post","link":"https:\/\/elinformanteperu.com\/index.php\/2025\/03\/30\/fin-de-un-ciclo-brasil-despide-a-dorival-junior-tras-historica-goleada-ante-argentina\/","title":{"rendered":"Fin de un ciclo: Brasil despide a Dorival J\u00fanior tras hist\u00f3rica goleada ante Argentina"},"content":{"rendered":"<p><strong><span style=\"color: #000000;\">La \u00b4Verdeamarela\u00b4 apart\u00f3 de su cargo al entrenador luego del traspi\u00e9 en el cl\u00e1sico.<\/span><\/strong><\/p>\n<p><span style=\"color: #000000;\"><strong>R\u00edo de Janeiro, 29 de marzo 2023, (ANDINA).-<\/strong> Dorival J\u00fanior ha sido destituido como entrenador de Brasil por la Confederaci\u00f3n Brasile\u00f1a de F\u00fatbol (CBF), despu\u00e9s de la contundente goleada por 4-1 ante Argentina en el Estadio Monumental de Buenos Aires, en el marco de las Eliminatorias para el Mundial de 2026.<\/span><\/p>\n<p><span style=\"color: #000000;\">\u00abNos reunimos y la CBF, en este momento, anuncia que finaliz\u00f3 el ciclo de Dorival J\u00fanior\u00bb, declar\u00f3 el presidente de la CBF, Ednaldo Rodrigues, en un breve comunicado ante los medios. La goleada sufrida ante la Albiceleste fue el detonante final en un per\u00edodo ya cuestionado por los seguidores y analistas del f\u00fatbol brasile\u00f1o.<\/span><\/p>\n<p><span style=\"color: #000000;\">El t\u00e9cnico de 62 a\u00f1os, quien estuvo al mando de la \u00b4Canarinha\u00b4 desde enero de 2024, logr\u00f3 siete victorias, siete empates y dos derrotas en 15 meses de gesti\u00f3n. Durante su mandato, el equipo anot\u00f3 25 goles y recibi\u00f3 17, mostrando fragilidad defensiva.<\/span><\/p>\n<p><strong><span style=\"color: #000000;\">Rendimiento irregular y decepcionante<\/span><\/strong><\/p>\n<p><span style=\"color: #000000;\">A pesar de un inicio prometedor con una victoria ante Inglaterra y un empate con Espa\u00f1a en amistosos, el desempe\u00f1o de Brasil en la Copa Am\u00e9rica del a\u00f1o pasado gener\u00f3 dudas, tras su eliminaci\u00f3n en cuartos de final contra Uruguay en tanda de penaltis.<\/span><\/p>\n<p><span style=\"color: #000000;\">En las eliminatorias sudamericanas, la selecci\u00f3n brasile\u00f1a tampoco mostr\u00f3 su mejor versi\u00f3n. Bajo la direcci\u00f3n de Dorival, el equipo logr\u00f3 cuatro victorias, dos empates y dos derrotas en seis encuentros, con un balance de 20 goles a favor y 16 en contra. Actualmente, Brasil ocupa el cuarto puesto con 21 puntos, a diez unidades de Argentina, que ya asegur\u00f3 su clasificaci\u00f3n al Mundial.<\/span><\/p>\n<p><span style=\"color: #000000;\">La derrota ante Argentina en Buenos Aires marc\u00f3 un triste hito en la historia de la selecci\u00f3n brasile\u00f1a, convirti\u00e9ndose en su peor resultado en eliminatorias mundialistas y la peor ca\u00edda en un cl\u00e1sico sudamericano desde 1964. Ante este panorama, la CBF ya trabaja en la b\u00fasqueda de un nuevo entrenador para liderar el camino hacia la Copa del Mundo de 2026.<\/span><\/p>\n<blockquote class=\"twitter-tweet\">\n<p dir=\"ltr\" lang=\"pt\">NOTA OFICIAL \ud83c\udde7\ud83c\uddf7<\/p>\n<p>A Confedera\u00e7\u00e3o Brasileira de Futebol informa que o t\u00e9cnico Dorival J\u00fanior n\u00e3o comanda mais a Sele\u00e7\u00e3o Brasileira. A dire\u00e7\u00e3o agradece ao profissional e deseja sucesso na continuidade de sua carreira. A partir de agora, a CBF vai trabalhar em busca do substituto.\u2026 <a href=\"https:\/\/t.co\/CVbTAOaYPQ\">pic.twitter.com\/CVbTAOaYPQ<\/a><\/p>\n<p>\u2014 CBF Futebol (@CBF_Futebol) <a href=\"https:\/\/twitter.com\/CBF_Futebol\/status\/1905726902763135268?ref_src=twsrc%5Etfw\">March 28, 2025<\/a><\/p><\/blockquote>\n<p><script async src=\"https:\/\/platform.twitter.com\/widgets.js\" charset=\"utf-8\"><\/script><\/p>\n","protected":false},"excerpt":{"rendered":"<p>La \u00b4Verdeamarela\u00b4 apart\u00f3 de su cargo al entrenador luego del traspi\u00e9 en el cl\u00e1sico. R\u00edo de Janeiro, 29 de marzo 2023, (ANDINA).- Dorival J\u00fanior ha sido destituido como entrenador de Brasil por la Confederaci\u00f3n Brasile\u00f1a de F\u00fatbol (CBF), despu\u00e9s de la contundente goleada por 4-1 ante Argentina en el Estadio Monumental de Buenos Aires, en [&hellip;]<\/p>\n","protected":false},"author":1,"featured_media":137441,"comment_status":"closed","ping_status":"closed","sticky":false,"template":"","format":"standard","meta":{"rop_custom_images_group":[],"rop_custom_messages_group":[],"rop_publish_now":"initial","rop_publish_now_accounts":[],"rop_publish_now_history":[],"rop_publish_now_status":"pending","footnotes":""},"categories":[8],"tags":[6658,8334,7282],"class_list":["post-137440","post","type-post","status-publish","format-standard","has-post-thumbnail","hentry","category-disciplinas-deportivas","tag-brasil-argentina","tag-dorival-junior","tag-eliminatorias-2026"],"_links":{"self":[{"href":"https:\/\/elinformanteperu.com\/index.php\/wp-json\/wp\/v2\/posts\/137440","targetHints":{"allow":["GET"]}}],"collection":[{"href":"https:\/\/elinformanteperu.com\/index.php\/wp-json\/wp\/v2\/posts"}],"about":[{"href":"https:\/\/elinformanteperu.com\/index.php\/wp-json\/wp\/v2\/types\/post"}],"author":[{"embeddable":true,"href":"https:\/\/elinformanteperu.com\/index.php\/wp-json\/wp\/v2\/users\/1"}],"replies":[{"embeddable":true,"href":"https:\/\/elinformanteperu.com\/index.php\/wp-json\/wp\/v2\/comments?post=137440"}],"version-history":[{"count":1,"href":"https:\/\/elinformanteperu.com\/index.php\/wp-json\/wp\/v2\/posts\/137440\/revisions"}],"predecessor-version":[{"id":137442,"href":"https:\/\/elinformanteperu.com\/index.php\/wp-json\/wp\/v2\/posts\/137440\/revisions\/137442"}],"wp:featuredmedia":[{"embeddable":true,"href":"https:\/\/elinformanteperu.com\/index.php\/wp-json\/wp\/v2\/media\/137441"}],"wp:attachment":[{"href":"https:\/\/elinformanteperu.com\/index.php\/wp-json\/wp\/v2\/media?parent=137440"}],"wp:term":[{"taxonomy":"category","embeddable":true,"href":"https:\/\/elinformanteperu.com\/index.php\/wp-json\/wp\/v2\/categories?post=137440"},{"taxonomy":"post_tag","embeddable":true,"href":"https:\/\/elinformanteperu.com\/index.php\/wp-json\/wp\/v2\/tags?post=137440"}],"curies":[{"name":"wp","href":"https:\/\/api.w.org\/{rel}","templated":true}]}}