{"id":137302,"date":"2025-03-27T01:20:14","date_gmt":"2025-03-27T06:20:14","guid":{"rendered":"https:\/\/elinformanteperu.com\/?p=137302"},"modified":"2025-03-27T01:20:14","modified_gmt":"2025-03-27T06:20:14","slug":"huaraz-da-a-conocer-actividades-para-conmemorar-semana-santa","status":"publish","type":"post","link":"https:\/\/elinformanteperu.com\/index.php\/2025\/03\/27\/huaraz-da-a-conocer-actividades-para-conmemorar-semana-santa\/","title":{"rendered":"Huaraz da a conocer actividades para conmemorar Semana Santa"},"content":{"rendered":"<p><strong><span style=\"color: #000000;\">Alcalde espera llegada de entre 5 mil y 8 mil visitantes en esas fechas<\/span><\/strong><\/p>\n<p><span style=\"color: #000000;\"><strong>Lima, 26 de marzo 2023, (ANDINA).-<\/strong> La provincia ancashina de Huaraz prepara la conmemoraci\u00f3n de la Semana Santa, programando actividades que se extender\u00e1n desde el 12 hasta el 20 de abril, signadas ellas por las manifestaciones de fe propias de dicha efem\u00e9ride.<\/span><\/p>\n<p><span style=\"color: #000000;\">Los detalles de estas acciones fueron dados a conocer en una presentaci\u00f3n desarrollada en Lima. La sede del Municipio Metropolitano de la capital fue escenario de este despliegue, que cont\u00f3 con la participaci\u00f3n de autoridades huaracinas y de otras localidades del departamento de \u00c1ncash.<\/span><\/p>\n<p><a href=\"https:\/\/elinformanteperu.com\/wp-content\/uploads\/2025\/03\/huaraz-semana-santa2.jpg\"><img fetchpriority=\"high\" decoding=\"async\" class=\"size-full wp-image-137309 aligncenter\" src=\"https:\/\/elinformanteperu.com\/wp-content\/uploads\/2025\/03\/huaraz-semana-santa2.jpg\" alt=\"\" width=\"500\" height=\"333\" srcset=\"https:\/\/elinformanteperu.com\/wp-content\/uploads\/2025\/03\/huaraz-semana-santa2.jpg 500w, https:\/\/elinformanteperu.com\/wp-content\/uploads\/2025\/03\/huaraz-semana-santa2-300x200.jpg 300w\" sizes=\"(max-width: 500px) 100vw, 500px\" \/><\/a><span style=\"color: #000000;\">En esa primera fecha, desde las instalaciones de las parroquias del Se\u00f1or de la Soledad y de Nuestra Se\u00f1ora de Bel\u00e9n, se trasladar\u00e1 la imagen del Se\u00f1or de Ramos hasta las parroquias de San Antonio de Padua y del Esp\u00edritu Santo, respectivamente.<\/span><\/p>\n<p><strong><span style=\"color: #000000;\">Domingo de Ramos<\/span><\/strong><\/p>\n<p><span style=\"color: #000000;\">Al d\u00eda siguiente, 13 de abril, Domingo de Ramos, se efectuar\u00e1n las dos tradicionales procesiones del Se\u00f1or de Ramos.<\/span><\/p>\n<p><span style=\"color: #000000;\">Los actos conmemorativos continuar\u00e1n a lo largo de los siguientes tres d\u00edas. El lunes se efectuar\u00e1 otra procesi\u00f3n, que se iniciar\u00e1 en la parroquia de San Antonio de Padua.<\/span><\/p>\n<p><a href=\"https:\/\/elinformanteperu.com\/wp-content\/uploads\/2025\/03\/huaraz-semana-santa1.jpg\"><img decoding=\"async\" class=\"size-full wp-image-137304 aligncenter\" src=\"https:\/\/elinformanteperu.com\/wp-content\/uploads\/2025\/03\/huaraz-semana-santa1.jpg\" alt=\"\" width=\"500\" height=\"337\" srcset=\"https:\/\/elinformanteperu.com\/wp-content\/uploads\/2025\/03\/huaraz-semana-santa1.jpg 500w, https:\/\/elinformanteperu.com\/wp-content\/uploads\/2025\/03\/huaraz-semana-santa1-300x202.jpg 300w\" sizes=\"(max-width: 500px) 100vw, 500px\" \/><\/a><\/p>\n<p><span style=\"color: #000000;\">Al d\u00eda siguiente, se realizar\u00e1 en la Parroquia de Nuestra Se\u00f1ora de Bel\u00e9n un v\u00eda crucis parroquial, mientras que el mi\u00e9rcoles, se efectuar\u00e1 el v\u00eda crucis, con el recorrido de las llamadas estaciones, en las que se recuerdan episodios del trayecto de Jesucristo hacia el monte G\u00f3lgota, donde fue crucificado.<\/span><\/p>\n<p><span style=\"color: #000000;\">\u201cNuestra Semana Santa es \u00fanica, con diferentes tradiciones y actividades\u201d, manifest\u00f3 el alcalde provincia de Huaraz, David Rosales Tineo. \u201cA diferencia de lo que se hace en otros lugares, est\u00e1 relacionada a expresar la fe, la magnificencia y la devoci\u00f3n que le tenemos a Jesucristo\u00bb, recalc\u00f3.<\/span><\/p>\n<p><a href=\"https:\/\/elinformanteperu.com\/wp-content\/uploads\/2025\/03\/huaraz-semana-santa3.jpg\"><img decoding=\"async\" class=\"size-full wp-image-137305 aligncenter\" src=\"https:\/\/elinformanteperu.com\/wp-content\/uploads\/2025\/03\/huaraz-semana-santa3.jpg\" alt=\"\" width=\"500\" height=\"333\" srcset=\"https:\/\/elinformanteperu.com\/wp-content\/uploads\/2025\/03\/huaraz-semana-santa3.jpg 500w, https:\/\/elinformanteperu.com\/wp-content\/uploads\/2025\/03\/huaraz-semana-santa3-300x200.jpg 300w\" sizes=\"(max-width: 500px) 100vw, 500px\" \/><\/a><span style=\"color: #000000;\">La autoridad municipal se\u00f1al\u00f3 que el detalle de estas actividades est\u00e1 a cargo de la Sociedad de Auxilio Mutuo del Se\u00f1or de la Soledad, en conjunto con cuatro parroquias del lugar.<\/span><\/p>\n<p><span style=\"color: #000000;\">Con respecto al n\u00famero de visitantes que espera recibir Huaraz en esta festividad, se\u00f1al\u00f3 que podr\u00eda oscilar entre 5 y 8 mil personas. Refiri\u00f3 que en a\u00f1os anteriores este ha bordeado los 20 mil visitantes, pero las dificultades en el acceso por v\u00eda terrestre a la ciudad han disminuido la afluencia tur\u00edstica.<\/span><\/p>\n<p><span style=\"color: #000000;\">En tal sentido, hizo una invocaci\u00f3n para que el Ministerio de Transportes y Comunicaciones, a trav\u00e9s de Prov\u00edas Nacional, culmine la rehabilitaci\u00f3n de la carretera Conococha \u2013 Huaraz.<\/span><\/p>\n<p><a href=\"https:\/\/elinformanteperu.com\/wp-content\/uploads\/2025\/03\/huaraz-semana-santa4.jpg\"><img loading=\"lazy\" decoding=\"async\" class=\"size-full wp-image-137306 aligncenter\" src=\"https:\/\/elinformanteperu.com\/wp-content\/uploads\/2025\/03\/huaraz-semana-santa4.jpg\" alt=\"\" width=\"500\" height=\"333\" srcset=\"https:\/\/elinformanteperu.com\/wp-content\/uploads\/2025\/03\/huaraz-semana-santa4.jpg 500w, https:\/\/elinformanteperu.com\/wp-content\/uploads\/2025\/03\/huaraz-semana-santa4-300x200.jpg 300w\" sizes=\"(max-width: 500px) 100vw, 500px\" \/><\/a><strong><span style=\"color: #000000;\">Jueves y Viernes Santo<\/span><\/strong><\/p>\n<p><span style=\"color: #000000;\">Para el Jueves Santo se ha programado la ceremonia del lavado de pies por parte de sacerdotes de Huaraz, a semejanza de lo que Cristo hizo con sus ap\u00f3stoles, en gesto de humildad.<\/span><\/p>\n<p><span style=\"color: #000000;\">Ese d\u00eda tambi\u00e9n se realizar\u00e1, en horas de la noche, escenificaciones de la \u00faltima cena, la oraci\u00f3n en el huerto de Getseman\u00ed y la traici\u00f3n de Judas Iscariote; es decir, de lo ocurrido previamente a la entrega de Jesucristo a quienes lo condenaron a ser crucificado.<\/span><\/p>\n<p><span style=\"color: #000000;\">El Viernes Santo es el d\u00eda central de la Semana Santa y tiene como acto principal la procesi\u00f3n de la Imagen de Jes\u00fas Nazareno, la cual se inicia desde horas de la ma\u00f1ana. En esta fecha tambi\u00e9n se escenifica la sentencia a Jes\u00fas por parte de las autoridades romanas y se realiza el tradicional Serm\u00f3n de las Tres Horas.<\/span><\/p>\n<p><a href=\"https:\/\/elinformanteperu.com\/wp-content\/uploads\/2025\/03\/huaraz-semana-santa5.jpg\"><img loading=\"lazy\" decoding=\"async\" class=\"size-full wp-image-137307 aligncenter\" src=\"https:\/\/elinformanteperu.com\/wp-content\/uploads\/2025\/03\/huaraz-semana-santa5.jpg\" alt=\"\" width=\"500\" height=\"333\" srcset=\"https:\/\/elinformanteperu.com\/wp-content\/uploads\/2025\/03\/huaraz-semana-santa5.jpg 500w, https:\/\/elinformanteperu.com\/wp-content\/uploads\/2025\/03\/huaraz-semana-santa5-300x200.jpg 300w\" sizes=\"(max-width: 500px) 100vw, 500px\" \/><\/a><span style=\"color: #000000;\">En la noche se representa la desclavaci\u00f3n de la cruz y se efect\u00faa la procesi\u00f3n del Santo Sepulcro.<\/span><\/p>\n<p><span style=\"color: #000000;\">El S\u00e1bado de Gloria contempla la realizaci\u00f3n de una vigilia pascual y de una fogata, desde las seis de la tarde, representando la custodia al cuerpo de Jesucristo, tras su pasi\u00f3n y muerte.<\/span><\/p>\n<p><span style=\"color: #000000;\">En cuanto al Domingo de Pascua, se prev\u00e9 efectuar la procesi\u00f3n del Se\u00f1or de la Resurrecci\u00f3n y de la Virgen Dolorosa, adem\u00e1s de una ceremonia eucar\u00edstica en la plaza de armas de Huaraz.<\/span><\/p>\n<p><a href=\"https:\/\/elinformanteperu.com\/wp-content\/uploads\/2025\/03\/huaraz-semana-santa6.jpg\"><img loading=\"lazy\" decoding=\"async\" class=\"size-full wp-image-137308 aligncenter\" src=\"https:\/\/elinformanteperu.com\/wp-content\/uploads\/2025\/03\/huaraz-semana-santa6.jpg\" alt=\"\" width=\"500\" height=\"333\" srcset=\"https:\/\/elinformanteperu.com\/wp-content\/uploads\/2025\/03\/huaraz-semana-santa6.jpg 500w, https:\/\/elinformanteperu.com\/wp-content\/uploads\/2025\/03\/huaraz-semana-santa6-300x200.jpg 300w\" sizes=\"(max-width: 500px) 100vw, 500px\" \/><\/a><\/p>\n","protected":false},"excerpt":{"rendered":"<p>Alcalde espera llegada de entre 5 mil y 8 mil visitantes en esas fechas Lima, 26 de marzo 2023, (ANDINA).- La provincia ancashina de Huaraz prepara la conmemoraci\u00f3n de la Semana Santa, programando actividades que se extender\u00e1n desde el 12 hasta el 20 de abril, signadas ellas por las manifestaciones de fe propias de dicha [&hellip;]<\/p>\n","protected":false},"author":1,"featured_media":137303,"comment_status":"closed","ping_status":"closed","sticky":false,"template":"","format":"standard","meta":{"rop_custom_images_group":[],"rop_custom_messages_group":[],"rop_publish_now":"initial","rop_publish_now_accounts":[],"rop_publish_now_history":[],"rop_publish_now_status":"pending","footnotes":""},"categories":[10],"tags":[3607,1331],"class_list":["post-137302","post","type-post","status-publish","format-standard","has-post-thumbnail","hentry","category-actualidad-municipal","tag-huaraz","tag-semana-santa"],"_links":{"self":[{"href":"https:\/\/elinformanteperu.com\/index.php\/wp-json\/wp\/v2\/posts\/137302","targetHints":{"allow":["GET"]}}],"collection":[{"href":"https:\/\/elinformanteperu.com\/index.php\/wp-json\/wp\/v2\/posts"}],"about":[{"href":"https:\/\/elinformanteperu.com\/index.php\/wp-json\/wp\/v2\/types\/post"}],"author":[{"embeddable":true,"href":"https:\/\/elinformanteperu.com\/index.php\/wp-json\/wp\/v2\/users\/1"}],"replies":[{"embeddable":true,"href":"https:\/\/elinformanteperu.com\/index.php\/wp-json\/wp\/v2\/comments?post=137302"}],"version-history":[{"count":1,"href":"https:\/\/elinformanteperu.com\/index.php\/wp-json\/wp\/v2\/posts\/137302\/revisions"}],"predecessor-version":[{"id":137310,"href":"https:\/\/elinformanteperu.com\/index.php\/wp-json\/wp\/v2\/posts\/137302\/revisions\/137310"}],"wp:featuredmedia":[{"embeddable":true,"href":"https:\/\/elinformanteperu.com\/index.php\/wp-json\/wp\/v2\/media\/137303"}],"wp:attachment":[{"href":"https:\/\/elinformanteperu.com\/index.php\/wp-json\/wp\/v2\/media?parent=137302"}],"wp:term":[{"taxonomy":"category","embeddable":true,"href":"https:\/\/elinformanteperu.com\/index.php\/wp-json\/wp\/v2\/categories?post=137302"},{"taxonomy":"post_tag","embeddable":true,"href":"https:\/\/elinformanteperu.com\/index.php\/wp-json\/wp\/v2\/tags?post=137302"}],"curies":[{"name":"wp","href":"https:\/\/api.w.org\/{rel}","templated":true}]}}