{"id":137289,"date":"2025-03-27T00:22:03","date_gmt":"2025-03-27T05:22:03","guid":{"rendered":"https:\/\/elinformanteperu.com\/?p=137289"},"modified":"2025-03-27T00:22:03","modified_gmt":"2025-03-27T05:22:03","slug":"seleccion-peruana-dia-y-hora-del-debut-de-la-bicolor-en-el-sudamericano-sub-17","status":"publish","type":"post","link":"https:\/\/elinformanteperu.com\/index.php\/2025\/03\/27\/seleccion-peruana-dia-y-hora-del-debut-de-la-bicolor-en-el-sudamericano-sub-17\/","title":{"rendered":"Selecci\u00f3n peruana: D\u00eda y hora del debut de la bicolor en el Sudamericano Sub-17"},"content":{"rendered":"<p><strong><span style=\"color: #000000;\">La escuadra nacional se encuentra expedita para afrontar el torneo, que se inicia el jueves 27 de marzo<\/span><\/strong><\/p>\n<p><span style=\"color: #000000;\"><strong>Cartagena, 26 de marzo 2023, (ANDINA).-<\/strong> La selecci\u00f3n peruana qued\u00f3 lista para iniciar su andadura en el Campeonato Sudamericano Sub-17, que se disputar\u00e1 en Colombia, desde el jueves 27 de marzo, d\u00eda que enfrentar\u00e1 a Paraguay por la primera fecha del Grupo A.<\/span><\/p>\n<p><span style=\"color: #000000;\">La escuadra nacional, dirigida por Carlos Silvestri, culmin\u00f3 sus entrenamientos y quedaron listos para enfrentar al conjunto albirroja, el jueves, a las 16:30 horas de Per\u00fa.<\/span><\/p>\n<p><span style=\"color: #000000;\">Tras el debut ante Paraguay, Per\u00fa enfrentar\u00e1 Colombia en el segundo partido, en la tercera fecha chocar\u00e1 con Chile y finalmente cerrar\u00e1 con Argentina descansando en la \u00faltima jornada.<\/span><\/p>\n<p><a href=\"https:\/\/elinformanteperu.com\/wp-content\/uploads\/2025\/03\/seleccion-sub-17-entrenamiento1.jpg\"><img fetchpriority=\"high\" decoding=\"async\" class=\"size-full wp-image-137291 aligncenter\" src=\"https:\/\/elinformanteperu.com\/wp-content\/uploads\/2025\/03\/seleccion-sub-17-entrenamiento1.jpg\" alt=\"\" width=\"471\" height=\"356\" srcset=\"https:\/\/elinformanteperu.com\/wp-content\/uploads\/2025\/03\/seleccion-sub-17-entrenamiento1.jpg 471w, https:\/\/elinformanteperu.com\/wp-content\/uploads\/2025\/03\/seleccion-sub-17-entrenamiento1-300x227.jpg 300w\" sizes=\"(max-width: 471px) 100vw, 471px\" \/><\/a><span style=\"color: #000000;\">El Campeonato Sudamericano Sub-17 hasta 12 de abril en Colombia y tendr\u00e1 como sedes principales a las ciudades de Cartagena y Monter\u00eda.<\/span><\/p>\n<p><span style=\"color: #000000;\">En la Fase de Grupos, las diez selecciones nacionales, divididas en dos grupos de cinco equipos cada uno, jugar\u00e1n cuatro jornadas a una sola rueda de partidos. Avanzar\u00e1n para las semifinales las dos selecciones mejor posicionadas de cada grupo.<\/span><\/p>\n<p><span style=\"color: #000000;\">Como se sabe, la selecci\u00f3n peruana peruana integra el Grupo A, junto a Colombia, Argentina, Paraguay y Chile.<\/span><\/p>\n<p><span style=\"color: #000000;\">Por su parte, el Grupo B est\u00e1 conformado por Brasil, Uruguay, Ecuador, Bolivia y Venezuela.<\/span><\/p>\n<p><a href=\"https:\/\/elinformanteperu.com\/wp-content\/uploads\/2025\/03\/seleccion-sub-17-entrenamiento2.jpg\"><img decoding=\"async\" class=\" wp-image-137292 aligncenter\" src=\"https:\/\/elinformanteperu.com\/wp-content\/uploads\/2025\/03\/seleccion-sub-17-entrenamiento2-820x1024.jpg\" alt=\"\" width=\"366\" height=\"457\" srcset=\"https:\/\/elinformanteperu.com\/wp-content\/uploads\/2025\/03\/seleccion-sub-17-entrenamiento2-820x1024.jpg 820w, https:\/\/elinformanteperu.com\/wp-content\/uploads\/2025\/03\/seleccion-sub-17-entrenamiento2-240x300.jpg 240w, https:\/\/elinformanteperu.com\/wp-content\/uploads\/2025\/03\/seleccion-sub-17-entrenamiento2-768x959.jpg 768w, https:\/\/elinformanteperu.com\/wp-content\/uploads\/2025\/03\/seleccion-sub-17-entrenamiento2-1230x1536.jpg 1230w, https:\/\/elinformanteperu.com\/wp-content\/uploads\/2025\/03\/seleccion-sub-17-entrenamiento2.jpg 1640w\" sizes=\"(max-width: 366px) 100vw, 366px\" \/><\/a><\/p>\n","protected":false},"excerpt":{"rendered":"<p>La escuadra nacional se encuentra expedita para afrontar el torneo, que se inicia el jueves 27 de marzo Cartagena, 26 de marzo 2023, (ANDINA).- La selecci\u00f3n peruana qued\u00f3 lista para iniciar su andadura en el Campeonato Sudamericano Sub-17, que se disputar\u00e1 en Colombia, desde el jueves 27 de marzo, d\u00eda que enfrentar\u00e1 a Paraguay por [&hellip;]<\/p>\n","protected":false},"author":1,"featured_media":137290,"comment_status":"closed","ping_status":"closed","sticky":false,"template":"","format":"standard","meta":{"rop_custom_images_group":[],"rop_custom_messages_group":[],"rop_publish_now":"initial","rop_publish_now_accounts":[],"rop_publish_now_history":[],"rop_publish_now_status":"pending","footnotes":""},"categories":[8],"tags":[1133],"class_list":["post-137289","post","type-post","status-publish","format-standard","has-post-thumbnail","hentry","category-disciplinas-deportivas","tag-seleccion-sub-17"],"_links":{"self":[{"href":"https:\/\/elinformanteperu.com\/index.php\/wp-json\/wp\/v2\/posts\/137289","targetHints":{"allow":["GET"]}}],"collection":[{"href":"https:\/\/elinformanteperu.com\/index.php\/wp-json\/wp\/v2\/posts"}],"about":[{"href":"https:\/\/elinformanteperu.com\/index.php\/wp-json\/wp\/v2\/types\/post"}],"author":[{"embeddable":true,"href":"https:\/\/elinformanteperu.com\/index.php\/wp-json\/wp\/v2\/users\/1"}],"replies":[{"embeddable":true,"href":"https:\/\/elinformanteperu.com\/index.php\/wp-json\/wp\/v2\/comments?post=137289"}],"version-history":[{"count":1,"href":"https:\/\/elinformanteperu.com\/index.php\/wp-json\/wp\/v2\/posts\/137289\/revisions"}],"predecessor-version":[{"id":137293,"href":"https:\/\/elinformanteperu.com\/index.php\/wp-json\/wp\/v2\/posts\/137289\/revisions\/137293"}],"wp:featuredmedia":[{"embeddable":true,"href":"https:\/\/elinformanteperu.com\/index.php\/wp-json\/wp\/v2\/media\/137290"}],"wp:attachment":[{"href":"https:\/\/elinformanteperu.com\/index.php\/wp-json\/wp\/v2\/media?parent=137289"}],"wp:term":[{"taxonomy":"category","embeddable":true,"href":"https:\/\/elinformanteperu.com\/index.php\/wp-json\/wp\/v2\/categories?post=137289"},{"taxonomy":"post_tag","embeddable":true,"href":"https:\/\/elinformanteperu.com\/index.php\/wp-json\/wp\/v2\/tags?post=137289"}],"curies":[{"name":"wp","href":"https:\/\/api.w.org\/{rel}","templated":true}]}}