{"id":137246,"date":"2025-03-25T02:44:07","date_gmt":"2025-03-25T07:44:07","guid":{"rendered":"https:\/\/elinformanteperu.com\/?p=137246"},"modified":"2025-03-25T02:44:07","modified_gmt":"2025-03-25T07:44:07","slug":"ejercito-marina-de-guerra-y-fuerza-aerea-refuerzan-su-presencia-en-puntos-criticos","status":"publish","type":"post","link":"https:\/\/elinformanteperu.com\/index.php\/2025\/03\/25\/ejercito-marina-de-guerra-y-fuerza-aerea-refuerzan-su-presencia-en-puntos-criticos\/","title":{"rendered":"Ej\u00e9rcito, Marina de Guerra y Fuerza A\u00e9rea refuerzan su presencia en puntos cr\u00edticos"},"content":{"rendered":"<p><strong><span style=\"color: #000000;\">Durante el estado de emergencia<\/span><\/strong><\/p>\n<p><span style=\"color: #000000;\"><strong>Lima, 24 de marzo 2023, (ANDINA).-<\/strong> El trabajo combinado de las Fuerzas Armadas en apoyo a la Polic\u00eda Nacional no cesa en los distritos de Lima y Callao declarados en Estado de Emergencia, donde se ha reforzado la presencia de efectivos del Ej\u00e9rcito, Marina de Guerra y Fuerza A\u00e9rea.<\/span><\/p>\n<p><span style=\"color: #000000;\">El Ministerio de Defensa, a trav\u00e9s del Comando Conjunto de las Fuerzas Armadas, coordin\u00f3 el despliegue de unidades del Comando Operacional del Centro en diferentes distritos de Lima Este, como El Agustino, Ate Vitarte y Santa Anita, as\u00ed como en los sectores de Puente Nuevo y avenidas concurridas, como Javier Prado con la Carretera Central, el jir\u00f3n \u00c1ncash, entre otros puntos.<\/span><\/p>\n<p><span style=\"color: #000000;\">A trav\u00e9s del Comando Operacional Mar\u00edtimo, adem\u00e1s, se han desplegado efectivos en las jurisdicciones de San Miguel, Magdalena y San Isidro, as\u00ed como en puntos cr\u00edticos de la Provincia Constitucional del Callao, como Ventanilla, Mi Per\u00fa, Puerto Nuevo, Bellavista, Callao Cercado, Carmen de la Legua y Reynoso, y La Perla.<\/span><\/p>\n<p><span style=\"color: #000000;\">El jefe de Operaciones de la Fuerza de Tarea 22 de la Marina de Guerra, Capit\u00e1n de Fragata Luis Urquiaga Flores, remarc\u00f3 que las Fuerzas Armadas, en el marco Decreto Supremo N\u00b0 035-2025-PCM, vienen brindando constante apoyo a las fuerzas policiales en diferentes acciones, como control de identidad, seguridad, entre otros.<\/span><\/p>\n<p><a href=\"https:\/\/elinformanteperu.com\/wp-content\/uploads\/2024\/10\/Militares-Lima.jpg\"><img fetchpriority=\"high\" decoding=\"async\" class=\"size-large wp-image-126539 aligncenter\" src=\"https:\/\/elinformanteperu.com\/wp-content\/uploads\/2024\/10\/Militares-Lima-1024x683.jpg\" alt=\"\" width=\"615\" height=\"410\" srcset=\"https:\/\/elinformanteperu.com\/wp-content\/uploads\/2024\/10\/Militares-Lima-1024x683.jpg 1024w, https:\/\/elinformanteperu.com\/wp-content\/uploads\/2024\/10\/Militares-Lima-300x200.jpg 300w, https:\/\/elinformanteperu.com\/wp-content\/uploads\/2024\/10\/Militares-Lima-768x512.jpg 768w, https:\/\/elinformanteperu.com\/wp-content\/uploads\/2024\/10\/Militares-Lima-1536x1024.jpg 1536w, https:\/\/elinformanteperu.com\/wp-content\/uploads\/2024\/10\/Militares-Lima.jpg 1800w\" sizes=\"(max-width: 615px) 100vw, 615px\" \/><\/a><span style=\"color: #000000;\">\u201cDurante el d\u00eda y la noche tenemos patrullas desplegadas en diferentes distritos. Nuestro compromiso es en todo momento, nosotros, como miembros de las Fuerzas Armadas y como Marina de Guerra del Per\u00fa, estaremos donde la sociedad nos necesite\u201d, remarc\u00f3.<\/span><\/p>\n<p><span style=\"color: #000000;\">De acuerdo al decreto supremo en menci\u00f3n, el Estado de Emergencia rige en Lima Metropolitana y en la Provincia Constitucional del Callao por un periodo de 30 d\u00edas calendario.<\/span><\/p>\n<p><span style=\"color: #000000;\">En este periodo, la Polic\u00eda Nacional mantiene el control del orden interno, con acciones de apoyo de las Fuerzas Armadas, para lo cual la instituci\u00f3n policial determina las zonas donde se requiera dicho acompa\u00f1amiento.<\/span><\/p>\n<p><span style=\"color: #000000;\">El Gobierno Nacional, a trav\u00e9s del sector Defensa y del Interior, refuerza su compromiso para reducir los \u00edndices de inseguridad en el pa\u00eds, disponiendo todas las capacidades para velar por la seguridad de la sociedad en su conjunto.<\/span><\/p>\n<p><a href=\"https:\/\/elinformanteperu.com\/wp-content\/uploads\/2020\/03\/militares-estado-emergencia.jpg\"><img decoding=\"async\" class=\"size-large wp-image-67349 aligncenter\" src=\"https:\/\/elinformanteperu.com\/wp-content\/uploads\/2020\/03\/militares-estado-emergencia-1024x684.jpg\" alt=\"\" width=\"615\" height=\"411\" srcset=\"https:\/\/elinformanteperu.com\/wp-content\/uploads\/2020\/03\/militares-estado-emergencia-1024x684.jpg 1024w, https:\/\/elinformanteperu.com\/wp-content\/uploads\/2020\/03\/militares-estado-emergencia-300x201.jpg 300w, https:\/\/elinformanteperu.com\/wp-content\/uploads\/2020\/03\/militares-estado-emergencia-768x513.jpg 768w, https:\/\/elinformanteperu.com\/wp-content\/uploads\/2020\/03\/militares-estado-emergencia-1536x1027.jpg 1536w, https:\/\/elinformanteperu.com\/wp-content\/uploads\/2020\/03\/militares-estado-emergencia-128x86.jpg 128w, https:\/\/elinformanteperu.com\/wp-content\/uploads\/2020\/03\/militares-estado-emergencia-32x21.jpg 32w, https:\/\/elinformanteperu.com\/wp-content\/uploads\/2020\/03\/militares-estado-emergencia.jpg 1800w\" sizes=\"(max-width: 615px) 100vw, 615px\" \/><\/a><\/p>\n","protected":false},"excerpt":{"rendered":"<p>Durante el estado de emergencia Lima, 24 de marzo 2023, (ANDINA).- El trabajo combinado de las Fuerzas Armadas en apoyo a la Polic\u00eda Nacional no cesa en los distritos de Lima y Callao declarados en Estado de Emergencia, donde se ha reforzado la presencia de efectivos del Ej\u00e9rcito, Marina de Guerra y Fuerza A\u00e9rea. El [&hellip;]<\/p>\n","protected":false},"author":1,"featured_media":137247,"comment_status":"closed","ping_status":"closed","sticky":false,"template":"","format":"standard","meta":{"rop_custom_images_group":[],"rop_custom_messages_group":[],"rop_publish_now":"initial","rop_publish_now_accounts":[],"rop_publish_now_history":[],"rop_publish_now_status":"pending","footnotes":""},"categories":[5],"tags":[5374],"class_list":["post-137246","post","type-post","status-publish","format-standard","has-post-thumbnail","hentry","category-actualidad-informativa","tag-peru-estado-de-emergencia"],"_links":{"self":[{"href":"https:\/\/elinformanteperu.com\/index.php\/wp-json\/wp\/v2\/posts\/137246","targetHints":{"allow":["GET"]}}],"collection":[{"href":"https:\/\/elinformanteperu.com\/index.php\/wp-json\/wp\/v2\/posts"}],"about":[{"href":"https:\/\/elinformanteperu.com\/index.php\/wp-json\/wp\/v2\/types\/post"}],"author":[{"embeddable":true,"href":"https:\/\/elinformanteperu.com\/index.php\/wp-json\/wp\/v2\/users\/1"}],"replies":[{"embeddable":true,"href":"https:\/\/elinformanteperu.com\/index.php\/wp-json\/wp\/v2\/comments?post=137246"}],"version-history":[{"count":1,"href":"https:\/\/elinformanteperu.com\/index.php\/wp-json\/wp\/v2\/posts\/137246\/revisions"}],"predecessor-version":[{"id":137248,"href":"https:\/\/elinformanteperu.com\/index.php\/wp-json\/wp\/v2\/posts\/137246\/revisions\/137248"}],"wp:featuredmedia":[{"embeddable":true,"href":"https:\/\/elinformanteperu.com\/index.php\/wp-json\/wp\/v2\/media\/137247"}],"wp:attachment":[{"href":"https:\/\/elinformanteperu.com\/index.php\/wp-json\/wp\/v2\/media?parent=137246"}],"wp:term":[{"taxonomy":"category","embeddable":true,"href":"https:\/\/elinformanteperu.com\/index.php\/wp-json\/wp\/v2\/categories?post=137246"},{"taxonomy":"post_tag","embeddable":true,"href":"https:\/\/elinformanteperu.com\/index.php\/wp-json\/wp\/v2\/tags?post=137246"}],"curies":[{"name":"wp","href":"https:\/\/api.w.org\/{rel}","templated":true}]}}