{"id":137178,"date":"2025-03-24T23:41:36","date_gmt":"2025-03-25T04:41:36","guid":{"rendered":"https:\/\/elinformanteperu.com\/?p=137178"},"modified":"2025-03-24T23:41:36","modified_gmt":"2025-03-25T04:41:36","slug":"seleccion-peruana-asi-entreno-en-el-pascual-guererro-de-cali-y-en-breve-parte-a-venezuela","status":"publish","type":"post","link":"https:\/\/elinformanteperu.com\/index.php\/2025\/03\/24\/seleccion-peruana-asi-entreno-en-el-pascual-guererro-de-cali-y-en-breve-parte-a-venezuela\/","title":{"rendered":"Selecci\u00f3n peruana: As\u00ed entren\u00f3 en el Pascual Guererro de Cali y en breve parte a Venezuela"},"content":{"rendered":"<p><strong><span style=\"color: #000000;\">La escuadra nacional alista algunas variantes para enfrentar el martes a La Vinotinto<\/span><\/strong><\/p>\n<p><span style=\"color: #000000;\"><strong>Cali, 24 de marzo 2023, (ANDINA).-<\/strong> Con la moral al tope la selecci\u00f3n peruana entren\u00f3 este lunes en el estadio Pascual Guerrero de Cali (Colombia) y en breve viajar\u00e1 a la ciudad de Matur\u00edn, donde el martes 25 de marzo enfrentar\u00e1 a Venezuela por la jornada 14 de las Eliminatorias Sudamericanas.<\/span><\/p>\n<p><span style=\"color: #000000;\">El conjunto peruano realiz\u00f3 trabajos t\u00e1cticos en el gramado del Pascual Guerrero, donde el t\u00e9cnico \u00d3scar Ib\u00e1\u00f1ez comenz\u00f3 a ultimar detalles de lo que ser\u00e1 su alineaci\u00f3n titular que tendr\u00e1 la misi\u00f3n de vencer a La Vinotinto en encuentro crucial.<\/span><\/p>\n<p><span style=\"color: #000000;\">Qued\u00f3 definido de que en el arco seguir\u00e1 Pedro Gallese, quien recuper\u00f3 de sus molestia que registr\u00f3 al final del cotejo ante los bolivianos.<\/span><\/p>\n<p><span style=\"color: #000000;\">En la zona defensiva se registrar\u00e1n dos variantes. Carlos Zambrano, quien reemplazar\u00e1 a Luis Abram, har\u00e1 dupla en la zaga con su compa\u00f1ero en Alianza Lima, Renzo Garc\u00e9s.<\/span><\/p>\n<p><a href=\"https:\/\/elinformanteperu.com\/wp-content\/uploads\/2025\/03\/andre-carrillo.jpg\"><img fetchpriority=\"high\" decoding=\"async\" class=\" wp-image-137180 aligncenter\" src=\"https:\/\/elinformanteperu.com\/wp-content\/uploads\/2025\/03\/andre-carrillo-819x1024.jpg\" alt=\"\" width=\"347\" height=\"434\" srcset=\"https:\/\/elinformanteperu.com\/wp-content\/uploads\/2025\/03\/andre-carrillo-819x1024.jpg 819w, https:\/\/elinformanteperu.com\/wp-content\/uploads\/2025\/03\/andre-carrillo-240x300.jpg 240w, https:\/\/elinformanteperu.com\/wp-content\/uploads\/2025\/03\/andre-carrillo-768x960.jpg 768w, https:\/\/elinformanteperu.com\/wp-content\/uploads\/2025\/03\/andre-carrillo-1229x1536.jpg 1229w, https:\/\/elinformanteperu.com\/wp-content\/uploads\/2025\/03\/andre-carrillo.jpg 1638w\" sizes=\"(max-width: 347px) 100vw, 347px\" \/><\/a><span style=\"color: #000000;\">El otro cambio ser\u00e1 en el lateral izquierdo, donde Marco L\u00f3pez ingresar\u00e1 por Miguel Trauco. Luis Adv\u00edncula se mantendr\u00e1 en el lateral derecho.<\/span><\/p>\n<p><span style=\"color: #000000;\">En el mediocampo tambi\u00e9n se registrar\u00e1n modificaciones con la intenci\u00f3n de darle mayor marca para neutralizar la ofensiva de los venezolanos. En ese sentido, Sergio Pe\u00f1a dejar\u00e1 su lugar a Pedro Aquino, quien har\u00e1 dupla en la primera l\u00ednea con Renato Tapia.<\/span><\/p>\n<p><span style=\"color: #000000;\">En el juego ofensivo se mantendr\u00e1n Andr\u00e9 Carrillo, Andy Polo y Bryan Reyna; mientras que Paolo Guerrero, quien volvi\u00f3 al gol ante Bolivia, ser\u00e1 el \u00fanico centrodelantero.<\/span><\/p>\n<p><span style=\"color: #000000;\">La escuadra nacional partir\u00e1 a las 16:00 horas de este lunes rumbo a la ciudad de Matur\u00edn, a donde llegar\u00e1n al promediar las 23:00 horas.<\/span><\/p>\n<p><span style=\"color: #000000;\">El partido entre Per\u00fa vs. Venezuela se disputar\u00e1 este martes 25 de marzo, a las 19:00 horas de Per\u00fa, en el estadio Monumental de Monagas.<\/span><\/p>\n<p><a href=\"https:\/\/elinformanteperu.com\/wp-content\/uploads\/2025\/03\/peru-entrenamiento-cali.jpg\"><img decoding=\"async\" class=\" wp-image-137181 aligncenter\" src=\"https:\/\/elinformanteperu.com\/wp-content\/uploads\/2025\/03\/peru-entrenamiento-cali-819x1024.jpg\" alt=\"\" width=\"361\" height=\"451\" srcset=\"https:\/\/elinformanteperu.com\/wp-content\/uploads\/2025\/03\/peru-entrenamiento-cali-819x1024.jpg 819w, https:\/\/elinformanteperu.com\/wp-content\/uploads\/2025\/03\/peru-entrenamiento-cali-240x300.jpg 240w, https:\/\/elinformanteperu.com\/wp-content\/uploads\/2025\/03\/peru-entrenamiento-cali-768x960.jpg 768w, https:\/\/elinformanteperu.com\/wp-content\/uploads\/2025\/03\/peru-entrenamiento-cali-1229x1536.jpg 1229w, https:\/\/elinformanteperu.com\/wp-content\/uploads\/2025\/03\/peru-entrenamiento-cali.jpg 1638w\" sizes=\"(max-width: 361px) 100vw, 361px\" \/><\/a><\/p>\n","protected":false},"excerpt":{"rendered":"<p>La escuadra nacional alista algunas variantes para enfrentar el martes a La Vinotinto Cali, 24 de marzo 2023, (ANDINA).- Con la moral al tope la selecci\u00f3n peruana entren\u00f3 este lunes en el estadio Pascual Guerrero de Cali (Colombia) y en breve viajar\u00e1 a la ciudad de Matur\u00edn, donde el martes 25 de marzo enfrentar\u00e1 a [&hellip;]<\/p>\n","protected":false},"author":1,"featured_media":137179,"comment_status":"closed","ping_status":"closed","sticky":false,"template":"","format":"standard","meta":{"rop_custom_images_group":[],"rop_custom_messages_group":[],"rop_publish_now":"initial","rop_publish_now_accounts":[],"rop_publish_now_history":[],"rop_publish_now_status":"pending","footnotes":""},"categories":[8],"tags":[7282,137],"class_list":["post-137178","post","type-post","status-publish","format-standard","has-post-thumbnail","hentry","category-disciplinas-deportivas","tag-eliminatorias-2026","tag-seleccion-peruana"],"_links":{"self":[{"href":"https:\/\/elinformanteperu.com\/index.php\/wp-json\/wp\/v2\/posts\/137178","targetHints":{"allow":["GET"]}}],"collection":[{"href":"https:\/\/elinformanteperu.com\/index.php\/wp-json\/wp\/v2\/posts"}],"about":[{"href":"https:\/\/elinformanteperu.com\/index.php\/wp-json\/wp\/v2\/types\/post"}],"author":[{"embeddable":true,"href":"https:\/\/elinformanteperu.com\/index.php\/wp-json\/wp\/v2\/users\/1"}],"replies":[{"embeddable":true,"href":"https:\/\/elinformanteperu.com\/index.php\/wp-json\/wp\/v2\/comments?post=137178"}],"version-history":[{"count":1,"href":"https:\/\/elinformanteperu.com\/index.php\/wp-json\/wp\/v2\/posts\/137178\/revisions"}],"predecessor-version":[{"id":137182,"href":"https:\/\/elinformanteperu.com\/index.php\/wp-json\/wp\/v2\/posts\/137178\/revisions\/137182"}],"wp:featuredmedia":[{"embeddable":true,"href":"https:\/\/elinformanteperu.com\/index.php\/wp-json\/wp\/v2\/media\/137179"}],"wp:attachment":[{"href":"https:\/\/elinformanteperu.com\/index.php\/wp-json\/wp\/v2\/media?parent=137178"}],"wp:term":[{"taxonomy":"category","embeddable":true,"href":"https:\/\/elinformanteperu.com\/index.php\/wp-json\/wp\/v2\/categories?post=137178"},{"taxonomy":"post_tag","embeddable":true,"href":"https:\/\/elinformanteperu.com\/index.php\/wp-json\/wp\/v2\/tags?post=137178"}],"curies":[{"name":"wp","href":"https:\/\/api.w.org\/{rel}","templated":true}]}}