{"id":137064,"date":"2025-03-20T02:23:48","date_gmt":"2025-03-20T07:23:48","guid":{"rendered":"https:\/\/elinformanteperu.com\/?p=137064"},"modified":"2025-03-20T02:23:48","modified_gmt":"2025-03-20T07:23:48","slug":"trujillo-vacado-alcalde-arturo-fernandez-abandona-carceleta-de-la-corte-de-justicia","status":"publish","type":"post","link":"https:\/\/elinformanteperu.com\/index.php\/2025\/03\/20\/trujillo-vacado-alcalde-arturo-fernandez-abandona-carceleta-de-la-corte-de-justicia\/","title":{"rendered":"Trujillo: vacado alcalde Arturo Fern\u00e1ndez abandona carceleta de la Corte de Justicia"},"content":{"rendered":"<p><strong><span style=\"color: #000000;\">Audiencia por proceso de querella fue reprogramada y esperar\u00e1 en libertad<\/span><\/strong><\/p>\n<p><span style=\"color: #000000;\"><strong>Trujillo, 19 de marzo 2023, (ANDINA).-<\/strong> El vacado alcalde provincial de Trujillo, C\u00e9sar Arturo Fern\u00e1ndez Baz\u00e1n, abandon\u00f3 la carceleta de la Corte Superior de Justicia de La Libertad, luego que se reprogramara su audiencia por el proceso de querella que le interpuso el conservador Ricardo Morales, que lo llev\u00f3 a ser declarado reo contumaz siete meses atr\u00e1s por su constante actitud dilatoria.<\/span><\/p>\n<p><span style=\"color: #000000;\">Sus seguidores celebraron como una victoria su liberaci\u00f3n y afirmaron que se hizo justicia; sin embargo, a\u00fan no se ha dictado condena por estos casos, y solo se han reprogramado, y como ya no existe orden de detenci\u00f3n contra Fern\u00e1ndez \u00e9l ha quedado en libertad.<\/span><\/p>\n<p><a href=\"https:\/\/elinformanteperu.com\/wp-content\/uploads\/2024\/08\/alcalde-arturo-fernandez.jpg\"><img fetchpriority=\"high\" decoding=\"async\" class=\"size-large wp-image-123811 aligncenter\" src=\"https:\/\/elinformanteperu.com\/wp-content\/uploads\/2024\/08\/alcalde-arturo-fernandez-1024x682.jpg\" alt=\"\" width=\"615\" height=\"410\" srcset=\"https:\/\/elinformanteperu.com\/wp-content\/uploads\/2024\/08\/alcalde-arturo-fernandez-1024x682.jpg 1024w, https:\/\/elinformanteperu.com\/wp-content\/uploads\/2024\/08\/alcalde-arturo-fernandez-300x200.jpg 300w, https:\/\/elinformanteperu.com\/wp-content\/uploads\/2024\/08\/alcalde-arturo-fernandez-768x511.jpg 768w, https:\/\/elinformanteperu.com\/wp-content\/uploads\/2024\/08\/alcalde-arturo-fernandez-1536x1022.jpg 1536w, https:\/\/elinformanteperu.com\/wp-content\/uploads\/2024\/08\/alcalde-arturo-fernandez.jpg 1800w\" sizes=\"(max-width: 615px) 100vw, 615px\" \/><\/a><strong><span style=\"color: #000000;\">Pide perd\u00f3n<\/span><\/strong><\/p>\n<p><span style=\"color: #000000;\">A su salida, Fern\u00e1ndez volvi\u00f3 a reencontrarse con sus seguidores y haciendo uso de un meg\u00e1fono pidi\u00f3 perd\u00f3n p\u00fablicamente a todas las personas que se han sentido ofendidas por sus acciones, pero refiri\u00f3 que no lo hizo por su bien propio, sino por defender a su pueblo.<\/span><\/p>\n<p><span style=\"color: #000000;\">\u201cQuiero decirles a todos ustedes que dejemos a un lado los odios, los rencores, porque todos somos hijos de Dios. Somos nosotros los que tenemos que darles un buen ejemplo a nuestros hijos. Como en cualquier familia puede haber problemas entre hermanos, puede haber discordia, pero nunca puede faltar el amor (..), y ese es el mensaje que ha venido a dejar Dios ante los magistrados a quien pido perd\u00f3n por mis ofensas, pido perd\u00f3n a todas las personas que se han sentido ofendidas, pero nunca ha sido por mi bien propio, sino por mi pueblo\u201d, manifest\u00f3.<\/span><\/p>\n<p><span style=\"color: #000000;\">Sin embargo, aprovech\u00f3 la oportunidad para cuestionar a las actuales autoridades pol\u00edticas y policiales por el mal manejo frente a la inseguridad ciudadana en Trujillo, y dijo que la corrupci\u00f3n es uno de los graves problemas del pa\u00eds por el cual no avanza.<\/span><\/p>\n<p><a href=\"https:\/\/elinformanteperu.com\/wp-content\/uploads\/2025\/02\/trujillo-region-la-libertad.jpg\"><img decoding=\"async\" class=\"size-full wp-image-135786 aligncenter\" src=\"https:\/\/elinformanteperu.com\/wp-content\/uploads\/2025\/02\/trujillo-region-la-libertad.jpg\" alt=\"\" width=\"500\" height=\"334\" srcset=\"https:\/\/elinformanteperu.com\/wp-content\/uploads\/2025\/02\/trujillo-region-la-libertad.jpg 500w, https:\/\/elinformanteperu.com\/wp-content\/uploads\/2025\/02\/trujillo-region-la-libertad-300x200.jpg 300w\" sizes=\"(max-width: 500px) 100vw, 500px\" \/><\/a><\/p>\n","protected":false},"excerpt":{"rendered":"<p>Audiencia por proceso de querella fue reprogramada y esperar\u00e1 en libertad Trujillo, 19 de marzo 2023, (ANDINA).- El vacado alcalde provincial de Trujillo, C\u00e9sar Arturo Fern\u00e1ndez Baz\u00e1n, abandon\u00f3 la carceleta de la Corte Superior de Justicia de La Libertad, luego que se reprogramara su audiencia por el proceso de querella que le interpuso el conservador [&hellip;]<\/p>\n","protected":false},"author":1,"featured_media":137065,"comment_status":"closed","ping_status":"closed","sticky":false,"template":"","format":"standard","meta":{"rop_custom_images_group":[],"rop_custom_messages_group":[],"rop_publish_now":"initial","rop_publish_now_accounts":[],"rop_publish_now_history":[],"rop_publish_now_status":"pending","footnotes":""},"categories":[10],"tags":[7601,4270,163,3362],"class_list":["post-137064","post","type-post","status-publish","format-standard","has-post-thumbnail","hentry","category-actualidad-municipal","tag-arturo-fernandez","tag-la-libertad","tag-poder-judicial","tag-trujillo"],"_links":{"self":[{"href":"https:\/\/elinformanteperu.com\/index.php\/wp-json\/wp\/v2\/posts\/137064","targetHints":{"allow":["GET"]}}],"collection":[{"href":"https:\/\/elinformanteperu.com\/index.php\/wp-json\/wp\/v2\/posts"}],"about":[{"href":"https:\/\/elinformanteperu.com\/index.php\/wp-json\/wp\/v2\/types\/post"}],"author":[{"embeddable":true,"href":"https:\/\/elinformanteperu.com\/index.php\/wp-json\/wp\/v2\/users\/1"}],"replies":[{"embeddable":true,"href":"https:\/\/elinformanteperu.com\/index.php\/wp-json\/wp\/v2\/comments?post=137064"}],"version-history":[{"count":1,"href":"https:\/\/elinformanteperu.com\/index.php\/wp-json\/wp\/v2\/posts\/137064\/revisions"}],"predecessor-version":[{"id":137066,"href":"https:\/\/elinformanteperu.com\/index.php\/wp-json\/wp\/v2\/posts\/137064\/revisions\/137066"}],"wp:featuredmedia":[{"embeddable":true,"href":"https:\/\/elinformanteperu.com\/index.php\/wp-json\/wp\/v2\/media\/137065"}],"wp:attachment":[{"href":"https:\/\/elinformanteperu.com\/index.php\/wp-json\/wp\/v2\/media?parent=137064"}],"wp:term":[{"taxonomy":"category","embeddable":true,"href":"https:\/\/elinformanteperu.com\/index.php\/wp-json\/wp\/v2\/categories?post=137064"},{"taxonomy":"post_tag","embeddable":true,"href":"https:\/\/elinformanteperu.com\/index.php\/wp-json\/wp\/v2\/tags?post=137064"}],"curies":[{"name":"wp","href":"https:\/\/api.w.org\/{rel}","templated":true}]}}