{"id":137061,"date":"2025-03-20T02:18:07","date_gmt":"2025-03-20T07:18:07","guid":{"rendered":"https:\/\/elinformanteperu.com\/?p=137061"},"modified":"2025-03-20T02:18:07","modified_gmt":"2025-03-20T07:18:07","slug":"arequipa-se-prepara-para-recibir-a-mas-de-50000-turistas-durante-semana-santa","status":"publish","type":"post","link":"https:\/\/elinformanteperu.com\/index.php\/2025\/03\/20\/arequipa-se-prepara-para-recibir-a-mas-de-50000-turistas-durante-semana-santa\/","title":{"rendered":"Arequipa se prepara para recibir a m\u00e1s de 50,000 turistas durante Semana Santa"},"content":{"rendered":"<p><strong><span style=\"color: #000000;\">Se prev\u00e9 que el movimiento econ\u00f3mico oscilar\u00e1 en 25 millones de soles<\/span><\/strong><\/p>\n<p><span style=\"color: #000000;\"><strong>Arequipa, 19 de marzo 2023, (ANDINA).-<\/strong> Arequipa estima recibir durante Semana Santa a un aproximado de 50,000 turistas, entre nacionales y extranjeros, cifra superior a la registrada el a\u00f1o pasado, en que arribaron 40,000 visitantes.<\/span><\/p>\n<p><span style=\"color: #000000;\">Al respecto, el gerente regional de Comercio Exterior y Turismo, Jorge Meza Cruz, sostuvo que est\u00e1n trabajando para atraer el turismo religioso en esta temporada del a\u00f1o y alcanzar la cifra mencionada.<\/span><\/p>\n<p><span style=\"color: #000000;\">El funcionario refiri\u00f3 que durante Semana Santa &#8211; que este 2025 ser\u00e1 del 13 al 20 de abril- adem\u00e1s de las tradicionales procesiones de im\u00e1genes religiosas, se realizar\u00e1 la escenificaci\u00f3n de la vida, pasi\u00f3n y muerte de Jes\u00fas, interpretada por actores locales.<\/span><\/p>\n<p><a href=\"https:\/\/elinformanteperu.com\/wp-content\/uploads\/2025\/03\/arequipa-plaza-de-armas1.jpg\"><img fetchpriority=\"high\" decoding=\"async\" class=\"size-full wp-image-136607 aligncenter\" src=\"https:\/\/elinformanteperu.com\/wp-content\/uploads\/2025\/03\/arequipa-plaza-de-armas1.jpg\" alt=\"\" width=\"500\" height=\"334\" srcset=\"https:\/\/elinformanteperu.com\/wp-content\/uploads\/2025\/03\/arequipa-plaza-de-armas1.jpg 500w, https:\/\/elinformanteperu.com\/wp-content\/uploads\/2025\/03\/arequipa-plaza-de-armas1-300x200.jpg 300w\" sizes=\"(max-width: 500px) 100vw, 500px\" \/><\/a><span style=\"color: #000000;\">Este ser\u00e1 un nuevo evento programado dentro de Semana Santa, con la finalidad de atraer a m\u00e1s turistas durante esta fiesta religiosa, que en Arequipa se celebra con gran fervor religioso, lo que llama la atenci\u00f3n de los turistas.<\/span><\/p>\n<p><span style=\"color: #000000;\">Asimismo, Jorge Meza dijo que el evento ser\u00e1 promocionado por Promper\u00fa a escala nacional e internacional, as\u00ed como las actividades religiosas en Arequipa.<\/span><\/p>\n<p><strong><span style=\"color: #000000;\">Movimiento econ\u00f3mico<\/span><\/strong><\/p>\n<p><span style=\"color: #000000;\">En cuanto al movimiento econ\u00f3mico en Semana Santa, se prev\u00e9 que oscilar\u00e1 en 25 millones de soles, cifra significativa para la ciudad, porque son varios los sectores econ\u00f3micos los que se activan durante estos d\u00edas, coment\u00f3 Meza.<\/span><\/p>\n<p><a href=\"https:\/\/elinformanteperu.com\/wp-content\/uploads\/2024\/08\/arequipa-centro-ciudad.jpg\"><img decoding=\"async\" class=\"size-large wp-image-124024 aligncenter\" src=\"https:\/\/elinformanteperu.com\/wp-content\/uploads\/2024\/08\/arequipa-centro-ciudad-1024x683.jpg\" alt=\"\" width=\"615\" height=\"410\" srcset=\"https:\/\/elinformanteperu.com\/wp-content\/uploads\/2024\/08\/arequipa-centro-ciudad-1024x683.jpg 1024w, https:\/\/elinformanteperu.com\/wp-content\/uploads\/2024\/08\/arequipa-centro-ciudad-300x200.jpg 300w, https:\/\/elinformanteperu.com\/wp-content\/uploads\/2024\/08\/arequipa-centro-ciudad-768x512.jpg 768w, https:\/\/elinformanteperu.com\/wp-content\/uploads\/2024\/08\/arequipa-centro-ciudad-1536x1024.jpg 1536w, https:\/\/elinformanteperu.com\/wp-content\/uploads\/2024\/08\/arequipa-centro-ciudad.jpg 1800w\" sizes=\"(max-width: 615px) 100vw, 615px\" \/><\/a><\/p>\n","protected":false},"excerpt":{"rendered":"<p>Se prev\u00e9 que el movimiento econ\u00f3mico oscilar\u00e1 en 25 millones de soles Arequipa, 19 de marzo 2023, (ANDINA).- Arequipa estima recibir durante Semana Santa a un aproximado de 50,000 turistas, entre nacionales y extranjeros, cifra superior a la registrada el a\u00f1o pasado, en que arribaron 40,000 visitantes. Al respecto, el gerente regional de Comercio Exterior [&hellip;]<\/p>\n","protected":false},"author":1,"featured_media":137062,"comment_status":"closed","ping_status":"closed","sticky":false,"template":"","format":"standard","meta":{"rop_custom_images_group":[],"rop_custom_messages_group":[],"rop_publish_now":"initial","rop_publish_now_accounts":[],"rop_publish_now_history":[],"rop_publish_now_status":"pending","footnotes":""},"categories":[10],"tags":[769,1331],"class_list":["post-137061","post","type-post","status-publish","format-standard","has-post-thumbnail","hentry","category-actualidad-municipal","tag-arequipa","tag-semana-santa"],"_links":{"self":[{"href":"https:\/\/elinformanteperu.com\/index.php\/wp-json\/wp\/v2\/posts\/137061","targetHints":{"allow":["GET"]}}],"collection":[{"href":"https:\/\/elinformanteperu.com\/index.php\/wp-json\/wp\/v2\/posts"}],"about":[{"href":"https:\/\/elinformanteperu.com\/index.php\/wp-json\/wp\/v2\/types\/post"}],"author":[{"embeddable":true,"href":"https:\/\/elinformanteperu.com\/index.php\/wp-json\/wp\/v2\/users\/1"}],"replies":[{"embeddable":true,"href":"https:\/\/elinformanteperu.com\/index.php\/wp-json\/wp\/v2\/comments?post=137061"}],"version-history":[{"count":1,"href":"https:\/\/elinformanteperu.com\/index.php\/wp-json\/wp\/v2\/posts\/137061\/revisions"}],"predecessor-version":[{"id":137063,"href":"https:\/\/elinformanteperu.com\/index.php\/wp-json\/wp\/v2\/posts\/137061\/revisions\/137063"}],"wp:featuredmedia":[{"embeddable":true,"href":"https:\/\/elinformanteperu.com\/index.php\/wp-json\/wp\/v2\/media\/137062"}],"wp:attachment":[{"href":"https:\/\/elinformanteperu.com\/index.php\/wp-json\/wp\/v2\/media?parent=137061"}],"wp:term":[{"taxonomy":"category","embeddable":true,"href":"https:\/\/elinformanteperu.com\/index.php\/wp-json\/wp\/v2\/categories?post=137061"},{"taxonomy":"post_tag","embeddable":true,"href":"https:\/\/elinformanteperu.com\/index.php\/wp-json\/wp\/v2\/tags?post=137061"}],"curies":[{"name":"wp","href":"https:\/\/api.w.org\/{rel}","templated":true}]}}