{"id":136943,"date":"2025-03-18T02:05:47","date_gmt":"2025-03-18T07:05:47","guid":{"rendered":"https:\/\/elinformanteperu.com\/?p=136943"},"modified":"2025-03-18T02:05:47","modified_gmt":"2025-03-18T07:05:47","slug":"gobierno-oficializa-estado-de-emergencia-en-lima-metropolitana-y-el-callao","status":"publish","type":"post","link":"https:\/\/elinformanteperu.com\/index.php\/2025\/03\/18\/gobierno-oficializa-estado-de-emergencia-en-lima-metropolitana-y-el-callao\/","title":{"rendered":"Gobierno oficializa estado de emergencia en Lima Metropolitana y el Callao"},"content":{"rendered":"<p><span style=\"color: #000000;\"><strong>Lima, 17 de marzo 2023, (ANDINA).-<\/strong> El Poder Ejecutivo oficializ\u00f3 hoy el Decreto Supremo N\u00b0 035-2025-PCM que declara el estado de emergencia en Lima Metropolitana y en la Provincia Constitucional del Callao.<\/span><\/p>\n<p><span style=\"color: #000000;\">Dicho decreto publicado en una edici\u00f3n extraordinaria del Bolet\u00edn de Normas Legales del Diario Oficial El Peruano, indica que la declaratoria es por el t\u00e9rmino de 30 d\u00edas calendarios.<\/span><\/p>\n<p><span style=\"color: #000000;\">Se indica que la Polic\u00eda Nacional del Per\u00fa mantiene el control del orden interno, con acciones de apoyo de las Fuerzas Armadas, para lo cual la instituci\u00f3n policial determina las zonas donde se requiera dicho apoyo.<\/span><\/p>\n<p><span style=\"color: #000000;\">El art\u00edculo 2 menciona que la restricci\u00f3n o suspensi\u00f3n del ejercicio de Derechos Constitucionales durante el estado de emergencia, se aplica lo dispuesto en el numeral 1) del art\u00edculo 137 de la Constituci\u00f3n Pol\u00edtica del Per\u00fa, en lo que concierne a la restricci\u00f3n o suspensi\u00f3n del ejercicio de los derechos constitucionales relativos a la inviolabilidad de domicilio, libertad de tr\u00e1nsito por el territorio nacional, libertad de reuni\u00f3n y libertad y seguridad personales, comprendidos en los numerales 9), 11), 12) y 24) literal f) del art\u00edculo 2 de la Constituci\u00f3n Pol\u00edtica del Per\u00fa.<\/span><\/p>\n<p><a href=\"https:\/\/elinformanteperu.com\/wp-content\/uploads\/2025\/03\/PNP-detencion.jpg\"><img fetchpriority=\"high\" decoding=\"async\" class=\"size-large wp-image-136658 aligncenter\" src=\"https:\/\/elinformanteperu.com\/wp-content\/uploads\/2025\/03\/PNP-detencion-1024x683.jpg\" alt=\"\" width=\"615\" height=\"410\" srcset=\"https:\/\/elinformanteperu.com\/wp-content\/uploads\/2025\/03\/PNP-detencion-1024x683.jpg 1024w, https:\/\/elinformanteperu.com\/wp-content\/uploads\/2025\/03\/PNP-detencion-300x200.jpg 300w, https:\/\/elinformanteperu.com\/wp-content\/uploads\/2025\/03\/PNP-detencion-768x512.jpg 768w, https:\/\/elinformanteperu.com\/wp-content\/uploads\/2025\/03\/PNP-detencion-1536x1024.jpg 1536w, https:\/\/elinformanteperu.com\/wp-content\/uploads\/2025\/03\/PNP-detencion.jpg 1800w\" sizes=\"(max-width: 615px) 100vw, 615px\" \/><\/a><span style=\"color: #000000;\">La intervenci\u00f3n de la Polic\u00eda Nacional del Per\u00fa y de las Fuerzas Armadas se efect\u00faa conforme a lo dispuesto en el Decreto Legislativo N\u00b0 1186, Decreto Legislativo que regula el uso de la fuerza por parte de la Polic\u00eda Nacional del Per\u00fa, y en el T\u00edtulo II del Decreto Legislativo N\u00b0 1095, Decreto Legislativo que establece reglas de empleo y uso de la fuerza por parte de las Fuerzas Armadas en el territorio nacional, y su reglamento.<\/span><\/p>\n<p><span style=\"color: #000000;\">La implementaci\u00f3n de las acciones previstas en el presente decreto, se financia con cargo al presupuesto institucional asignado a los pliegos involucrados, y a las asignaciones de recursos adicionales autorizadas por el Ministerio de Econom\u00eda y Finanzas.<\/span><\/p>\n<p><span style=\"color: #000000;\">Precisamente, ayer el jefe del Gabinete Ministerial, Gustavo Adrianz\u00e9n, adelant\u00f3 que el Poder Ejecutivo dispuso que se decrete el estado de emergencia en Lima y la provincia Constitucional del Callao, con el despliegue de tropas de las Fuerzas Armadas en apoyo a la Polic\u00eda Nacional.<\/span><\/p>\n<p><a href=\"https:\/\/elinformanteperu.com\/wp-content\/uploads\/2025\/01\/PNP-seguridad.jpg\"><img decoding=\"async\" class=\"size-large wp-image-132342 aligncenter\" src=\"https:\/\/elinformanteperu.com\/wp-content\/uploads\/2025\/01\/PNP-seguridad-1024x683.jpg\" alt=\"\" width=\"615\" height=\"410\" srcset=\"https:\/\/elinformanteperu.com\/wp-content\/uploads\/2025\/01\/PNP-seguridad-1024x683.jpg 1024w, https:\/\/elinformanteperu.com\/wp-content\/uploads\/2025\/01\/PNP-seguridad-300x200.jpg 300w, https:\/\/elinformanteperu.com\/wp-content\/uploads\/2025\/01\/PNP-seguridad-768x512.jpg 768w, https:\/\/elinformanteperu.com\/wp-content\/uploads\/2025\/01\/PNP-seguridad-1536x1025.jpg 1536w, https:\/\/elinformanteperu.com\/wp-content\/uploads\/2025\/01\/PNP-seguridad.jpg 1800w\" sizes=\"(max-width: 615px) 100vw, 615px\" \/><\/a><\/p>\n","protected":false},"excerpt":{"rendered":"<p>Lima, 17 de marzo 2023, (ANDINA).- El Poder Ejecutivo oficializ\u00f3 hoy el Decreto Supremo N\u00b0 035-2025-PCM que declara el estado de emergencia en Lima Metropolitana y en la Provincia Constitucional del Callao. Dicho decreto publicado en una edici\u00f3n extraordinaria del Bolet\u00edn de Normas Legales del Diario Oficial El Peruano, indica que la declaratoria es por [&hellip;]<\/p>\n","protected":false},"author":1,"featured_media":136944,"comment_status":"closed","ping_status":"closed","sticky":false,"template":"","format":"standard","meta":{"rop_custom_images_group":[],"rop_custom_messages_group":[],"rop_publish_now":"initial","rop_publish_now_accounts":[],"rop_publish_now_history":[],"rop_publish_now_status":"pending","footnotes":""},"categories":[5],"tags":[1421,432],"class_list":["post-136943","post","type-post","status-publish","format-standard","has-post-thumbnail","hentry","category-actualidad-informativa","tag-poder-ejecutivo","tag-seguridad-ciudadana"],"_links":{"self":[{"href":"https:\/\/elinformanteperu.com\/index.php\/wp-json\/wp\/v2\/posts\/136943","targetHints":{"allow":["GET"]}}],"collection":[{"href":"https:\/\/elinformanteperu.com\/index.php\/wp-json\/wp\/v2\/posts"}],"about":[{"href":"https:\/\/elinformanteperu.com\/index.php\/wp-json\/wp\/v2\/types\/post"}],"author":[{"embeddable":true,"href":"https:\/\/elinformanteperu.com\/index.php\/wp-json\/wp\/v2\/users\/1"}],"replies":[{"embeddable":true,"href":"https:\/\/elinformanteperu.com\/index.php\/wp-json\/wp\/v2\/comments?post=136943"}],"version-history":[{"count":1,"href":"https:\/\/elinformanteperu.com\/index.php\/wp-json\/wp\/v2\/posts\/136943\/revisions"}],"predecessor-version":[{"id":136945,"href":"https:\/\/elinformanteperu.com\/index.php\/wp-json\/wp\/v2\/posts\/136943\/revisions\/136945"}],"wp:featuredmedia":[{"embeddable":true,"href":"https:\/\/elinformanteperu.com\/index.php\/wp-json\/wp\/v2\/media\/136944"}],"wp:attachment":[{"href":"https:\/\/elinformanteperu.com\/index.php\/wp-json\/wp\/v2\/media?parent=136943"}],"wp:term":[{"taxonomy":"category","embeddable":true,"href":"https:\/\/elinformanteperu.com\/index.php\/wp-json\/wp\/v2\/categories?post=136943"},{"taxonomy":"post_tag","embeddable":true,"href":"https:\/\/elinformanteperu.com\/index.php\/wp-json\/wp\/v2\/tags?post=136943"}],"curies":[{"name":"wp","href":"https:\/\/api.w.org\/{rel}","templated":true}]}}