{"id":136940,"date":"2025-03-18T02:02:37","date_gmt":"2025-03-18T07:02:37","guid":{"rendered":"https:\/\/elinformanteperu.com\/?p=136940"},"modified":"2025-03-18T02:02:37","modified_gmt":"2025-03-18T07:02:37","slug":"congreso-evaluan-efectos-de-propuestas-para-nuevos-retiros-de-fondos-de-afp-y-cts","status":"publish","type":"post","link":"https:\/\/elinformanteperu.com\/index.php\/2025\/03\/18\/congreso-evaluan-efectos-de-propuestas-para-nuevos-retiros-de-fondos-de-afp-y-cts\/","title":{"rendered":"Congreso: eval\u00faan efectos de propuestas para nuevos retiros de fondos de AFP y CTS"},"content":{"rendered":"<p><span style=\"color: #000000;\"><strong>Lima, 17 de marzo 2023, (ANDINA).-<\/strong> El presidente de la Comisi\u00f3n de Econom\u00eda, Banca, Finanzas e Inteligencia Financiera, Ilich L\u00f3pez (AP), lider\u00f3 una mesa de trabajo en la cual se trat\u00f3 sobre los efectos de los nuevos retiros de las Administradoras de Fondo de Pensiones (AFP) y la Compensaci\u00f3n por Tiempo de Servicios (CTS), que cont\u00f3 con la participaci\u00f3n de representantes del Poder Ejecutivo y el sector privado.<\/span><\/p>\n<p><span style=\"color: #000000;\">En la sesi\u00f3n, el parlamentario dijo que, dentro de 15 o 20 a\u00f1os, muchos de los presentes ser\u00e1n adultos mayores, por lo que consider\u00f3 importante cautelar los fondos de pensiones a fin de poder subsistir en el futuro.<\/span><\/p>\n<p><span style=\"color: #000000;\">Desde su \u00f3ptica, el Parlamento tiene la preocupaci\u00f3n por cuidar los ahorros previsionales, pese a que se han presentado seis proyectos de ley para el retiro de dichos fondos.<\/span><\/p>\n<p><span style=\"color: #000000;\">\u201cB\u00e1sicamente, los proyectos de ley de retiro de AFP aducen que la situaci\u00f3n econ\u00f3mica del Per\u00fa no es buena por la crisis pol\u00edtica que azota al pa\u00eds e inseguridad, por ello, existe un motivo para un nuevo retiro (\u2026) sin embargo, es importante que se conozca las motivaciones y haya un debate t\u00e9cnico sustentado\u201d, sostuvo L\u00f3pez.<\/span><\/p>\n<p><span style=\"color: #000000;\">El titular de la Comisi\u00f3n de Econom\u00eda se\u00f1al\u00f3 que las pensiones en el Per\u00fa se deben cautelar y consider\u00f3 que hay que trabajar en el futuro de las pensiones, para no tener un problema social muy grande y fuerte.<\/span><\/p>\n<p><a href=\"https:\/\/elinformanteperu.com\/wp-content\/uploads\/2021\/06\/pleno10.jpg\"><img fetchpriority=\"high\" decoding=\"async\" class=\"size-large wp-image-100140 aligncenter\" src=\"https:\/\/elinformanteperu.com\/wp-content\/uploads\/2021\/06\/pleno10-1024x683.jpg\" alt=\"\" width=\"615\" height=\"410\" srcset=\"https:\/\/elinformanteperu.com\/wp-content\/uploads\/2021\/06\/pleno10-1024x683.jpg 1024w, https:\/\/elinformanteperu.com\/wp-content\/uploads\/2021\/06\/pleno10-300x200.jpg 300w, https:\/\/elinformanteperu.com\/wp-content\/uploads\/2021\/06\/pleno10-768x512.jpg 768w, https:\/\/elinformanteperu.com\/wp-content\/uploads\/2021\/06\/pleno10-1536x1024.jpg 1536w, https:\/\/elinformanteperu.com\/wp-content\/uploads\/2021\/06\/pleno10.jpg 1800w\" sizes=\"(max-width: 615px) 100vw, 615px\" \/><\/a><strong><span style=\"color: #000000;\">Posiciones<\/span><\/strong><\/p>\n<p><span style=\"color: #000000;\">En la mesa de trabajo expuso el gerente de pol\u00edticas monetarias del Banco Central de Reserva del Per\u00fa (BCRP), Carlos Montoro, quien sostuvo que el principal impacto del retiro de AFP es la reducci\u00f3n de los ahorros acumulados.<\/span><\/p>\n<p><span style=\"color: #000000;\">\u201cTambi\u00e9n afecta la rentabilidad de los fondos, ya que las AFP van a liquidar en poco tiempo activos que son montos grandes. En t\u00e9rminos macroecon\u00f3micos se afecta a la sociedad en forma negativa, porque pone en riesgo la calificaci\u00f3n crediticia del pa\u00eds\u201d, sostuvo.<\/span><\/p>\n<p><span style=\"color: #000000;\">A su turno, el gerente legal de la C\u00e1mara de Comercio de Lima (CCL), \u00c1lvaro G\u00e1lvez, lament\u00f3 que los proponentes de los proyectos de ley de retiro de AFP no hayan acudido para sustentar sus iniciativas.<\/span><\/p>\n<p><span style=\"color: #000000;\">Luego, se refiri\u00f3 al retiro de CTS y se mostr\u00f3 en contra de que cada a\u00f1o se apruebe que los trabajadores saquen su dinero, pues \u201cse ha convertido en un sueldo m\u00e1s pese a no ser su finalidad\u201d.<\/span><\/p>\n<p><span style=\"color: #000000;\">En tanto, Ismael Benavides, miembro del Consejo Consultivo de la Comisi\u00f3n de Econom\u00eda del Congreso, se\u00f1al\u00f3 que el dinero de la CTS es un seguro ante un despido y que su retiro solo debe darse ante casos extraordinarios.<\/span><\/p>\n<p><span style=\"color: #000000;\">\u201cEl retiro de la CTS se ha venido desvirtuando cada a\u00f1o y ha dejado de ser un ahorro ante contingencias\u201d, dijo.<\/span><\/p>\n<p><span style=\"color: #000000;\">En la sesi\u00f3n tambi\u00e9n estuvieron representantes de las facultades de Econom\u00eda de diversas universidades, del Ministerio de Econom\u00eda y Finanzas as\u00ed como de la Superintendencia de Banca y Seguros (SBS) y la Asociaci\u00f3n de Bancos del Per\u00fa, entre otros.<\/span><\/p>\n","protected":false},"excerpt":{"rendered":"<p>Lima, 17 de marzo 2023, (ANDINA).- El presidente de la Comisi\u00f3n de Econom\u00eda, Banca, Finanzas e Inteligencia Financiera, Ilich L\u00f3pez (AP), lider\u00f3 una mesa de trabajo en la cual se trat\u00f3 sobre los efectos de los nuevos retiros de las Administradoras de Fondo de Pensiones (AFP) y la Compensaci\u00f3n por Tiempo de Servicios (CTS), que [&hellip;]<\/p>\n","protected":false},"author":1,"featured_media":136941,"comment_status":"closed","ping_status":"closed","sticky":false,"template":"","format":"standard","meta":{"rop_custom_images_group":[],"rop_custom_messages_group":[],"rop_publish_now":"initial","rop_publish_now_accounts":[],"rop_publish_now_history":[],"rop_publish_now_status":"pending","footnotes":""},"categories":[5],"tags":[1760,1562,192,1561,6769],"class_list":["post-136940","post","type-post","status-publish","format-standard","has-post-thumbnail","hentry","category-actualidad-informativa","tag-afp","tag-compensacion-del-tiempo-de-servicios","tag-congreso","tag-cts","tag-ilich-lopez"],"_links":{"self":[{"href":"https:\/\/elinformanteperu.com\/index.php\/wp-json\/wp\/v2\/posts\/136940","targetHints":{"allow":["GET"]}}],"collection":[{"href":"https:\/\/elinformanteperu.com\/index.php\/wp-json\/wp\/v2\/posts"}],"about":[{"href":"https:\/\/elinformanteperu.com\/index.php\/wp-json\/wp\/v2\/types\/post"}],"author":[{"embeddable":true,"href":"https:\/\/elinformanteperu.com\/index.php\/wp-json\/wp\/v2\/users\/1"}],"replies":[{"embeddable":true,"href":"https:\/\/elinformanteperu.com\/index.php\/wp-json\/wp\/v2\/comments?post=136940"}],"version-history":[{"count":1,"href":"https:\/\/elinformanteperu.com\/index.php\/wp-json\/wp\/v2\/posts\/136940\/revisions"}],"predecessor-version":[{"id":136942,"href":"https:\/\/elinformanteperu.com\/index.php\/wp-json\/wp\/v2\/posts\/136940\/revisions\/136942"}],"wp:featuredmedia":[{"embeddable":true,"href":"https:\/\/elinformanteperu.com\/index.php\/wp-json\/wp\/v2\/media\/136941"}],"wp:attachment":[{"href":"https:\/\/elinformanteperu.com\/index.php\/wp-json\/wp\/v2\/media?parent=136940"}],"wp:term":[{"taxonomy":"category","embeddable":true,"href":"https:\/\/elinformanteperu.com\/index.php\/wp-json\/wp\/v2\/categories?post=136940"},{"taxonomy":"post_tag","embeddable":true,"href":"https:\/\/elinformanteperu.com\/index.php\/wp-json\/wp\/v2\/tags?post=136940"}],"curies":[{"name":"wp","href":"https:\/\/api.w.org\/{rel}","templated":true}]}}