{"id":136935,"date":"2025-03-18T01:54:21","date_gmt":"2025-03-18T06:54:21","guid":{"rendered":"https:\/\/elinformanteperu.com\/?p=136935"},"modified":"2025-03-18T01:54:21","modified_gmt":"2025-03-18T06:54:21","slug":"congreso-presentan-mocion-de-censura-contra-ministro-del-interior","status":"publish","type":"post","link":"https:\/\/elinformanteperu.com\/index.php\/2025\/03\/18\/congreso-presentan-mocion-de-censura-contra-ministro-del-interior\/","title":{"rendered":"Congreso: presentan moci\u00f3n de censura contra ministro del Interior"},"content":{"rendered":"<p><span style=\"color: #000000;\"><strong>Lima, 17 de marzo 2023, (ANDINA).-<\/strong> Una moci\u00f3n de censura contra el ministro del Interior (Mininter), Juan Jos\u00e9 Santiv\u00e1\u00f1ez, fue presentada en mesa de partes del Congreso, impulsada por la parlamentaria del Bloque Democr\u00e1tico Popular, Susel Paredes.<\/span><\/p>\n<p><span style=\"color: #000000;\">Seg\u00fan la Moci\u00f3n de Orden del D\u00eda N\u00b0 16182, se le cuestiona al titular del Mininter la ausencia de medidas concretas y planes estrat\u00e9gicos inmediatos para abordar la crisis de inseguridad.<\/span><\/p>\n<p><span style=\"color: #000000;\">Adem\u00e1s, se\u00f1ala que hay una falta de una direcci\u00f3n clara en el sector del Interior, la inexistencia de trabajo efectivo en inteligencia para llevar a cabo intervenciones exitosas y la carencia de capacidad operativa para enfrentar esta grave situaci\u00f3n.<\/span><\/p>\n<p><span style=\"color: #000000;\">El documento indica que la falta de liderazgo, preparaci\u00f3n y legitimidad del ministro Santiv\u00e1\u00f1ez debilita a\u00fan m\u00e1s la respuesta institucional ante la creciente ola de extorsiones y asesinatos que azotan al pa\u00eds. \u201cSin una gesti\u00f3n s\u00f3lida y un plan de acci\u00f3n claro, las soluciones a los problemas de seguridad contin\u00faan siendo insuficientes\u201d, dice la moci\u00f3n.<\/span><\/p>\n<p><span style=\"color: #000000;\">La moci\u00f3n de censura fue impulsada por la legisladora Susel Paredes (BDP) y cuenta con las firmas de varios parlamentarios, entre ellos, Segundo Acu\u00f1a Peralta (HyD), Isabel Cortez Aguirre (PP), Jaime Quito Sarmiento (BS), V\u00edctor Cutipa Ccama (JP), Norma Yarrow (RP), Ruth Luque Ibarra (BDP), Lady Camones Soriano (APP), y otros.<\/span><\/p>\n<p><a href=\"https:\/\/elinformanteperu.com\/wp-content\/uploads\/2024\/03\/pleno55.jpg\"><img fetchpriority=\"high\" decoding=\"async\" class=\"size-large wp-image-119792 aligncenter\" src=\"https:\/\/elinformanteperu.com\/wp-content\/uploads\/2024\/03\/pleno55-1024x683.jpg\" alt=\"\" width=\"615\" height=\"410\" srcset=\"https:\/\/elinformanteperu.com\/wp-content\/uploads\/2024\/03\/pleno55-1024x683.jpg 1024w, https:\/\/elinformanteperu.com\/wp-content\/uploads\/2024\/03\/pleno55-300x200.jpg 300w, https:\/\/elinformanteperu.com\/wp-content\/uploads\/2024\/03\/pleno55-768x512.jpg 768w, https:\/\/elinformanteperu.com\/wp-content\/uploads\/2024\/03\/pleno55-1536x1024.jpg 1536w, https:\/\/elinformanteperu.com\/wp-content\/uploads\/2024\/03\/pleno55.jpg 1800w\" sizes=\"(max-width: 615px) 100vw, 615px\" \/><\/a><strong><span style=\"color: #000000;\">Procedimiento<\/span><\/strong><\/p>\n<p><span style=\"color: #000000;\">El art\u00edculo 86 del Reglamento del Congreso se refiere a las reglas a seguir respecto a las mociones de censura hacia los ministros de Estado.<\/span><\/p>\n<p><span style=\"color: #000000;\">Se\u00f1ala que \u201cla moci\u00f3n de censura puede ser planteada por los congresistas despu\u00e9s de la interpelaci\u00f3n, la concurrencia de los ministros para informar, o debido a su resistencia para asistir en este \u00faltimo supuesto o tras un debate en el que intervenga el ministro por su propia voluntad\u201d.<\/span><\/p>\n<p><span style=\"color: #000000;\">Precisa que debe ser presentada por al menos el 25 % del n\u00famero legal de congresistas. \u201cLa moci\u00f3n se debatir\u00e1 y votar\u00e1 entre el cuarto y el d\u00e9cimo d\u00eda natural despu\u00e9s de su presentaci\u00f3n. Su aprobaci\u00f3n requerir\u00e1 del voto favorable de m\u00e1s de la mitad del n\u00famero legal de miembros del Congreso\u201d.<\/span><\/p>\n<p><span style=\"color: #000000;\">Tambi\u00e9n se\u00f1ala que los ministros o el Consejo de Ministros censurados deben presentar su renuncia. \u201cEl presidente de la rep\u00fablica debe aceptar dicha renuncia dentro de las 72 horas siguientes\u201d, concluye el dispositivo reglamentario.<\/span><\/p>\n","protected":false},"excerpt":{"rendered":"<p>Lima, 17 de marzo 2023, (ANDINA).- Una moci\u00f3n de censura contra el ministro del Interior (Mininter), Juan Jos\u00e9 Santiv\u00e1\u00f1ez, fue presentada en mesa de partes del Congreso, impulsada por la parlamentaria del Bloque Democr\u00e1tico Popular, Susel Paredes. Seg\u00fan la Moci\u00f3n de Orden del D\u00eda N\u00b0 16182, se le cuestiona al titular del Mininter la ausencia [&hellip;]<\/p>\n","protected":false},"author":1,"featured_media":136936,"comment_status":"closed","ping_status":"closed","sticky":false,"template":"","format":"standard","meta":{"rop_custom_images_group":[],"rop_custom_messages_group":[],"rop_publish_now":"initial","rop_publish_now_accounts":[],"rop_publish_now_history":[],"rop_publish_now_status":"pending","footnotes":""},"categories":[5],"tags":[192,7532,401,432],"class_list":["post-136935","post","type-post","status-publish","format-standard","has-post-thumbnail","hentry","category-actualidad-informativa","tag-congreso","tag-juan-jose-santivanez","tag-mininter","tag-seguridad-ciudadana"],"_links":{"self":[{"href":"https:\/\/elinformanteperu.com\/index.php\/wp-json\/wp\/v2\/posts\/136935","targetHints":{"allow":["GET"]}}],"collection":[{"href":"https:\/\/elinformanteperu.com\/index.php\/wp-json\/wp\/v2\/posts"}],"about":[{"href":"https:\/\/elinformanteperu.com\/index.php\/wp-json\/wp\/v2\/types\/post"}],"author":[{"embeddable":true,"href":"https:\/\/elinformanteperu.com\/index.php\/wp-json\/wp\/v2\/users\/1"}],"replies":[{"embeddable":true,"href":"https:\/\/elinformanteperu.com\/index.php\/wp-json\/wp\/v2\/comments?post=136935"}],"version-history":[{"count":1,"href":"https:\/\/elinformanteperu.com\/index.php\/wp-json\/wp\/v2\/posts\/136935\/revisions"}],"predecessor-version":[{"id":136937,"href":"https:\/\/elinformanteperu.com\/index.php\/wp-json\/wp\/v2\/posts\/136935\/revisions\/136937"}],"wp:featuredmedia":[{"embeddable":true,"href":"https:\/\/elinformanteperu.com\/index.php\/wp-json\/wp\/v2\/media\/136936"}],"wp:attachment":[{"href":"https:\/\/elinformanteperu.com\/index.php\/wp-json\/wp\/v2\/media?parent=136935"}],"wp:term":[{"taxonomy":"category","embeddable":true,"href":"https:\/\/elinformanteperu.com\/index.php\/wp-json\/wp\/v2\/categories?post=136935"},{"taxonomy":"post_tag","embeddable":true,"href":"https:\/\/elinformanteperu.com\/index.php\/wp-json\/wp\/v2\/tags?post=136935"}],"curies":[{"name":"wp","href":"https:\/\/api.w.org\/{rel}","templated":true}]}}