{"id":136931,"date":"2025-03-18T01:50:54","date_gmt":"2025-03-18T06:50:54","guid":{"rendered":"https:\/\/elinformanteperu.com\/?p=136931"},"modified":"2025-03-18T01:50:54","modified_gmt":"2025-03-18T06:50:54","slug":"ministro-del-interior-sobre-mocion-de-censura-estoy-dispuesto-a-ir-al-congreso","status":"publish","type":"post","link":"https:\/\/elinformanteperu.com\/index.php\/2025\/03\/18\/ministro-del-interior-sobre-mocion-de-censura-estoy-dispuesto-a-ir-al-congreso\/","title":{"rendered":"Ministro del Interior sobre moci\u00f3n de censura: \u201cEstoy dispuesto a ir al Congreso\u201d"},"content":{"rendered":"<p><span style=\"color: #000000;\"><strong>Lima, 17 de marzo 2023, (ANDINA).-<\/strong> El ministro del Interior, Juan Jos\u00e9 Santiv\u00e1\u00f1ez, asegur\u00f3 que est\u00e1 dispuesto a acudir ante el Congreso para explicar el trabajo que est\u00e1 haciendo la Polic\u00eda Nacional frente a la inseguridad ciudadana.<\/span><\/p>\n<p><span style=\"color: #000000;\">As\u00ed lo se\u00f1al\u00f3 al ser consultado sobre la moci\u00f3n de censura en su contra, impulsada por la parlamentaria Susel Paredes, la cual ya alcanz\u00f3 el n\u00famero de firmas que requer\u00eda para iniciar su tr\u00e1mite en el Legislativo.<\/span><\/p>\n<p><span style=\"color: #000000;\">Santiv\u00e1\u00f1ez consider\u00f3 que hay mucho desconocimiento con relaci\u00f3n a la labor que desarrolla la PNP y por ello se se\u00f1ala que no hay una estrategia de lucha contra la criminalidad y no se est\u00e1n logrando objetivos.<\/span><\/p>\n<p><span style=\"color: #000000;\">En ese sentido, el titular del Ministerio del Interior (Mininter) indic\u00f3 que, solo en la \u00faltima semana, las fuerzas policiales han concretado m\u00e1s de 6042 detenciones y la desarticulaci\u00f3n de m\u00e1s de 254 bandas criminales.<\/span><\/p>\n<p><span style=\"color: #000000;\">\u201cYo estoy dispuesto a ir al Congreso y explicar todo el trabajo que la Polic\u00eda Nacional est\u00e1 haciendo, porque est\u00e1 demostrado y lo est\u00e1 justamente con los logros y las detenciones que hemos obtenido\u201d, sostuvo el ministro.<\/span><\/p>\n<p><a href=\"https:\/\/elinformanteperu.com\/wp-content\/uploads\/2025\/03\/paul-flores1.jpg\"><img fetchpriority=\"high\" decoding=\"async\" class=\"size-full wp-image-136933 aligncenter\" src=\"https:\/\/elinformanteperu.com\/wp-content\/uploads\/2025\/03\/paul-flores1.jpg\" alt=\"\" width=\"500\" height=\"333\" srcset=\"https:\/\/elinformanteperu.com\/wp-content\/uploads\/2025\/03\/paul-flores1.jpg 500w, https:\/\/elinformanteperu.com\/wp-content\/uploads\/2025\/03\/paul-flores1-300x200.jpg 300w\" sizes=\"(max-width: 500px) 100vw, 500px\" \/><\/a><span style=\"color: #000000;\">Asimismo, remarc\u00f3 que el asesinato del cantante Paul Flores, vocalista de la orquesta Armon\u00eda 10 conocido como \u201cRusso\u201d, no quedar\u00e1 impune.<\/span><\/p>\n<p><span style=\"color: #000000;\">Agreg\u00f3 que desde las primeras horas del domingo ha dado instrucciones precisas al comandante general de la PNP para que todos los \u00f3rganos especializados de la instituci\u00f3n salgan en b\u00fasqueda de los delincuentes que perpetraron el ataque armado contra el bus en que se desplazaba la orquesta musical la madrugada de ayer.<\/span><\/p>\n<p><span style=\"color: #000000;\">Juan Jos\u00e9 Santiv\u00e1\u00f1ez anunci\u00f3 tambi\u00e9n que en 20 d\u00edas estar\u00e1 llegando el armamento que han adquirido para la Polic\u00eda, as\u00ed como chalecos antibalas, los cuales ser\u00e1n distribuidos a sus diferentes unidades y asegur\u00f3 que no se realizaba una compra de este tipo desde hace 40 a\u00f1os.<\/span><\/p>\n<p><a href=\"https:\/\/elinformanteperu.com\/wp-content\/uploads\/2024\/08\/congreso-fachada4.jpg\"><img decoding=\"async\" class=\"size-full wp-image-123843 aligncenter\" src=\"https:\/\/elinformanteperu.com\/wp-content\/uploads\/2024\/08\/congreso-fachada4.jpg\" alt=\"\" width=\"500\" height=\"337\" srcset=\"https:\/\/elinformanteperu.com\/wp-content\/uploads\/2024\/08\/congreso-fachada4.jpg 500w, https:\/\/elinformanteperu.com\/wp-content\/uploads\/2024\/08\/congreso-fachada4-300x202.jpg 300w\" sizes=\"(max-width: 500px) 100vw, 500px\" \/><\/a><\/p>\n","protected":false},"excerpt":{"rendered":"<p>Lima, 17 de marzo 2023, (ANDINA).- El ministro del Interior, Juan Jos\u00e9 Santiv\u00e1\u00f1ez, asegur\u00f3 que est\u00e1 dispuesto a acudir ante el Congreso para explicar el trabajo que est\u00e1 haciendo la Polic\u00eda Nacional frente a la inseguridad ciudadana. As\u00ed lo se\u00f1al\u00f3 al ser consultado sobre la moci\u00f3n de censura en su contra, impulsada por la parlamentaria [&hellip;]<\/p>\n","protected":false},"author":1,"featured_media":136932,"comment_status":"closed","ping_status":"closed","sticky":false,"template":"","format":"standard","meta":{"rop_custom_images_group":[],"rop_custom_messages_group":[],"rop_publish_now":"initial","rop_publish_now_accounts":[],"rop_publish_now_history":[],"rop_publish_now_status":"pending","footnotes":""},"categories":[5],"tags":[192,7532,401,8306,432],"class_list":["post-136931","post","type-post","status-publish","format-standard","has-post-thumbnail","hentry","category-actualidad-informativa","tag-congreso","tag-juan-jose-santivanez","tag-mininter","tag-paul-flores","tag-seguridad-ciudadana"],"_links":{"self":[{"href":"https:\/\/elinformanteperu.com\/index.php\/wp-json\/wp\/v2\/posts\/136931","targetHints":{"allow":["GET"]}}],"collection":[{"href":"https:\/\/elinformanteperu.com\/index.php\/wp-json\/wp\/v2\/posts"}],"about":[{"href":"https:\/\/elinformanteperu.com\/index.php\/wp-json\/wp\/v2\/types\/post"}],"author":[{"embeddable":true,"href":"https:\/\/elinformanteperu.com\/index.php\/wp-json\/wp\/v2\/users\/1"}],"replies":[{"embeddable":true,"href":"https:\/\/elinformanteperu.com\/index.php\/wp-json\/wp\/v2\/comments?post=136931"}],"version-history":[{"count":1,"href":"https:\/\/elinformanteperu.com\/index.php\/wp-json\/wp\/v2\/posts\/136931\/revisions"}],"predecessor-version":[{"id":136934,"href":"https:\/\/elinformanteperu.com\/index.php\/wp-json\/wp\/v2\/posts\/136931\/revisions\/136934"}],"wp:featuredmedia":[{"embeddable":true,"href":"https:\/\/elinformanteperu.com\/index.php\/wp-json\/wp\/v2\/media\/136932"}],"wp:attachment":[{"href":"https:\/\/elinformanteperu.com\/index.php\/wp-json\/wp\/v2\/media?parent=136931"}],"wp:term":[{"taxonomy":"category","embeddable":true,"href":"https:\/\/elinformanteperu.com\/index.php\/wp-json\/wp\/v2\/categories?post=136931"},{"taxonomy":"post_tag","embeddable":true,"href":"https:\/\/elinformanteperu.com\/index.php\/wp-json\/wp\/v2\/tags?post=136931"}],"curies":[{"name":"wp","href":"https:\/\/api.w.org\/{rel}","templated":true}]}}