{"id":13679,"date":"2017-07-27T18:24:02","date_gmt":"2017-07-27T23:24:02","guid":{"rendered":"http:\/\/elinformanteperu.com\/?p=13679"},"modified":"2017-07-27T18:24:02","modified_gmt":"2017-07-27T23:24:02","slug":"seguridad-en-sesion-solemne-del-28","status":"publish","type":"post","link":"https:\/\/elinformanteperu.com\/index.php\/2017\/07\/27\/seguridad-en-sesion-solemne-del-28\/","title":{"rendered":"Seguridad en sesi\u00f3n Solemne del 28"},"content":{"rendered":"<p><strong><span style=\"color: #000000;\">El Congreso de la Rep\u00fablica aplicar\u00e1 estrictas medidas de seguridad con motivo de la Sesi\u00f3n Solemne programada para este viernes 28.<\/span><\/strong><\/p>\n<p><span style=\"color: #000000;\"><strong>Lima, 27 Julio 2017, (El Informante Per\u00fa).-<\/strong> El Congreso de la Rep\u00fablica aplicar\u00e1 estrictas medidas de seguridad con motivo de la Sesi\u00f3n Solemne programada para este viernes 28 con motivo de la conmemoraci\u00f3n del 196 aniversario de la Independencia Nacional y el Mensaje Presidencial que pronunciar\u00e1 el jefe del Estado en el hemiciclo principal del Poder Legislativo.<\/span><\/p>\n<p><span style=\"color: #000000;\">Por recomendaci\u00f3n de la Gerencia de Defensa Civil y Gesti\u00f3n de Riesgos de Desastres de la Municipalidad Provincial de Lima, se ha determinado que el aforo m\u00e1ximo permitido para el Hemiciclo del Congreso de la Rep\u00fablica, en donde se llevar\u00e1 a cabo la Sesi\u00f3n Solemne bajo la presidencia del titular del Parlamento, Luis Galarreta, ser\u00e1 de 420 personas distribuidas en sus tres niveles. <\/span><\/p>\n<p><span style=\"color: #000000;\">Los 130 legisladores ocupar\u00e1n sus curules en el Hemiciclo del Congreso de la Rep\u00fablica y se reducir\u00e1 el n\u00famero de las altas autoridades del Estado y autoridades extranjeras que sean invitadas a permanecer en las galer\u00edas que existen en ese ambiente del Parlamento. <\/span><\/p>\n<p><span style=\"color: #000000;\">En las salas Ra\u00fal Porras Barrenechea y Gustavo Mohme se habilitar\u00e1n monitores de televisi\u00f3n para que los invitados de los se\u00f1ores congresistas y la prensa nacional y extranjera acreditada ante la Oficina de Comunicaciones del Congreso puedan seguir cada una de las incidencias de la Sesi\u00f3n Solemne.<\/span><\/p>\n<p><span style=\"color: #000000;\">El actual edificio principal del Congreso de la Rep\u00fablica tiene m\u00e1s de cien a\u00f1os de antig\u00fcedad. En 1906 se encarg\u00f3 la proyecci\u00f3n del edificio al arquitecto franc\u00e9s Emilio Robert, quien es el autor del proyecto original del actual Palacio Legislativo y dirigi\u00f3 las primeras obras. Con el inicio de la construcci\u00f3n, el propio Congreso dict\u00f3 la ley 909 que declar\u00f3 de inter\u00e9s p\u00fablico la construcci\u00f3n de la sede del Parlamento.<\/span><\/p>\n<p><span style=\"color: #000000;\">La primera estructura que se construy\u00f3 fue el actual hemiciclo que entonces correspond\u00eda a la C\u00e1mara de Diputados que se levant\u00f3 sobre los terrenos que correspond\u00edan al antiguo local de la Universidad Nacional Mayor de San Marcos. Se inaugur\u00f3 el 24 de setiembre de 1908 durante la transmisi\u00f3n del mando presidencial entre el saliente presidente Jos\u00e9 Pardo y el electo Augusto B. Legu\u00eda. Pero se termin\u00f3 de construir el 13 de julio de 1912 para el pleno funcionamiento de la C\u00e1mara de Diputados. Hasta entonces se hab\u00eda construido el Hall de los Pasos Perdidos y el pasadizo que comunica a la presidencia del Parlamento. <\/span><\/p>\n<p><span style=\"color: #000000;\">Lo que ahora se conoce el Hemiciclo Ra\u00fal Porras Barrenechea es lo que antiguamente se utilizaba como el recinto del Senado de la Rep\u00fablica. Se construy\u00f3 sobre los terrenos que antiguamente correspond\u00edan a la Iglesia, el Colegio y el Hospital de Santa Mar\u00eda de la Caridad y las obras concluyeron en 1938, por lo que a partir de 1939 se utiliz\u00f3 para realizar las sesiones ordinarias del Senado hasta 1992.<\/span><\/p>\n","protected":false},"excerpt":{"rendered":"<p>El Congreso de la Rep\u00fablica aplicar\u00e1 estrictas medidas de seguridad con motivo de la Sesi\u00f3n Solemne programada para este viernes 28. Lima, 27 Julio 2017, (El Informante Per\u00fa).- El Congreso de la Rep\u00fablica aplicar\u00e1 estrictas medidas de seguridad con motivo de la Sesi\u00f3n Solemne programada para este viernes 28 con motivo de la conmemoraci\u00f3n del [&hellip;]<\/p>\n","protected":false},"author":1,"featured_media":13680,"comment_status":"open","ping_status":"open","sticky":false,"template":"","format":"standard","meta":{"rop_custom_images_group":[],"rop_custom_messages_group":[],"rop_publish_now":"initial","rop_publish_now_accounts":[],"rop_publish_now_history":[],"rop_publish_now_status":"pending","footnotes":""},"categories":[5],"tags":[192,74],"class_list":["post-13679","post","type-post","status-publish","format-standard","has-post-thumbnail","hentry","category-actualidad-informativa","tag-congreso","tag-pedro-pablo-kuczynski"],"_links":{"self":[{"href":"https:\/\/elinformanteperu.com\/index.php\/wp-json\/wp\/v2\/posts\/13679","targetHints":{"allow":["GET"]}}],"collection":[{"href":"https:\/\/elinformanteperu.com\/index.php\/wp-json\/wp\/v2\/posts"}],"about":[{"href":"https:\/\/elinformanteperu.com\/index.php\/wp-json\/wp\/v2\/types\/post"}],"author":[{"embeddable":true,"href":"https:\/\/elinformanteperu.com\/index.php\/wp-json\/wp\/v2\/users\/1"}],"replies":[{"embeddable":true,"href":"https:\/\/elinformanteperu.com\/index.php\/wp-json\/wp\/v2\/comments?post=13679"}],"version-history":[{"count":1,"href":"https:\/\/elinformanteperu.com\/index.php\/wp-json\/wp\/v2\/posts\/13679\/revisions"}],"predecessor-version":[{"id":13681,"href":"https:\/\/elinformanteperu.com\/index.php\/wp-json\/wp\/v2\/posts\/13679\/revisions\/13681"}],"wp:featuredmedia":[{"embeddable":true,"href":"https:\/\/elinformanteperu.com\/index.php\/wp-json\/wp\/v2\/media\/13680"}],"wp:attachment":[{"href":"https:\/\/elinformanteperu.com\/index.php\/wp-json\/wp\/v2\/media?parent=13679"}],"wp:term":[{"taxonomy":"category","embeddable":true,"href":"https:\/\/elinformanteperu.com\/index.php\/wp-json\/wp\/v2\/categories?post=13679"},{"taxonomy":"post_tag","embeddable":true,"href":"https:\/\/elinformanteperu.com\/index.php\/wp-json\/wp\/v2\/tags?post=13679"}],"curies":[{"name":"wp","href":"https:\/\/api.w.org\/{rel}","templated":true}]}}