{"id":136657,"date":"2025-03-11T02:22:19","date_gmt":"2025-03-11T07:22:19","guid":{"rendered":"https:\/\/elinformanteperu.com\/?p=136657"},"modified":"2025-03-11T02:22:19","modified_gmt":"2025-03-11T07:22:19","slug":"congreso-promulga-ley-que-restituye-detencion-preliminar-en-casos-de-no-flagrancia","status":"publish","type":"post","link":"https:\/\/elinformanteperu.com\/index.php\/2025\/03\/11\/congreso-promulga-ley-que-restituye-detencion-preliminar-en-casos-de-no-flagrancia\/","title":{"rendered":"Congreso promulga ley que restituye detenci\u00f3n preliminar en casos de no flagrancia"},"content":{"rendered":"<p><strong><span style=\"color: #000000;\">En bolet\u00edn Normas Legales<\/span><\/strong><\/p>\n<p><span style=\"color: #000000;\"><strong>Lima, 10 de marzo 2023, (ANDINA).-<\/strong> El Congreso de la Rep\u00fablica promulg\u00f3 hoy en Normas Legales la ley que restituye la detenci\u00f3n preliminar en casos de no flagrancia aprobada por insistencia en el pleno del Legislativo.<\/span><\/p>\n<p><span style=\"color: #000000;\">Ley N\u00b0 32255, que restituye y modifica el literal A) del numeral 1 del art\u00edculo 261 del Nuevo C\u00f3digo Procesal Penal, Decreto Legislativo 957, referido a la detenci\u00f3n preliminar judicial en casos de no flagrancia, precisa que la medida se toma por un juez de investigaci\u00f3n preparatoria, a requerimiento del fiscal.<\/span><\/p>\n<p><span style=\"color: #000000;\">La resoluci\u00f3n que dicta el mandato de detenci\u00f3n preliminar debidamente motivado y teniendo a la vista las actuaciones remitidas por el fiscal, se toma cuando:<\/span><\/p>\n<p><a href=\"https:\/\/elinformanteperu.com\/wp-content\/uploads\/2017\/02\/bus-asalto-rimac.jpg\"><img fetchpriority=\"high\" decoding=\"async\" class=\"size-large wp-image-6321 aligncenter\" src=\"https:\/\/elinformanteperu.com\/wp-content\/uploads\/2017\/02\/bus-asalto-rimac-1024x767.jpg\" alt=\"\" width=\"615\" height=\"461\" srcset=\"https:\/\/elinformanteperu.com\/wp-content\/uploads\/2017\/02\/bus-asalto-rimac-1024x767.jpg 1024w, https:\/\/elinformanteperu.com\/wp-content\/uploads\/2017\/02\/bus-asalto-rimac-300x225.jpg 300w, https:\/\/elinformanteperu.com\/wp-content\/uploads\/2017\/02\/bus-asalto-rimac-768x576.jpg 768w, https:\/\/elinformanteperu.com\/wp-content\/uploads\/2017\/02\/bus-asalto-rimac-128x96.jpg 128w, https:\/\/elinformanteperu.com\/wp-content\/uploads\/2017\/02\/bus-asalto-rimac-32x24.jpg 32w, https:\/\/elinformanteperu.com\/wp-content\/uploads\/2017\/02\/bus-asalto-rimac.jpg 1800w\" sizes=\"(max-width: 615px) 100vw, 615px\" \/><\/a><span style=\"color: #000000;\"><strong>a)<\/strong> No se presente un supuesto de flagrancia delictiva, pero existan elementos razonables para considerar que una persona ha cometido un delito sancionado con pena privativa de libertad superior a cuatro a\u00f1os y, por las circunstancias del caso, se presenten indicios razonables de posibilidad de fuga u obstaculizaci\u00f3n de la averiguaci\u00f3n de la verdad.<\/span><\/p>\n<p><span style=\"color: #000000;\"><strong>b)<\/strong> El sorprendido en flagrante delito logre evitar su detenci\u00f3n.<\/span><\/p>\n<p><span style=\"color: #000000;\"><strong>c)<\/strong> El detenido se fugare de un centro de detenci\u00f3n preliminar.<\/span><\/p>\n<p><span style=\"color: #000000;\">La promulgaci\u00f3n est\u00e1 firmada por el presidente del Congreso, Eduardo Salhuana Cavides, y la primera vicepresidenta del Congreso, Carmen Patricia Ju\u00e1rez Gallegos.<\/span><\/p>\n<p><span style=\"color: #000000;\">El pleno del Congreso aprob\u00f3 el pasado jueves el dictamen de insistencia que restituye la figura de la detenci\u00f3n preliminar judicial en casos de no flagrancia.<\/span><\/p>\n<p><span style=\"color: #000000;\">Previamente, la insistencia a la aut\u00f3grafa de ley observada por el Poder Ejecutivo, fue aprobada en la Comisi\u00f3n de Justicia y Derechos Humanos.<\/span><\/p>\n<p><a href=\"https:\/\/elinformanteperu.com\/wp-content\/uploads\/2024\/11\/pleno-sustentacion-presupuesto.jpg\"><img decoding=\"async\" class=\"size-large wp-image-129185 aligncenter\" src=\"https:\/\/elinformanteperu.com\/wp-content\/uploads\/2024\/11\/pleno-sustentacion-presupuesto-1024x683.jpg\" alt=\"\" width=\"615\" height=\"410\" srcset=\"https:\/\/elinformanteperu.com\/wp-content\/uploads\/2024\/11\/pleno-sustentacion-presupuesto-1024x683.jpg 1024w, https:\/\/elinformanteperu.com\/wp-content\/uploads\/2024\/11\/pleno-sustentacion-presupuesto-300x200.jpg 300w, https:\/\/elinformanteperu.com\/wp-content\/uploads\/2024\/11\/pleno-sustentacion-presupuesto-768x512.jpg 768w, https:\/\/elinformanteperu.com\/wp-content\/uploads\/2024\/11\/pleno-sustentacion-presupuesto-1536x1025.jpg 1536w, https:\/\/elinformanteperu.com\/wp-content\/uploads\/2024\/11\/pleno-sustentacion-presupuesto.jpg 1800w\" sizes=\"(max-width: 615px) 100vw, 615px\" \/><\/a><\/p>\n","protected":false},"excerpt":{"rendered":"<p>En bolet\u00edn Normas Legales Lima, 10 de marzo 2023, (ANDINA).- El Congreso de la Rep\u00fablica promulg\u00f3 hoy en Normas Legales la ley que restituye la detenci\u00f3n preliminar en casos de no flagrancia aprobada por insistencia en el pleno del Legislativo. Ley N\u00b0 32255, que restituye y modifica el literal A) del numeral 1 del art\u00edculo [&hellip;]<\/p>\n","protected":false},"author":1,"featured_media":136658,"comment_status":"closed","ping_status":"closed","sticky":false,"template":"","format":"standard","meta":{"rop_custom_images_group":[],"rop_custom_messages_group":[],"rop_publish_now":"initial","rop_publish_now_accounts":[],"rop_publish_now_history":[],"rop_publish_now_status":"pending","footnotes":""},"categories":[5],"tags":[192,1421],"class_list":["post-136657","post","type-post","status-publish","format-standard","has-post-thumbnail","hentry","category-actualidad-informativa","tag-congreso","tag-poder-ejecutivo"],"_links":{"self":[{"href":"https:\/\/elinformanteperu.com\/index.php\/wp-json\/wp\/v2\/posts\/136657","targetHints":{"allow":["GET"]}}],"collection":[{"href":"https:\/\/elinformanteperu.com\/index.php\/wp-json\/wp\/v2\/posts"}],"about":[{"href":"https:\/\/elinformanteperu.com\/index.php\/wp-json\/wp\/v2\/types\/post"}],"author":[{"embeddable":true,"href":"https:\/\/elinformanteperu.com\/index.php\/wp-json\/wp\/v2\/users\/1"}],"replies":[{"embeddable":true,"href":"https:\/\/elinformanteperu.com\/index.php\/wp-json\/wp\/v2\/comments?post=136657"}],"version-history":[{"count":1,"href":"https:\/\/elinformanteperu.com\/index.php\/wp-json\/wp\/v2\/posts\/136657\/revisions"}],"predecessor-version":[{"id":136659,"href":"https:\/\/elinformanteperu.com\/index.php\/wp-json\/wp\/v2\/posts\/136657\/revisions\/136659"}],"wp:featuredmedia":[{"embeddable":true,"href":"https:\/\/elinformanteperu.com\/index.php\/wp-json\/wp\/v2\/media\/136658"}],"wp:attachment":[{"href":"https:\/\/elinformanteperu.com\/index.php\/wp-json\/wp\/v2\/media?parent=136657"}],"wp:term":[{"taxonomy":"category","embeddable":true,"href":"https:\/\/elinformanteperu.com\/index.php\/wp-json\/wp\/v2\/categories?post=136657"},{"taxonomy":"post_tag","embeddable":true,"href":"https:\/\/elinformanteperu.com\/index.php\/wp-json\/wp\/v2\/tags?post=136657"}],"curies":[{"name":"wp","href":"https:\/\/api.w.org\/{rel}","templated":true}]}}