{"id":136649,"date":"2025-03-11T02:13:35","date_gmt":"2025-03-11T07:13:35","guid":{"rendered":"https:\/\/elinformanteperu.com\/?p=136649"},"modified":"2025-03-11T02:13:35","modified_gmt":"2025-03-11T07:13:35","slug":"mef-tiene-lista-propuesta-legislativa-sobre-reforma-de-asociaciones-publico-privadas","status":"publish","type":"post","link":"https:\/\/elinformanteperu.com\/index.php\/2025\/03\/11\/mef-tiene-lista-propuesta-legislativa-sobre-reforma-de-asociaciones-publico-privadas\/","title":{"rendered":"MEF tiene lista propuesta legislativa sobre reforma de Asociaciones P\u00fablico Privadas"},"content":{"rendered":"<p><strong><span style=\"color: #000000;\">Ministro Jos\u00e9 Salardi dice que capacidades de ProInversi\u00f3n ser\u00e1n ampliadas<\/span><\/strong><\/p>\n<p><span style=\"color: #000000;\"><strong>Lima, 10 de marzo 2023, (ANDINA).-<\/strong> El ministro de Econom\u00eda y Finanzas, Jos\u00e9 Salardi, se\u00f1al\u00f3 hoy que su portafolio y la Agencia de Promoci\u00f3n de la Inversi\u00f3n Privada (ProInversi\u00f3n) ya tienen lista una propuesta legislativa para la reforma de la modalidad de Asociaciones P\u00fablico Privadas (APP).<\/span><\/p>\n<p><span style=\"color: #000000;\">\u201cNuestra propuesta legislativa sobre APP, trabajada conjuntamente con ProInversi\u00f3n, ya est\u00e1 lista y estamos conversando con diferentes bancadas en el Congreso de la Rep\u00fablica\u201d, manifest\u00f3.<\/span><\/p>\n<p><span style=\"color: #000000;\">\u201cDefinitivamente es una reforma muy potente porque permitir\u00e1 reducir de manera sustancial los plazos que se tienen hoy en d\u00eda en una APP o la que hemos tenido hist\u00f3ricamente\u201d, agreg\u00f3.<\/span><\/p>\n<p><span style=\"color: #000000;\">Las APP constituyen una modalidad de participaci\u00f3n de la inversi\u00f3n privada, mediante contratos de largo plazo en los que interviene el Estado, a trav\u00e9s de alguna entidad p\u00fablica y uno o m\u00e1s inversionistas privados, los cuales se distribuyen riesgos y recursos para desarrollar proyectos de infraestructura y servicios p\u00fablicos garantizando niveles de servicios \u00f3ptimos para los usuarios.<\/span><\/p>\n<p><a href=\"https:\/\/elinformanteperu.com\/wp-content\/uploads\/2025\/03\/MEF-Jose-Salardi.jpg\"><img fetchpriority=\"high\" decoding=\"async\" class=\"size-full wp-image-136650 aligncenter\" src=\"https:\/\/elinformanteperu.com\/wp-content\/uploads\/2025\/03\/MEF-Jose-Salardi.jpg\" alt=\"\" width=\"500\" height=\"333\" srcset=\"https:\/\/elinformanteperu.com\/wp-content\/uploads\/2025\/03\/MEF-Jose-Salardi.jpg 500w, https:\/\/elinformanteperu.com\/wp-content\/uploads\/2025\/03\/MEF-Jose-Salardi-300x200.jpg 300w\" sizes=\"(max-width: 500px) 100vw, 500px\" \/><\/a><span style=\"color: #000000;\">\u201cSer\u00e1 una reforma que permitir\u00e1 un giro de 180 grados y viene desde la experiencia que tenemos en ejecuci\u00f3n de proyectos en diferentes sectores. El equipo que particip\u00f3 en la reforma ha vivido d\u00eda a d\u00eda lo que ha costado sacar los proyectos\u201d, dijo Jos\u00e9 Salardi.<\/span><\/p>\n<p><span style=\"color: #000000;\">\u201cSobre esa experiencia, podemos plantear una reforma sustancial que nos permita encaminar y cumplir con las necesidades que se tienen para cerrar las brechas y que la calidad de vida de la poblaci\u00f3n mejore. Siempre digo de una manera muy sencilla: nos demoramos 10 a\u00f1os en papeles y en ejecutar un proyecto 2 a\u00f1os\u201d, a\u00f1adi\u00f3.<\/span><\/p>\n<p><span style=\"color: #000000;\">El ministro consider\u00f3 que, con la reforma, las capacidades de ProInversi\u00f3n ser\u00e1n ampliadas y tendr\u00e1n una dimensi\u00f3n distinta por la importancia que tendr\u00e1 en el impulso de proyectos de inversi\u00f3n.<\/span><\/p>\n<p><span style=\"color: #000000;\">\u201cNuestra idea es que ProInversi\u00f3n tome los proyectos que por valor o por dinero se justifique que vaya por una APP, sobre un umbral de inversiones\u201d, manifest\u00f3.<\/span><\/p>\n<p><a href=\"https:\/\/elinformanteperu.com\/wp-content\/uploads\/2024\/12\/mef-fachada-1.jpg\"><img decoding=\"async\" class=\"size-large wp-image-131541 aligncenter\" src=\"https:\/\/elinformanteperu.com\/wp-content\/uploads\/2024\/12\/mef-fachada-1-1024x683.jpg\" alt=\"\" width=\"615\" height=\"410\" srcset=\"https:\/\/elinformanteperu.com\/wp-content\/uploads\/2024\/12\/mef-fachada-1-1024x683.jpg 1024w, https:\/\/elinformanteperu.com\/wp-content\/uploads\/2024\/12\/mef-fachada-1-300x200.jpg 300w, https:\/\/elinformanteperu.com\/wp-content\/uploads\/2024\/12\/mef-fachada-1-768x512.jpg 768w, https:\/\/elinformanteperu.com\/wp-content\/uploads\/2024\/12\/mef-fachada-1-1536x1024.jpg 1536w, https:\/\/elinformanteperu.com\/wp-content\/uploads\/2024\/12\/mef-fachada-1.jpg 1800w\" sizes=\"(max-width: 615px) 100vw, 615px\" \/><\/a><\/p>\n","protected":false},"excerpt":{"rendered":"<p>Ministro Jos\u00e9 Salardi dice que capacidades de ProInversi\u00f3n ser\u00e1n ampliadas Lima, 10 de marzo 2023, (ANDINA).- El ministro de Econom\u00eda y Finanzas, Jos\u00e9 Salardi, se\u00f1al\u00f3 hoy que su portafolio y la Agencia de Promoci\u00f3n de la Inversi\u00f3n Privada (ProInversi\u00f3n) ya tienen lista una propuesta legislativa para la reforma de la modalidad de Asociaciones P\u00fablico Privadas [&hellip;]<\/p>\n","protected":false},"author":1,"featured_media":120635,"comment_status":"closed","ping_status":"closed","sticky":false,"template":"","format":"standard","meta":{"rop_custom_images_group":[],"rop_custom_messages_group":[],"rop_publish_now":"initial","rop_publish_now_accounts":[],"rop_publish_now_history":[],"rop_publish_now_status":"pending","footnotes":""},"categories":[5],"tags":[6035,315],"class_list":["post-136649","post","type-post","status-publish","format-standard","has-post-thumbnail","hentry","category-actualidad-informativa","tag-jose-salardi","tag-mef"],"_links":{"self":[{"href":"https:\/\/elinformanteperu.com\/index.php\/wp-json\/wp\/v2\/posts\/136649","targetHints":{"allow":["GET"]}}],"collection":[{"href":"https:\/\/elinformanteperu.com\/index.php\/wp-json\/wp\/v2\/posts"}],"about":[{"href":"https:\/\/elinformanteperu.com\/index.php\/wp-json\/wp\/v2\/types\/post"}],"author":[{"embeddable":true,"href":"https:\/\/elinformanteperu.com\/index.php\/wp-json\/wp\/v2\/users\/1"}],"replies":[{"embeddable":true,"href":"https:\/\/elinformanteperu.com\/index.php\/wp-json\/wp\/v2\/comments?post=136649"}],"version-history":[{"count":1,"href":"https:\/\/elinformanteperu.com\/index.php\/wp-json\/wp\/v2\/posts\/136649\/revisions"}],"predecessor-version":[{"id":136651,"href":"https:\/\/elinformanteperu.com\/index.php\/wp-json\/wp\/v2\/posts\/136649\/revisions\/136651"}],"wp:featuredmedia":[{"embeddable":true,"href":"https:\/\/elinformanteperu.com\/index.php\/wp-json\/wp\/v2\/media\/120635"}],"wp:attachment":[{"href":"https:\/\/elinformanteperu.com\/index.php\/wp-json\/wp\/v2\/media?parent=136649"}],"wp:term":[{"taxonomy":"category","embeddable":true,"href":"https:\/\/elinformanteperu.com\/index.php\/wp-json\/wp\/v2\/categories?post=136649"},{"taxonomy":"post_tag","embeddable":true,"href":"https:\/\/elinformanteperu.com\/index.php\/wp-json\/wp\/v2\/tags?post=136649"}],"curies":[{"name":"wp","href":"https:\/\/api.w.org\/{rel}","templated":true}]}}