{"id":136605,"date":"2025-03-11T01:17:51","date_gmt":"2025-03-11T06:17:51","guid":{"rendered":"https:\/\/elinformanteperu.com\/?p=136605"},"modified":"2025-03-11T01:17:51","modified_gmt":"2025-03-11T06:17:51","slug":"acceso-a-plaza-de-armas-de-arequipa-se-normalizo-luego-de-tres-dias-de-restriccion","status":"publish","type":"post","link":"https:\/\/elinformanteperu.com\/index.php\/2025\/03\/11\/acceso-a-plaza-de-armas-de-arequipa-se-normalizo-luego-de-tres-dias-de-restriccion\/","title":{"rendered":"Acceso a Plaza de Armas de Arequipa se normaliz\u00f3 luego de tres d\u00edas de restricci\u00f3n"},"content":{"rendered":"<p><span style=\"color: #000000;\"><strong>Medida fue dispuesta ante posibles da\u00f1os a la pileta del Tuturutu y \u00e1reas verdes<\/strong><\/span><\/p>\n<p><span style=\"color: #000000;\"><strong>Lima, 10 de marzo 2023, (ANDINA).-<\/strong> El acceso a la Plaza de Armas de Arequipa se normaliz\u00f3 hoy despu\u00e9s de tres d\u00edas de restringirse el tr\u00e1nsito peatonal en la zona, como medida de prevenci\u00f3n ante posibles da\u00f1os a la pileta del Tuturutu y \u00e1reas verdes.<\/span><\/p>\n<p><span style=\"color: #000000;\">La medida dispuesta por la Municipalidad Provincial de Arequipa se cumpli\u00f3 desde el mediod\u00eda del viernes 7 hasta la media noche del domingo 9 de marzo.<\/span><\/p>\n<p><span style=\"color: #000000;\">Durante estos d\u00edas, el paso peatonal por la plaza estuvo restringido para el p\u00fablico en general, por lo que los turistas nacionales y extranjeros expresaron su malestar porque muchos no pudieron tomarse fotos en la emblem\u00e1tica plaza.<\/span><\/p>\n<p><span style=\"color: #000000;\">En los d\u00edas de cierre, serenos y polic\u00edas municipales permanecieron en la zona para hacer cumplir la disposici\u00f3n municipal; sin embargo, el s\u00e1bado esto fue imposible porque un grupo de mujeres que celebraban el D\u00eda Internacional de la Mujer ingresaron abruptamente a la Plaza de Armas, desconociendo la medida.<\/span><\/p>\n<p><strong><span style=\"color: #000000;\">Permanecen las vallas met\u00e1licas<\/span><\/strong><\/p>\n<p><a href=\"https:\/\/elinformanteperu.com\/wp-content\/uploads\/2025\/03\/arequipa-plaza-de-armas1.jpg\"><img fetchpriority=\"high\" decoding=\"async\" class=\"size-full wp-image-136607 aligncenter\" src=\"https:\/\/elinformanteperu.com\/wp-content\/uploads\/2025\/03\/arequipa-plaza-de-armas1.jpg\" alt=\"\" width=\"500\" height=\"334\" srcset=\"https:\/\/elinformanteperu.com\/wp-content\/uploads\/2025\/03\/arequipa-plaza-de-armas1.jpg 500w, https:\/\/elinformanteperu.com\/wp-content\/uploads\/2025\/03\/arequipa-plaza-de-armas1-300x200.jpg 300w\" sizes=\"(max-width: 500px) 100vw, 500px\" \/><\/a><span style=\"color: #000000;\">Si bien la Plaza de Armas fue reabierta hoy, la autoridad municipal dispuso que se resguarde los alrededores de la pileta del Tuturutu y las \u00e1reas verdes con vallas met\u00e1licas, como una medida de prevenci\u00f3n.<\/span><\/p>\n<p><span style=\"color: #000000;\">Las vallas permanecer\u00e1n unos d\u00edas en la plaza resguardando las \u00e1reas mencionadas, informaron las autoridades municipales.<\/span><\/p>\n<p><span style=\"color: #000000;\">Por su parte, el gerente municipal, Pablo Salinas, refiri\u00f3 que se eval\u00faa una ordenanza municipal que regule el acceso a la Plaza de Armas de Arequipa, luego de los incidentes ocurridos por los festejos de carnaval y del D\u00eda Internacional de la Mujer.<\/span><\/p>\n<p><span style=\"color: #000000;\">La normativa tendr\u00eda como objetivo restringir el mal uso de la plaza y preservar el Centro Hist\u00f3rico de Arequipa.<\/span><\/p>\n<p><a href=\"https:\/\/elinformanteperu.com\/wp-content\/uploads\/2025\/03\/arequipa-plaza-de-armas2.jpg\"><img decoding=\"async\" class=\"size-full wp-image-136608 aligncenter\" src=\"https:\/\/elinformanteperu.com\/wp-content\/uploads\/2025\/03\/arequipa-plaza-de-armas2.jpg\" alt=\"\" width=\"500\" height=\"334\" srcset=\"https:\/\/elinformanteperu.com\/wp-content\/uploads\/2025\/03\/arequipa-plaza-de-armas2.jpg 500w, https:\/\/elinformanteperu.com\/wp-content\/uploads\/2025\/03\/arequipa-plaza-de-armas2-300x200.jpg 300w\" sizes=\"(max-width: 500px) 100vw, 500px\" \/><\/a><\/p>\n","protected":false},"excerpt":{"rendered":"<p>Medida fue dispuesta ante posibles da\u00f1os a la pileta del Tuturutu y \u00e1reas verdes Lima, 10 de marzo 2023, (ANDINA).- El acceso a la Plaza de Armas de Arequipa se normaliz\u00f3 hoy despu\u00e9s de tres d\u00edas de restringirse el tr\u00e1nsito peatonal en la zona, como medida de prevenci\u00f3n ante posibles da\u00f1os a la pileta del [&hellip;]<\/p>\n","protected":false},"author":1,"featured_media":136606,"comment_status":"closed","ping_status":"closed","sticky":false,"template":"","format":"standard","meta":{"rop_custom_images_group":[],"rop_custom_messages_group":[],"rop_publish_now":"initial","rop_publish_now_accounts":[],"rop_publish_now_history":[],"rop_publish_now_status":"pending","footnotes":""},"categories":[10],"tags":[769],"class_list":["post-136605","post","type-post","status-publish","format-standard","has-post-thumbnail","hentry","category-actualidad-municipal","tag-arequipa"],"_links":{"self":[{"href":"https:\/\/elinformanteperu.com\/index.php\/wp-json\/wp\/v2\/posts\/136605","targetHints":{"allow":["GET"]}}],"collection":[{"href":"https:\/\/elinformanteperu.com\/index.php\/wp-json\/wp\/v2\/posts"}],"about":[{"href":"https:\/\/elinformanteperu.com\/index.php\/wp-json\/wp\/v2\/types\/post"}],"author":[{"embeddable":true,"href":"https:\/\/elinformanteperu.com\/index.php\/wp-json\/wp\/v2\/users\/1"}],"replies":[{"embeddable":true,"href":"https:\/\/elinformanteperu.com\/index.php\/wp-json\/wp\/v2\/comments?post=136605"}],"version-history":[{"count":1,"href":"https:\/\/elinformanteperu.com\/index.php\/wp-json\/wp\/v2\/posts\/136605\/revisions"}],"predecessor-version":[{"id":136609,"href":"https:\/\/elinformanteperu.com\/index.php\/wp-json\/wp\/v2\/posts\/136605\/revisions\/136609"}],"wp:featuredmedia":[{"embeddable":true,"href":"https:\/\/elinformanteperu.com\/index.php\/wp-json\/wp\/v2\/media\/136606"}],"wp:attachment":[{"href":"https:\/\/elinformanteperu.com\/index.php\/wp-json\/wp\/v2\/media?parent=136605"}],"wp:term":[{"taxonomy":"category","embeddable":true,"href":"https:\/\/elinformanteperu.com\/index.php\/wp-json\/wp\/v2\/categories?post=136605"},{"taxonomy":"post_tag","embeddable":true,"href":"https:\/\/elinformanteperu.com\/index.php\/wp-json\/wp\/v2\/tags?post=136605"}],"curies":[{"name":"wp","href":"https:\/\/api.w.org\/{rel}","templated":true}]}}