{"id":136602,"date":"2025-03-11T01:12:52","date_gmt":"2025-03-11T06:12:52","guid":{"rendered":"https:\/\/elinformanteperu.com\/?p=136602"},"modified":"2025-03-11T01:12:52","modified_gmt":"2025-03-11T06:12:52","slug":"cusco-alertan-caida-de-piedras-en-acceso-y-via-hacia-el-parque-arqueologico-de-pisac","status":"publish","type":"post","link":"https:\/\/elinformanteperu.com\/index.php\/2025\/03\/11\/cusco-alertan-caida-de-piedras-en-acceso-y-via-hacia-el-parque-arqueologico-de-pisac\/","title":{"rendered":"Cusco: alertan ca\u00edda de piedras en acceso y v\u00eda hacia el parque arqueol\u00f3gico de Pisac"},"content":{"rendered":"<p><strong><span style=\"color: #000000;\">Direcci\u00f3n de Cultura recomienda precauciones. Afortunadamente no hay da\u00f1os al patrimonio<\/span><\/strong><\/p>\n<p><span style=\"color: #000000;\"><strong>Lima, 10 de marzo 2023, (ANDINA).-<\/strong> La Direcci\u00f3n Desconcentrada de Cultura (DDC) de Cusco report\u00f3 esta tarde la ca\u00edda de piedras en el acceso al parque arqueol\u00f3gico de Pisac, ubicado en el distrito del mismo nombre, provincia de Calca, a causa de las intensas lluvias.<\/span><\/p>\n<p><span style=\"color: #000000;\">Por ello, a trav\u00e9s de un comunicado, recomienda extrema precauci\u00f3n a usuarios y visitantes en las siguientes \u00e1reas \u201cQantus Rakay\u201d, zona principal de acceso al recinto inca, as\u00ed como en la carretera de acceso, donde se presentan deslizamientos de rocas y tierra.<\/span><\/p>\n<p><span style=\"color: #000000;\">La DDC tambi\u00e9n inform\u00f3 que no se ha reportado ninguna afectaci\u00f3n patrimonial cultural al interior del parque; sin embargo, recomienda tener cuidado al desplazarse dentro del atractivo.<\/span><\/p>\n<p><a href=\"https:\/\/elinformanteperu.com\/wp-content\/uploads\/2021\/03\/carretera-central.jpg\"><img fetchpriority=\"high\" decoding=\"async\" class=\"size-large wp-image-93692 aligncenter\" src=\"https:\/\/elinformanteperu.com\/wp-content\/uploads\/2021\/03\/carretera-central-1024x682.jpg\" alt=\"\" width=\"615\" height=\"410\" srcset=\"https:\/\/elinformanteperu.com\/wp-content\/uploads\/2021\/03\/carretera-central-1024x682.jpg 1024w, https:\/\/elinformanteperu.com\/wp-content\/uploads\/2021\/03\/carretera-central-300x200.jpg 300w, https:\/\/elinformanteperu.com\/wp-content\/uploads\/2021\/03\/carretera-central-768x511.jpg 768w, https:\/\/elinformanteperu.com\/wp-content\/uploads\/2021\/03\/carretera-central-1536x1022.jpg 1536w, https:\/\/elinformanteperu.com\/wp-content\/uploads\/2021\/03\/carretera-central.jpg 1800w\" sizes=\"(max-width: 615px) 100vw, 615px\" \/><\/a><span style=\"color: #000000;\">El parque arqueol\u00f3gico de Pisac, ubicado en la parte superior de la ciudad de Pisac, conforma uno de los recintos ubicados en el Valle Sagrado de Los Incas, al que se asciende en veh\u00edculo por una carretera. El viaje puede durar hasta diez minutos.<\/span><\/p>\n<p><span style=\"color: #000000;\">La zona registra precipitaciones pluviales en los \u00faltimos d\u00edas, as\u00ed como en la provincia de Urubamba, donde se han reportado deslizamientos de rocas en los accesos a las monta\u00f1as Machu Picchu y Wayna Picchu, de la ciudadela inca de Machu Picchu.<\/span><\/p>\n<p><a href=\"https:\/\/elinformanteperu.com\/wp-content\/uploads\/2024\/12\/cusco-lluvia2.jpg\"><img decoding=\"async\" class=\"size-full wp-image-130241 aligncenter\" src=\"https:\/\/elinformanteperu.com\/wp-content\/uploads\/2024\/12\/cusco-lluvia2.jpg\" alt=\"\" width=\"441\" height=\"500\" srcset=\"https:\/\/elinformanteperu.com\/wp-content\/uploads\/2024\/12\/cusco-lluvia2.jpg 441w, https:\/\/elinformanteperu.com\/wp-content\/uploads\/2024\/12\/cusco-lluvia2-265x300.jpg 265w\" sizes=\"(max-width: 441px) 100vw, 441px\" \/><\/a><\/p>\n","protected":false},"excerpt":{"rendered":"<p>Direcci\u00f3n de Cultura recomienda precauciones. Afortunadamente no hay da\u00f1os al patrimonio Lima, 10 de marzo 2023, (ANDINA).- La Direcci\u00f3n Desconcentrada de Cultura (DDC) de Cusco report\u00f3 esta tarde la ca\u00edda de piedras en el acceso al parque arqueol\u00f3gico de Pisac, ubicado en el distrito del mismo nombre, provincia de Calca, a causa de las intensas [&hellip;]<\/p>\n","protected":false},"author":1,"featured_media":136603,"comment_status":"closed","ping_status":"closed","sticky":false,"template":"","format":"standard","meta":{"rop_custom_images_group":[],"rop_custom_messages_group":[],"rop_publish_now":"initial","rop_publish_now_accounts":[],"rop_publish_now_history":[],"rop_publish_now_status":"pending","footnotes":""},"categories":[10,5745],"tags":[1226,105,8296],"class_list":["post-136602","post","type-post","status-publish","format-standard","has-post-thumbnail","hentry","category-actualidad-municipal","category-lo-ultimo","tag-cusco","tag-ministerio-de-cultura","tag-pisac"],"_links":{"self":[{"href":"https:\/\/elinformanteperu.com\/index.php\/wp-json\/wp\/v2\/posts\/136602","targetHints":{"allow":["GET"]}}],"collection":[{"href":"https:\/\/elinformanteperu.com\/index.php\/wp-json\/wp\/v2\/posts"}],"about":[{"href":"https:\/\/elinformanteperu.com\/index.php\/wp-json\/wp\/v2\/types\/post"}],"author":[{"embeddable":true,"href":"https:\/\/elinformanteperu.com\/index.php\/wp-json\/wp\/v2\/users\/1"}],"replies":[{"embeddable":true,"href":"https:\/\/elinformanteperu.com\/index.php\/wp-json\/wp\/v2\/comments?post=136602"}],"version-history":[{"count":1,"href":"https:\/\/elinformanteperu.com\/index.php\/wp-json\/wp\/v2\/posts\/136602\/revisions"}],"predecessor-version":[{"id":136604,"href":"https:\/\/elinformanteperu.com\/index.php\/wp-json\/wp\/v2\/posts\/136602\/revisions\/136604"}],"wp:featuredmedia":[{"embeddable":true,"href":"https:\/\/elinformanteperu.com\/index.php\/wp-json\/wp\/v2\/media\/136603"}],"wp:attachment":[{"href":"https:\/\/elinformanteperu.com\/index.php\/wp-json\/wp\/v2\/media?parent=136602"}],"wp:term":[{"taxonomy":"category","embeddable":true,"href":"https:\/\/elinformanteperu.com\/index.php\/wp-json\/wp\/v2\/categories?post=136602"},{"taxonomy":"post_tag","embeddable":true,"href":"https:\/\/elinformanteperu.com\/index.php\/wp-json\/wp\/v2\/tags?post=136602"}],"curies":[{"name":"wp","href":"https:\/\/api.w.org\/{rel}","templated":true}]}}