{"id":136580,"date":"2025-03-11T00:16:57","date_gmt":"2025-03-11T05:16:57","guid":{"rendered":"https:\/\/elinformanteperu.com\/?p=136580"},"modified":"2025-03-11T00:16:57","modified_gmt":"2025-03-11T05:16:57","slug":"la-version-del-gobierno-un-evento-que-visibilizo-la-censura-a-la-que-estaria-expuesto-el-cine-peruano","status":"publish","type":"post","link":"https:\/\/elinformanteperu.com\/index.php\/2025\/03\/11\/la-version-del-gobierno-un-evento-que-visibilizo-la-censura-a-la-que-estaria-expuesto-el-cine-peruano\/","title":{"rendered":"La versi\u00f3n del gobierno: un evento que visibiliz\u00f3 la censura a la que estar\u00eda expuesto el cine peruano"},"content":{"rendered":"<p><span style=\"color: #000000;\"><strong>Lima, 10 de marzo 2023, (El Informante Per\u00fa).-<\/strong> Con la proyecci\u00f3n de un cl\u00e1sico del cine peruano como La Boca del Lobo en una versi\u00f3n intervenida, simulando c\u00f3mo ser\u00eda la pel\u00edcula cortada por la censura, se realiz\u00f3 el evento La Versi\u00f3n del Gobierno, creado para visibilizar las restricciones y los riesgos a los que estar\u00eda expuesto el cine peruano y la cultura si la llamada \u00abLey Anticine\u00bb llegara a aprobarse. La iniciativa lanzada por TBWA con el apoyo de APRECI y NUNA Cine, puso la voz de alerta.<\/span><\/p>\n<p><span style=\"color: #000000;\">\u00abNo a la Ley Anticine, no a la ley con censura, no a la ley que pueda afectar el surgimiento, el crecimiento y la llegada al p\u00fablico del cine peruano\u00bb, declar\u00f3 Ricardo Bedoya, guionista y cr\u00edtico cine durante el evento que cont\u00f3 con la presencia de diversas personalidades del medio cinematogr\u00e1fico, prensa especializada y p\u00fablico en general.<\/span><\/p>\n<p><a href=\"https:\/\/elinformanteperu.com\/wp-content\/uploads\/2025\/03\/ley-anticine-la-version-del-gobierno-scaled.jpg\"><img fetchpriority=\"high\" decoding=\"async\" class=\"size-large wp-image-136582 aligncenter\" src=\"https:\/\/elinformanteperu.com\/wp-content\/uploads\/2025\/03\/ley-anticine-la-version-del-gobierno-1024x684.jpg\" alt=\"\" width=\"615\" height=\"411\" srcset=\"https:\/\/elinformanteperu.com\/wp-content\/uploads\/2025\/03\/ley-anticine-la-version-del-gobierno-1024x684.jpg 1024w, https:\/\/elinformanteperu.com\/wp-content\/uploads\/2025\/03\/ley-anticine-la-version-del-gobierno-300x200.jpg 300w, https:\/\/elinformanteperu.com\/wp-content\/uploads\/2025\/03\/ley-anticine-la-version-del-gobierno-768x513.jpg 768w, https:\/\/elinformanteperu.com\/wp-content\/uploads\/2025\/03\/ley-anticine-la-version-del-gobierno-1536x1026.jpg 1536w, https:\/\/elinformanteperu.com\/wp-content\/uploads\/2025\/03\/ley-anticine-la-version-del-gobierno-2048x1368.jpg 2048w\" sizes=\"(max-width: 615px) 100vw, 615px\" \/><\/a><span style=\"color: #000000;\">La jornada incluy\u00f3 una alfombra roja y un espacio donde se realizaron entrevistas a directores y cr\u00edticos de cine. Luego se llev\u00f3 a cabo un conversatorio con un panel de especialistas en el tema, entre ellos Alejandra Bernedo (miembro de NUNA), Rossana D\u00edaz (directora de Un mundo para Julius y miembro de NUNA) y Gabriel Quispe (miembro de APRECI), quienes analizaron el impacto de la ley, las medidas que podr\u00edan afectar la producci\u00f3n del cine nacional, como los recortes a su financiamiento, y discutieron posibles acciones para defender la libertad de expresi\u00f3n en el pa\u00eds.<\/span><\/p>\n<p><span style=\"color: #000000;\">El momento central fue con la presentaci\u00f3n de la pel\u00edcula La boca del lobo \u2013 La Versi\u00f3n del Gobierno, con escenas censuradas como una muestra de lo que, precisamente, el Gobierno busca prohibir. Tambi\u00e9n se present\u00f3 un video con fragmentos de distintas pel\u00edculas ic\u00f3nicas del cine peruano como D\u00edas de Santiago, Canci\u00f3n sin nombre, Un mundo para Julius y Viaje a Tombuct\u00fa, entre otras, mostrando c\u00f3mo sus escenas habr\u00edan sido modificadas seg\u00fan los lineamientos que propone la ley en cuesti\u00f3n.<\/span><\/p>\n<p><a href=\"https:\/\/elinformanteperu.com\/wp-content\/uploads\/2025\/03\/la-boca-del-lobo-version-del-gobierno-scaled.jpg\"><img decoding=\"async\" class=\"wp-image-136583 aligncenter\" src=\"https:\/\/elinformanteperu.com\/wp-content\/uploads\/2025\/03\/la-boca-del-lobo-version-del-gobierno-731x1024.jpg\" alt=\"\" width=\"377\" height=\"528\" srcset=\"https:\/\/elinformanteperu.com\/wp-content\/uploads\/2025\/03\/la-boca-del-lobo-version-del-gobierno-731x1024.jpg 731w, https:\/\/elinformanteperu.com\/wp-content\/uploads\/2025\/03\/la-boca-del-lobo-version-del-gobierno-214x300.jpg 214w, https:\/\/elinformanteperu.com\/wp-content\/uploads\/2025\/03\/la-boca-del-lobo-version-del-gobierno-768x1075.jpg 768w, https:\/\/elinformanteperu.com\/wp-content\/uploads\/2025\/03\/la-boca-del-lobo-version-del-gobierno-1097x1536.jpg 1097w, https:\/\/elinformanteperu.com\/wp-content\/uploads\/2025\/03\/la-boca-del-lobo-version-del-gobierno-1463x2048.jpg 1463w, https:\/\/elinformanteperu.com\/wp-content\/uploads\/2025\/03\/la-boca-del-lobo-version-del-gobierno-scaled.jpg 1828w\" sizes=\"(max-width: 377px) 100vw, 377px\" \/><\/a><\/p>\n","protected":false},"excerpt":{"rendered":"<p>Lima, 10 de marzo 2023, (El Informante Per\u00fa).- Con la proyecci\u00f3n de un cl\u00e1sico del cine peruano como La Boca del Lobo en una versi\u00f3n intervenida, simulando c\u00f3mo ser\u00eda la pel\u00edcula cortada por la censura, se realiz\u00f3 el evento La Versi\u00f3n del Gobierno, creado para visibilizar las restricciones y los riesgos a los que estar\u00eda [&hellip;]<\/p>\n","protected":false},"author":1,"featured_media":136581,"comment_status":"closed","ping_status":"closed","sticky":false,"template":"","format":"standard","meta":{"rop_custom_images_group":[],"rop_custom_messages_group":[],"rop_publish_now":"initial","rop_publish_now_accounts":[],"rop_publish_now_history":[],"rop_publish_now_status":"pending","footnotes":""},"categories":[7],"tags":[494,8202],"class_list":["post-136580","post","type-post","status-publish","format-standard","has-post-thumbnail","hentry","category-butaca","tag-apreci","tag-apreci-2025"],"_links":{"self":[{"href":"https:\/\/elinformanteperu.com\/index.php\/wp-json\/wp\/v2\/posts\/136580","targetHints":{"allow":["GET"]}}],"collection":[{"href":"https:\/\/elinformanteperu.com\/index.php\/wp-json\/wp\/v2\/posts"}],"about":[{"href":"https:\/\/elinformanteperu.com\/index.php\/wp-json\/wp\/v2\/types\/post"}],"author":[{"embeddable":true,"href":"https:\/\/elinformanteperu.com\/index.php\/wp-json\/wp\/v2\/users\/1"}],"replies":[{"embeddable":true,"href":"https:\/\/elinformanteperu.com\/index.php\/wp-json\/wp\/v2\/comments?post=136580"}],"version-history":[{"count":1,"href":"https:\/\/elinformanteperu.com\/index.php\/wp-json\/wp\/v2\/posts\/136580\/revisions"}],"predecessor-version":[{"id":136584,"href":"https:\/\/elinformanteperu.com\/index.php\/wp-json\/wp\/v2\/posts\/136580\/revisions\/136584"}],"wp:featuredmedia":[{"embeddable":true,"href":"https:\/\/elinformanteperu.com\/index.php\/wp-json\/wp\/v2\/media\/136581"}],"wp:attachment":[{"href":"https:\/\/elinformanteperu.com\/index.php\/wp-json\/wp\/v2\/media?parent=136580"}],"wp:term":[{"taxonomy":"category","embeddable":true,"href":"https:\/\/elinformanteperu.com\/index.php\/wp-json\/wp\/v2\/categories?post=136580"},{"taxonomy":"post_tag","embeddable":true,"href":"https:\/\/elinformanteperu.com\/index.php\/wp-json\/wp\/v2\/tags?post=136580"}],"curies":[{"name":"wp","href":"https:\/\/api.w.org\/{rel}","templated":true}]}}