{"id":136425,"date":"2025-03-06T02:09:51","date_gmt":"2025-03-06T07:09:51","guid":{"rendered":"https:\/\/elinformanteperu.com\/?p=136425"},"modified":"2025-03-06T02:09:51","modified_gmt":"2025-03-06T07:09:51","slug":"consejo-de-ministros-declara-en-emergencia-otros-90-distritos-afectados-por-lluvias","status":"publish","type":"post","link":"https:\/\/elinformanteperu.com\/index.php\/2025\/03\/06\/consejo-de-ministros-declara-en-emergencia-otros-90-distritos-afectados-por-lluvias\/","title":{"rendered":"Consejo de Ministros declara en emergencia otros 90 distritos afectados por lluvias"},"content":{"rendered":"<p><span style=\"color: #000000;\"><strong>Lima, 5 de marzo 2023, (ANDINA).-<\/strong> El Consejo de Ministros aprob\u00f3 hoy un nuevo decreto supremo para declarar estado de emergencia en 90 distritos afectados por lluvias intensas en los departamentos de Amazonas, \u00c1ncash, Apur\u00edmac, Arequipa, Ayacucho, Cusco, Huancavelica, Hu\u00e1nuco, Ica, Jun\u00edn, La libertad, Lima, Moquegua, Pasco, Tacna, Piura, Tumbes y Ucayali.<\/span><\/p>\n<p><span style=\"color: #000000;\">As\u00ed lo anunci\u00f3 el jefe del gabinete ministerial, Gustavo Adrianz\u00e9n, en conferencia de prensa, tras concluir la sesi\u00f3n semanal del Consejo de Ministros.<\/span><\/p>\n<p><span style=\"color: #000000;\">Adrianz\u00e9n explic\u00f3 que se trata del cuarto decreto supremo que aprueba el Poder Ejecutivo para declarar en emergencia diferentes zonas del pa\u00eds que sufren intensas precipitaciones.<\/span><\/p>\n<p><span style=\"color: #000000;\">\u00abHay un total de 90 distritos m\u00e1s que se han agregado a los que ya tenemos en los decretos 024, 021 y 07\u00bb, dijo el titular de la PCM.<\/span><\/p>\n<p><span style=\"color: #000000;\">Adrianz\u00e9n inform\u00f3 tambi\u00e9n que el primer decreto que se dio por las lluvias intensa ya cumpli\u00f3 su plazo de 60 d\u00edas y se ha visto por conveniente no emitir una pr\u00f3rroga, sino aprobar uno nuevo porque las condiciones han variado significativamente entre enero a la fecha.<\/span><\/p>\n<p><span style=\"color: #000000;\">\u00abNos ha dado espacio para que pensemos en la posibilidad de aprobar un nuevo decreto supremo considerando nuevos distritos que ahora s\u00ed est\u00e1n en emergencia. Recordemos que primero las lluvias se dieron el sur y ahora se han desplazado hacia la zona norte\u00bb, explic\u00f3.<\/span><\/p>\n<p><span style=\"color: #000000;\">De otro lado, indic\u00f3 que en el Consejo de Ministros tambi\u00e9n se aprob\u00f3 la pr\u00f3rroga que declara el estado de emergencia en los distritos de Jos\u00e9 Leonardo Ortiz y La Victoria en Chiclayo por problemas en el sistema de alcantarillado.<\/span><\/p>\n<p><span style=\"color: #000000;\">Adem\u00e1s, dio cuenta que tambi\u00e9n se acord\u00f3 continuar con el estado de emergencia en las provincias de Trujillo, Pataz y Vir\u00fa en el departamento de La Libertad por problemas vinculados a la delincuencia e inseguridad ciudadana.<\/span><\/p>\n<p><strong><span style=\"color: #000000;\">Igualdad de oportunidades<\/span><\/strong><\/p>\n<p><span style=\"color: #000000;\">De otro lado, el jefe del gabinete ministerial reafirm\u00f3 el compromiso y la convicci\u00f3n del gobierno de la presidenta de la rep\u00fablica, Dina Boluarte, para seguir trabajando arduamente a fin de lograr la igualdad de oportunidades entre hombre y mujeres.<\/span><\/p>\n<p><span style=\"color: #000000;\">Destac\u00f3 que el prop\u00f3sito es cerrar las brechas que impiden desarrollo equitativo de nuestras ni\u00f1as y adolescentes.<\/span><\/p>\n<p><span style=\"color: #000000;\">De igual manera, subray\u00f3 el compromiso de seguir trabajando desde el Ministerio de la Mujer y Poblaciones Vulnerables (MIMP) para prevenir y combatir la violencia contra la mujer y el n\u00facleo familiar.<\/span><\/p>\n","protected":false},"excerpt":{"rendered":"<p>Lima, 5 de marzo 2023, (ANDINA).- El Consejo de Ministros aprob\u00f3 hoy un nuevo decreto supremo para declarar estado de emergencia en 90 distritos afectados por lluvias intensas en los departamentos de Amazonas, \u00c1ncash, Apur\u00edmac, Arequipa, Ayacucho, Cusco, Huancavelica, Hu\u00e1nuco, Ica, Jun\u00edn, La libertad, Lima, Moquegua, Pasco, Tacna, Piura, Tumbes y Ucayali. As\u00ed lo anunci\u00f3 [&hellip;]<\/p>\n","protected":false},"author":1,"featured_media":136426,"comment_status":"closed","ping_status":"closed","sticky":false,"template":"","format":"standard","meta":{"rop_custom_images_group":[],"rop_custom_messages_group":[],"rop_publish_now":"initial","rop_publish_now_accounts":[],"rop_publish_now_history":[],"rop_publish_now_status":"pending","footnotes":""},"categories":[5],"tags":[7382,189,2317],"class_list":["post-136425","post","type-post","status-publish","format-standard","has-post-thumbnail","hentry","category-actualidad-informativa","tag-gustavo-adrianzen","tag-pcm","tag-presidencia-del-consejo-de-ministros"],"_links":{"self":[{"href":"https:\/\/elinformanteperu.com\/index.php\/wp-json\/wp\/v2\/posts\/136425","targetHints":{"allow":["GET"]}}],"collection":[{"href":"https:\/\/elinformanteperu.com\/index.php\/wp-json\/wp\/v2\/posts"}],"about":[{"href":"https:\/\/elinformanteperu.com\/index.php\/wp-json\/wp\/v2\/types\/post"}],"author":[{"embeddable":true,"href":"https:\/\/elinformanteperu.com\/index.php\/wp-json\/wp\/v2\/users\/1"}],"replies":[{"embeddable":true,"href":"https:\/\/elinformanteperu.com\/index.php\/wp-json\/wp\/v2\/comments?post=136425"}],"version-history":[{"count":1,"href":"https:\/\/elinformanteperu.com\/index.php\/wp-json\/wp\/v2\/posts\/136425\/revisions"}],"predecessor-version":[{"id":136427,"href":"https:\/\/elinformanteperu.com\/index.php\/wp-json\/wp\/v2\/posts\/136425\/revisions\/136427"}],"wp:featuredmedia":[{"embeddable":true,"href":"https:\/\/elinformanteperu.com\/index.php\/wp-json\/wp\/v2\/media\/136426"}],"wp:attachment":[{"href":"https:\/\/elinformanteperu.com\/index.php\/wp-json\/wp\/v2\/media?parent=136425"}],"wp:term":[{"taxonomy":"category","embeddable":true,"href":"https:\/\/elinformanteperu.com\/index.php\/wp-json\/wp\/v2\/categories?post=136425"},{"taxonomy":"post_tag","embeddable":true,"href":"https:\/\/elinformanteperu.com\/index.php\/wp-json\/wp\/v2\/tags?post=136425"}],"curies":[{"name":"wp","href":"https:\/\/api.w.org\/{rel}","templated":true}]}}