{"id":136422,"date":"2025-03-06T02:03:56","date_gmt":"2025-03-06T07:03:56","guid":{"rendered":"https:\/\/elinformanteperu.com\/?p=136422"},"modified":"2025-03-06T02:03:56","modified_gmt":"2025-03-06T07:03:56","slug":"vladimir-cerron-pj-emitira-19-de-marzo-sentencia-en-casacion-por-caso-aerodromo-wanka","status":"publish","type":"post","link":"https:\/\/elinformanteperu.com\/index.php\/2025\/03\/06\/vladimir-cerron-pj-emitira-19-de-marzo-sentencia-en-casacion-por-caso-aerodromo-wanka\/","title":{"rendered":"Vladimir Cerr\u00f3n: PJ emitir\u00e1 19 de marzo sentencia en casaci\u00f3n por caso Aer\u00f3dromo Wanka"},"content":{"rendered":"<p><span style=\"color: #000000;\"><strong>Lima, 5 de marzo 2023, (ANDINA).-<\/strong> El Poder Judicial anunci\u00f3 que el pr\u00f3ximo 19 de marzo se emitir\u00e1 la sentencia en la casaci\u00f3n interpuesta por la defensa del exgobernador regional de Jun\u00edn, Vladimir Cerr\u00f3n, para anular los procesos que terminaron con una sentencia por el caso Aer\u00f3dromo Wanka.<\/span><\/p>\n<p><span style=\"color: #000000;\">La Sala de Apelaciones de la Corte Superior de Jun\u00edn impuso a Cerr\u00f3n una condena de 3 a\u00f1os y 6 meses de pena efectiva por el presunto delito de colusi\u00f3n.<\/span><\/p>\n<p><span style=\"color: #000000;\">\u201cEscuchados los alegatos de las partes, el presidente del tribunal supremo, C\u00e9sar San Mart\u00edn Castro, anuncia que sentencia de casaci\u00f3n sobre el caso Aer\u00f3dromo Wanka ser\u00e1 emitida el pr\u00f3ximo 19 de marzo, a las 8:30 horas\u201d, inform\u00f3 el Poder Judicial.<\/span><\/p>\n<p><span style=\"color: #000000;\">Luis Miguel Mayhua, abogado de Cerr\u00f3n, indic\u00f3 que la condena a su patrocinado por el delito de colusi\u00f3n le atribuye una infracci\u00f3n a sus funciones, cuando la aprobaci\u00f3n de esta obra, por Asociaci\u00f3n P\u00fablico Privada (APP) fue autorizado por el Consejo Regional de Jun\u00edn y de la Oficina de Proyectos de Inversi\u00f3n del Ministerio de Econom\u00eda y Finanzas.<\/span><\/p>\n<p><span style=\"color: #000000;\">\u201c\u00bfEra competencia del Vladimir Cerr\u00f3n, como presidente del Gobierno Regional de Jun\u00edn, participar de manera directa para saber si los tr\u00e1mites que se realizaban eran los correctos? Evidentemente no. Eso descarta que hubo infracci\u00f3n administrativa y que era competencia de mi patrocinado\u201d, indic\u00f3.<\/span><\/p>\n<p><span style=\"color: #000000;\">Dijo que los integrantes del Consejo Regional, que participaron en este caso, fueron absueltos, lo mismo que los que participaron en el procedimiento t\u00e9cnico y legal, mientras que su patrocinado, que \u00abparticipa solo suscribiendo porque la ley lo exige\u00bb, fue condenado.<\/span><\/p>\n<p><span style=\"color: #000000;\">Caso Aer\u00f3dromo Wanka<\/span><\/p>\n<p><span style=\"color: #000000;\">El Ministerio P\u00fablico sostiene que en este caso hubo una \u201cconcertaci\u00f3n\u201d para la admisi\u00f3n, evaluaci\u00f3n, adjudicaci\u00f3n directa y posterior suscripci\u00f3n del contrato para la construcci\u00f3n y administraci\u00f3n del nuevo Gran Aer\u00f3dromo Regional Wanka, en Jun\u00edn, mediante la modalidad de APP.<\/span><\/p>\n<p><span style=\"color: #000000;\">Desde que se dio a conocer la condena a Vladimir Cerr\u00f3n, el pasado el 6 de octubre del 2023, el exgobernador regional de Jun\u00edn permanece en la clandestinidad y buscado por la justicia.<\/span><\/p>\n<blockquote class=\"twitter-tweet\">\n<p dir=\"ltr\" lang=\"es\"><a href=\"https:\/\/twitter.com\/hashtag\/Ahora?src=hash&amp;ref_src=twsrc%5Etfw\">#Ahora<\/a> Poder Judicial, a trav\u00e9s de la Sala Penal Permanente de la Corte Suprema, eval\u00faa recurso de casaci\u00f3n interpuesto por exgobernador regional Vladimir Cerr\u00f3n Rojas para anular sentencia en primera y segunda instancia en su contra por delito de colusi\u00f3n. Seguir:\u2026 <a href=\"https:\/\/t.co\/oMujaSdLQC\">pic.twitter.com\/oMujaSdLQC<\/a><\/p>\n<p>\u2014 Poder Judicial Per\u00fa (@Poder_Judicial_) <a href=\"https:\/\/twitter.com\/Poder_Judicial_\/status\/1897294628337906098?ref_src=twsrc%5Etfw\">March 5, 2025<\/a><\/p><\/blockquote>\n<p><script async src=\"https:\/\/platform.twitter.com\/widgets.js\" charset=\"utf-8\"><\/script><\/p>\n","protected":false},"excerpt":{"rendered":"<p>Lima, 5 de marzo 2023, (ANDINA).- El Poder Judicial anunci\u00f3 que el pr\u00f3ximo 19 de marzo se emitir\u00e1 la sentencia en la casaci\u00f3n interpuesta por la defensa del exgobernador regional de Jun\u00edn, Vladimir Cerr\u00f3n, para anular los procesos que terminaron con una sentencia por el caso Aer\u00f3dromo Wanka. La Sala de Apelaciones de la Corte [&hellip;]<\/p>\n","protected":false},"author":1,"featured_media":136423,"comment_status":"closed","ping_status":"closed","sticky":false,"template":"","format":"standard","meta":{"rop_custom_images_group":[],"rop_custom_messages_group":[],"rop_publish_now":"initial","rop_publish_now_accounts":[],"rop_publish_now_history":[],"rop_publish_now_status":"pending","footnotes":""},"categories":[5],"tags":[163,4743],"class_list":["post-136422","post","type-post","status-publish","format-standard","has-post-thumbnail","hentry","category-actualidad-informativa","tag-poder-judicial","tag-vladimir-cerron"],"_links":{"self":[{"href":"https:\/\/elinformanteperu.com\/index.php\/wp-json\/wp\/v2\/posts\/136422","targetHints":{"allow":["GET"]}}],"collection":[{"href":"https:\/\/elinformanteperu.com\/index.php\/wp-json\/wp\/v2\/posts"}],"about":[{"href":"https:\/\/elinformanteperu.com\/index.php\/wp-json\/wp\/v2\/types\/post"}],"author":[{"embeddable":true,"href":"https:\/\/elinformanteperu.com\/index.php\/wp-json\/wp\/v2\/users\/1"}],"replies":[{"embeddable":true,"href":"https:\/\/elinformanteperu.com\/index.php\/wp-json\/wp\/v2\/comments?post=136422"}],"version-history":[{"count":1,"href":"https:\/\/elinformanteperu.com\/index.php\/wp-json\/wp\/v2\/posts\/136422\/revisions"}],"predecessor-version":[{"id":136424,"href":"https:\/\/elinformanteperu.com\/index.php\/wp-json\/wp\/v2\/posts\/136422\/revisions\/136424"}],"wp:featuredmedia":[{"embeddable":true,"href":"https:\/\/elinformanteperu.com\/index.php\/wp-json\/wp\/v2\/media\/136423"}],"wp:attachment":[{"href":"https:\/\/elinformanteperu.com\/index.php\/wp-json\/wp\/v2\/media?parent=136422"}],"wp:term":[{"taxonomy":"category","embeddable":true,"href":"https:\/\/elinformanteperu.com\/index.php\/wp-json\/wp\/v2\/categories?post=136422"},{"taxonomy":"post_tag","embeddable":true,"href":"https:\/\/elinformanteperu.com\/index.php\/wp-json\/wp\/v2\/tags?post=136422"}],"curies":[{"name":"wp","href":"https:\/\/api.w.org\/{rel}","templated":true}]}}