{"id":136416,"date":"2025-03-06T01:51:45","date_gmt":"2025-03-06T06:51:45","guid":{"rendered":"https:\/\/elinformanteperu.com\/?p=136416"},"modified":"2025-03-06T01:51:45","modified_gmt":"2025-03-06T06:51:45","slug":"presidente-del-jne-informo-sobre-acciones-con-miras-a-procesos-electorales-del-2025-y-2026","status":"publish","type":"post","link":"https:\/\/elinformanteperu.com\/index.php\/2025\/03\/06\/presidente-del-jne-informo-sobre-acciones-con-miras-a-procesos-electorales-del-2025-y-2026\/","title":{"rendered":"Presidente del JNE inform\u00f3 sobre acciones con miras a procesos electorales del 2025 y 2026"},"content":{"rendered":"<p><strong><span style=\"color: #000000;\">Ante la Comisi\u00f3n de Constituci\u00f3n<\/span><\/strong><\/p>\n<p><span style=\"color: #000000;\"><strong>Lima, 5 de marzo 2023, (ANDINA).<\/strong>&#8211; El presidente del JNE, Roberto Burneo Bermejo, se present\u00f3 en la sesi\u00f3n ordinaria de la Comisi\u00f3n de Constituci\u00f3n y Reglamento del Congreso de la Rep\u00fablica, y dio a conocer las acciones que su gesti\u00f3n desarrolla con miras a los procesos electorales del 2025 y 2026.<\/span><\/p>\n<p><span style=\"color: #000000;\">En ese marco, Burneo Bermejo destac\u00f3 que el convenio de cooperaci\u00f3n interinstitucional con el Poder Judicial permitir\u00e1 el acceso a informaci\u00f3n sobre los antecedentes penales de los candidatos que postulan a los diferentes cargos de elecci\u00f3n popular.<\/span><\/p>\n<p><span style=\"color: #000000;\">Adem\u00e1s, el magistrado se\u00f1al\u00f3 que se han presentado tres iniciativas legislativas, sobre el precedente electoral vinculante, otra que garantiza la integridad del voto, y una tercera sobre la causal de nulidad de las elecciones municipales complementarias.<\/span><\/p>\n<p><span style=\"color: #000000;\">Indic\u00f3 tambi\u00e9n que se actualizan 13 de los reglamentos administrativos que son necesarios para las Elecciones Generales 2026, como los reglamentos de elecciones primarias y sobre la declaraci\u00f3n jurada de hojas de vida de candidatos, entre otros.<\/span><\/p>\n<p><span style=\"color: #000000;\">El presidente del JNE destac\u00f3 que como una buena pr\u00e1ctica se ha publicado el proyecto de cronograma electoral de las Elecciones Generales 2026, una propuesta que ha sido trabajada t\u00e9cnicamente con la ONPE y el Reniec, para recibir los comentarios de la ciudadan\u00eda hasta el 9 de marzo.<\/span><\/p>\n<p><span style=\"color: #000000;\">Al respecto refiri\u00f3 que luego de la convocatoria a las Elecciones Generales 2026, prevista para el 12 de abril, en un plazo de 30 d\u00edas se implementar\u00edan 19 jurados electorales especiales, 11 JEE m\u00e1s hasta el 16 de junio y 30 JEE adicionales hasta el 17 de noviembre.<\/span><\/p>\n<p><span style=\"color: #000000;\">Tambi\u00e9n anunci\u00f3 la creaci\u00f3n de nuevas oficinas desconcentradas del JNE en Huancavelica (en marzo), en Tumbes y el Callao (en abril), y en Pasco, Apur\u00edmac y Moquegua (hacia mitad de a\u00f1o), con lo cual se tendr\u00eda a todo Per\u00fa cubierto.<\/span><\/p>\n<p><span style=\"color: #000000;\">Otro anuncio importante que hizo Burneo Bermejo fue la realizaci\u00f3n de alianzas con actores estrat\u00e9gicos como el Reniec para el uso de la herramienta digital ID-Per\u00fa. \u00abSe espera que en un futuro pr\u00f3ximo esta herramienta permita realizar el proceso de afiliaciones en l\u00ednea\u00bb, dijo.<\/span><\/p>\n<p><span style=\"color: #000000;\">El magistrado enfatiz\u00f3 que en las pr\u00f3ximas semanas habr\u00e1 tres procesos electorales que van a confluir de manera paralela, y para ello el sistema electoral desarrollar\u00e1 su mejor trabajo, con el apoyo de la ciudadan\u00eda, el Poder Legislativo y Ejecutivo.<\/span><\/p>\n<p><span style=\"color: #000000;\">Por \u00faltimo, se refiri\u00f3 al uso de la inteligencia artificial en la labor jurisdiccional y anunci\u00f3 el uso de una herramienta electr\u00f3nica con IA que permite agilizar procesos que usualmente demoraban de seis a ocho horas y que ahora solo toman un minuto.<\/span><\/p>\n<p><a href=\"https:\/\/elinformanteperu.com\/wp-content\/uploads\/2024\/04\/jne-fachada.jpg\"><img fetchpriority=\"high\" decoding=\"async\" class=\"size-large wp-image-120491 aligncenter\" src=\"https:\/\/elinformanteperu.com\/wp-content\/uploads\/2024\/04\/jne-fachada-1024x683.jpg\" alt=\"\" width=\"615\" height=\"410\" srcset=\"https:\/\/elinformanteperu.com\/wp-content\/uploads\/2024\/04\/jne-fachada-1024x683.jpg 1024w, https:\/\/elinformanteperu.com\/wp-content\/uploads\/2024\/04\/jne-fachada-300x200.jpg 300w, https:\/\/elinformanteperu.com\/wp-content\/uploads\/2024\/04\/jne-fachada-768x512.jpg 768w, https:\/\/elinformanteperu.com\/wp-content\/uploads\/2024\/04\/jne-fachada-1536x1024.jpg 1536w, https:\/\/elinformanteperu.com\/wp-content\/uploads\/2024\/04\/jne-fachada.jpg 1800w\" sizes=\"(max-width: 615px) 100vw, 615px\" \/><\/a><\/p>\n","protected":false},"excerpt":{"rendered":"<p>Ante la Comisi\u00f3n de Constituci\u00f3n Lima, 5 de marzo 2023, (ANDINA).&#8211; El presidente del JNE, Roberto Burneo Bermejo, se present\u00f3 en la sesi\u00f3n ordinaria de la Comisi\u00f3n de Constituci\u00f3n y Reglamento del Congreso de la Rep\u00fablica, y dio a conocer las acciones que su gesti\u00f3n desarrolla con miras a los procesos electorales del 2025 y [&hellip;]<\/p>\n","protected":false},"author":1,"featured_media":136417,"comment_status":"closed","ping_status":"closed","sticky":false,"template":"","format":"standard","meta":{"rop_custom_images_group":[],"rop_custom_messages_group":[],"rop_publish_now":"initial","rop_publish_now_accounts":[],"rop_publish_now_history":[],"rop_publish_now_status":"pending","footnotes":""},"categories":[5],"tags":[192,184,185,7761],"class_list":["post-136416","post","type-post","status-publish","format-standard","has-post-thumbnail","hentry","category-actualidad-informativa","tag-congreso","tag-jne","tag-jurado-nacional-de-elecciones","tag-roberto-burneo"],"_links":{"self":[{"href":"https:\/\/elinformanteperu.com\/index.php\/wp-json\/wp\/v2\/posts\/136416","targetHints":{"allow":["GET"]}}],"collection":[{"href":"https:\/\/elinformanteperu.com\/index.php\/wp-json\/wp\/v2\/posts"}],"about":[{"href":"https:\/\/elinformanteperu.com\/index.php\/wp-json\/wp\/v2\/types\/post"}],"author":[{"embeddable":true,"href":"https:\/\/elinformanteperu.com\/index.php\/wp-json\/wp\/v2\/users\/1"}],"replies":[{"embeddable":true,"href":"https:\/\/elinformanteperu.com\/index.php\/wp-json\/wp\/v2\/comments?post=136416"}],"version-history":[{"count":1,"href":"https:\/\/elinformanteperu.com\/index.php\/wp-json\/wp\/v2\/posts\/136416\/revisions"}],"predecessor-version":[{"id":136418,"href":"https:\/\/elinformanteperu.com\/index.php\/wp-json\/wp\/v2\/posts\/136416\/revisions\/136418"}],"wp:featuredmedia":[{"embeddable":true,"href":"https:\/\/elinformanteperu.com\/index.php\/wp-json\/wp\/v2\/media\/136417"}],"wp:attachment":[{"href":"https:\/\/elinformanteperu.com\/index.php\/wp-json\/wp\/v2\/media?parent=136416"}],"wp:term":[{"taxonomy":"category","embeddable":true,"href":"https:\/\/elinformanteperu.com\/index.php\/wp-json\/wp\/v2\/categories?post=136416"},{"taxonomy":"post_tag","embeddable":true,"href":"https:\/\/elinformanteperu.com\/index.php\/wp-json\/wp\/v2\/tags?post=136416"}],"curies":[{"name":"wp","href":"https:\/\/api.w.org\/{rel}","templated":true}]}}