{"id":136386,"date":"2025-03-06T00:42:47","date_gmt":"2025-03-06T05:42:47","guid":{"rendered":"https:\/\/elinformanteperu.com\/?p=136386"},"modified":"2025-03-06T00:42:47","modified_gmt":"2025-03-06T05:42:47","slug":"seguridad-en-el-trabajo-que-deben-hacer-las-empresas-ante-la-temporada-de-lluvias","status":"publish","type":"post","link":"https:\/\/elinformanteperu.com\/index.php\/2025\/03\/06\/seguridad-en-el-trabajo-que-deben-hacer-las-empresas-ante-la-temporada-de-lluvias\/","title":{"rendered":"Seguridad en el trabajo: \u00bfQu\u00e9 deben hacer las empresas ante la temporada de lluvias?"},"content":{"rendered":"<p><strong><span style=\"color: #000000;\">En esta coyuntura, es clave que las empresas refuercen su preparaci\u00f3n para garantizar la seguridad y el bienestar de sus equipos.<\/span><\/strong><\/p>\n<p><span style=\"color: #000000;\"><strong>Lima, 5 de marzo 2023, (El Informante Per\u00fa).-<\/strong> En distintas regiones del pa\u00eds, las lluvias de este a\u00f1o han tra\u00eddo retos para la movilidad y el d\u00eda a d\u00eda de muchas personas. En este contexto, el rol de las empresas es fundamental no solo para mantener una comunicaci\u00f3n clara, sino tambi\u00e9n para brindar apoyo a sus equipos y garantizar que cuenten con condiciones seguras para desarrollar sus actividades.<\/span><\/p>\n<p><span style=\"color: #000000;\">Vanessa Ratto, gerente de Desarrollo Humano, Marketing y Sostenibilidad de Pac\u00edfico Seguros, comparte algunas acciones claves para priorizar el bienestar de los colaboradores durante esta temporada:<\/span><\/p>\n<p><span style=\"color: #000000;\"><strong>1. Informaci\u00f3n actualizada del equipo:<\/strong> Contar con un registro con los datos de contacto y ubicaci\u00f3n de los colaboradores permite reaccionar con rapidez ante cualquier eventualidad.<\/span><\/p>\n<p><span style=\"color: #000000;\"><strong>2. Flexibilidad laboral ante imprevistos:<\/strong> En d\u00edas de lluvias intensas, facilitar el teletrabajo o flexibilizar los horarios es un gran diferencial para que los colaboradores se resguarden sin afectar sus responsabilidades. Evaluar estas alternativas ayuda a reducir la exposici\u00f3n a riesgos en los traslados.<\/span><\/p>\n<p><span style=\"color: #000000;\"><strong>3. Comunicaci\u00f3n clara y accesible:<\/strong> Contar con grupos de comunicaci\u00f3n interna o plataformas de alerta permite mantener informados a los equipos sobre medidas de prevenci\u00f3n y asistencia en caso de emergencia.<\/span><\/p>\n<p><span style=\"color: #000000;\"><strong>4. Apoyo en movilidad y asistencia:<\/strong> En situaciones donde el acceso a los centros de trabajo se vea afectado, evaluar opciones de transporte seguro o coordinar con los colaboradores para evitar desplazamientos innecesarios contribuye a su seguridad.<\/span><\/p>\n<p><span style=\"color: #000000;\"><strong>5. Cuidado del bienestar integral:<\/strong> El impacto de las lluvias no solo es f\u00edsico, sino tambi\u00e9n emocional. Brindar acceso a orientaci\u00f3n psicol\u00f3gica, asistencia m\u00e9dica o programas de bienestar ayuda a que los colaboradores puedan afrontar con mayor tranquilidad cualquier situaci\u00f3n adversa.<\/span><\/p>\n<p><span style=\"color: #000000;\"><strong>6. Mantente informado y sigue a los expertos:<\/strong> Monitorear las alertas meteorol\u00f3gicas y seguir las recomendaciones de entidades especializadas ayuda a tomar decisiones a tiempo. Si cuentas con un seguro de Pac\u00edfico, en Protege365 puedes acceder a capacitaciones, webinars, charlas, y dem\u00e1s contenidos que te ayudar\u00e1n a gestionar estos eventos de manera segura.<\/span><\/p>\n<p><span style=\"color: #000000;\">\u00abPara toda empresa, la seguridad de nuestros colaboradores debe ser una prioridad. Ante fen\u00f3menos clim\u00e1ticos, en el caso de Pac\u00edfico Seguros establecimos planes de prevenci\u00f3n y asistencia, con medidas seg\u00fan el nivel de afectaci\u00f3n, como kits de emergencia, apoyo econ\u00f3mico, facilidades de trabajo remoto o licencias. Adem\u00e1s, realizamos un seguimiento ocupacional y de salud para garantizar su bienestar\u00bb, se\u00f1ala Ratto.<\/span><\/p>\n","protected":false},"excerpt":{"rendered":"<p>En esta coyuntura, es clave que las empresas refuercen su preparaci\u00f3n para garantizar la seguridad y el bienestar de sus equipos. Lima, 5 de marzo 2023, (El Informante Per\u00fa).- En distintas regiones del pa\u00eds, las lluvias de este a\u00f1o han tra\u00eddo retos para la movilidad y el d\u00eda a d\u00eda de muchas personas. En este [&hellip;]<\/p>\n","protected":false},"author":1,"featured_media":135891,"comment_status":"closed","ping_status":"closed","sticky":false,"template":"","format":"standard","meta":{"rop_custom_images_group":[],"rop_custom_messages_group":[],"rop_publish_now":"initial","rop_publish_now_accounts":[],"rop_publish_now_history":[],"rop_publish_now_status":"pending","footnotes":""},"categories":[10,5746,21],"tags":[675],"class_list":["post-136386","post","type-post","status-publish","format-standard","has-post-thumbnail","hentry","category-actualidad-municipal","category-foto-noticias","category-orientacion","tag-pacifico-seguros"],"_links":{"self":[{"href":"https:\/\/elinformanteperu.com\/index.php\/wp-json\/wp\/v2\/posts\/136386","targetHints":{"allow":["GET"]}}],"collection":[{"href":"https:\/\/elinformanteperu.com\/index.php\/wp-json\/wp\/v2\/posts"}],"about":[{"href":"https:\/\/elinformanteperu.com\/index.php\/wp-json\/wp\/v2\/types\/post"}],"author":[{"embeddable":true,"href":"https:\/\/elinformanteperu.com\/index.php\/wp-json\/wp\/v2\/users\/1"}],"replies":[{"embeddable":true,"href":"https:\/\/elinformanteperu.com\/index.php\/wp-json\/wp\/v2\/comments?post=136386"}],"version-history":[{"count":1,"href":"https:\/\/elinformanteperu.com\/index.php\/wp-json\/wp\/v2\/posts\/136386\/revisions"}],"predecessor-version":[{"id":136387,"href":"https:\/\/elinformanteperu.com\/index.php\/wp-json\/wp\/v2\/posts\/136386\/revisions\/136387"}],"wp:featuredmedia":[{"embeddable":true,"href":"https:\/\/elinformanteperu.com\/index.php\/wp-json\/wp\/v2\/media\/135891"}],"wp:attachment":[{"href":"https:\/\/elinformanteperu.com\/index.php\/wp-json\/wp\/v2\/media?parent=136386"}],"wp:term":[{"taxonomy":"category","embeddable":true,"href":"https:\/\/elinformanteperu.com\/index.php\/wp-json\/wp\/v2\/categories?post=136386"},{"taxonomy":"post_tag","embeddable":true,"href":"https:\/\/elinformanteperu.com\/index.php\/wp-json\/wp\/v2\/tags?post=136386"}],"curies":[{"name":"wp","href":"https:\/\/api.w.org\/{rel}","templated":true}]}}