{"id":136352,"date":"2025-03-05T23:30:20","date_gmt":"2025-03-06T04:30:20","guid":{"rendered":"https:\/\/elinformanteperu.com\/?p=136352"},"modified":"2025-03-05T23:30:20","modified_gmt":"2025-03-06T04:30:20","slug":"machu-picchu-suspenden-temporalmente-ingreso-a-la-montana-wayna-picchu","status":"publish","type":"post","link":"https:\/\/elinformanteperu.com\/index.php\/2025\/03\/05\/machu-picchu-suspenden-temporalmente-ingreso-a-la-montana-wayna-picchu\/","title":{"rendered":"Machu Picchu: suspenden temporalmente ingreso a la monta\u00f1a Wayna Picchu"},"content":{"rendered":"<p><strong><span style=\"color: #000000;\">Esta ma\u00f1ana se registr\u00f3 un deslizamiento en una longitud de 15 metros de la v\u00eda de acceso<\/span><\/strong><\/p>\n<p><span style=\"color: #000000;\"><strong>Cusco, 5 de marzo 2023, (ANDINA).-<\/strong> La Direcci\u00f3n Desconcentrada de Cultura (DDC) Cusco dispuso la suspensi\u00f3n temporal del ingreso a la monta\u00f1a Wayna Picchu o Huayna Picchu), que forma parte de la ciudad inca de Machu Picchu, a fin de evitar emergencias por las lluvias intensas de la temporada.<\/span><\/p>\n<p><span style=\"color: #000000;\">Detall\u00f3 que esta ma\u00f1ana se registr\u00f3 un deslizamiento que afect\u00f3 la v\u00eda de acceso a la monta\u00f1a Wayna Picchu, en una longitud de 15 metros, a unos 300 metros del puesto de control.<\/span><\/p>\n<p><span style=\"color: #000000;\">En consecuencia, se ha dispuesto suspender temporalmente el acceso de los visitantes al Circuito 3 Ruta 3A: Ruta Monta\u00f1a Wayna Picchu, con la finalidad de proteger la integridad f\u00edsica y la salud de los visitantes a la llaqta de Machu Picchu.<\/span><\/p>\n<p><span style=\"color: #000000;\">La DDC Cusco confirm\u00f3 que los visitantes que ingresaron a primera hora a la monta\u00f1a Wayna Picchu pudieron salir del lugar con el apoyo del personal de la instituci\u00f3n sin contratiempos.<\/span><\/p>\n<p><a href=\"https:\/\/elinformanteperu.com\/wp-content\/uploads\/2025\/03\/Machu-Picchu-montana-Wayna-Picchu1.jpg\"><img fetchpriority=\"high\" decoding=\"async\" class=\"size-large wp-image-136354 aligncenter\" src=\"https:\/\/elinformanteperu.com\/wp-content\/uploads\/2025\/03\/Machu-Picchu-montana-Wayna-Picchu1-1024x682.jpg\" alt=\"\" width=\"615\" height=\"410\" srcset=\"https:\/\/elinformanteperu.com\/wp-content\/uploads\/2025\/03\/Machu-Picchu-montana-Wayna-Picchu1-1024x682.jpg 1024w, https:\/\/elinformanteperu.com\/wp-content\/uploads\/2025\/03\/Machu-Picchu-montana-Wayna-Picchu1-300x200.jpg 300w, https:\/\/elinformanteperu.com\/wp-content\/uploads\/2025\/03\/Machu-Picchu-montana-Wayna-Picchu1-768x512.jpg 768w, https:\/\/elinformanteperu.com\/wp-content\/uploads\/2025\/03\/Machu-Picchu-montana-Wayna-Picchu1-1536x1023.jpg 1536w, https:\/\/elinformanteperu.com\/wp-content\/uploads\/2025\/03\/Machu-Picchu-montana-Wayna-Picchu1.jpg 1800w\" sizes=\"(max-width: 615px) 100vw, 615px\" \/><\/a><strong><span style=\"color: #000000;\">Evaluaci\u00f3n geol\u00f3gica<\/span><\/strong><\/p>\n<p><span style=\"color: #000000;\">No obstante, el personal profesional del parque arqueol\u00f3gico nacional de Machu Picchu efect\u00faa una evaluaci\u00f3n geol\u00f3gica de la zona del deslizamiento para ejecutar, en forma inmediata, los trabajos de rehabilitaci\u00f3n y reanudar el acceso a la brevedad posible.<\/span><\/p>\n<p><span style=\"color: #000000;\">Respecto a los boletos vendidos, la DDC Cusco se\u00f1al\u00f3 que existen dos opciones: la devoluci\u00f3n de los tickets de ingreso o el ingreso de los visitantes a rutas alternativas (Ruta 3B-Ruta Dise\u00f1ada o la Ruta 1A: Ruta Monta\u00f1a Machu Picchu).<\/span><\/p>\n<p><span style=\"color: #000000;\">La entidad cultural lament\u00f3 los inconvenientes ocasionados y agradece la comprensi\u00f3n de los visitantes tras reafirmar su compromiso con la seguridad y la conservaci\u00f3n del patrimonio cultural del Cusco.<\/span><\/p>\n<p><a href=\"https:\/\/elinformanteperu.com\/wp-content\/uploads\/2024\/12\/cusco-machu-picchu1.jpg\"><img decoding=\"async\" class=\"size-large wp-image-131470 aligncenter\" src=\"https:\/\/elinformanteperu.com\/wp-content\/uploads\/2024\/12\/cusco-machu-picchu1-1024x682.jpg\" alt=\"\" width=\"615\" height=\"410\" srcset=\"https:\/\/elinformanteperu.com\/wp-content\/uploads\/2024\/12\/cusco-machu-picchu1-1024x682.jpg 1024w, https:\/\/elinformanteperu.com\/wp-content\/uploads\/2024\/12\/cusco-machu-picchu1-300x200.jpg 300w, https:\/\/elinformanteperu.com\/wp-content\/uploads\/2024\/12\/cusco-machu-picchu1-768x511.jpg 768w, https:\/\/elinformanteperu.com\/wp-content\/uploads\/2024\/12\/cusco-machu-picchu1.jpg 1280w\" sizes=\"(max-width: 615px) 100vw, 615px\" \/><\/a><\/p>\n","protected":false},"excerpt":{"rendered":"<p>Esta ma\u00f1ana se registr\u00f3 un deslizamiento en una longitud de 15 metros de la v\u00eda de acceso Cusco, 5 de marzo 2023, (ANDINA).- La Direcci\u00f3n Desconcentrada de Cultura (DDC) Cusco dispuso la suspensi\u00f3n temporal del ingreso a la monta\u00f1a Wayna Picchu o Huayna Picchu), que forma parte de la ciudad inca de Machu Picchu, a [&hellip;]<\/p>\n","protected":false},"author":1,"featured_media":136353,"comment_status":"closed","ping_status":"closed","sticky":false,"template":"","format":"standard","meta":{"rop_custom_images_group":[],"rop_custom_messages_group":[],"rop_publish_now":"initial","rop_publish_now_accounts":[],"rop_publish_now_history":[],"rop_publish_now_status":"pending","footnotes":""},"categories":[10],"tags":[1226,701],"class_list":["post-136352","post","type-post","status-publish","format-standard","has-post-thumbnail","hentry","category-actualidad-municipal","tag-cusco","tag-machu-picchu"],"_links":{"self":[{"href":"https:\/\/elinformanteperu.com\/index.php\/wp-json\/wp\/v2\/posts\/136352","targetHints":{"allow":["GET"]}}],"collection":[{"href":"https:\/\/elinformanteperu.com\/index.php\/wp-json\/wp\/v2\/posts"}],"about":[{"href":"https:\/\/elinformanteperu.com\/index.php\/wp-json\/wp\/v2\/types\/post"}],"author":[{"embeddable":true,"href":"https:\/\/elinformanteperu.com\/index.php\/wp-json\/wp\/v2\/users\/1"}],"replies":[{"embeddable":true,"href":"https:\/\/elinformanteperu.com\/index.php\/wp-json\/wp\/v2\/comments?post=136352"}],"version-history":[{"count":1,"href":"https:\/\/elinformanteperu.com\/index.php\/wp-json\/wp\/v2\/posts\/136352\/revisions"}],"predecessor-version":[{"id":136355,"href":"https:\/\/elinformanteperu.com\/index.php\/wp-json\/wp\/v2\/posts\/136352\/revisions\/136355"}],"wp:featuredmedia":[{"embeddable":true,"href":"https:\/\/elinformanteperu.com\/index.php\/wp-json\/wp\/v2\/media\/136353"}],"wp:attachment":[{"href":"https:\/\/elinformanteperu.com\/index.php\/wp-json\/wp\/v2\/media?parent=136352"}],"wp:term":[{"taxonomy":"category","embeddable":true,"href":"https:\/\/elinformanteperu.com\/index.php\/wp-json\/wp\/v2\/categories?post=136352"},{"taxonomy":"post_tag","embeddable":true,"href":"https:\/\/elinformanteperu.com\/index.php\/wp-json\/wp\/v2\/tags?post=136352"}],"curies":[{"name":"wp","href":"https:\/\/api.w.org\/{rel}","templated":true}]}}