{"id":136181,"date":"2025-03-03T07:08:53","date_gmt":"2025-03-03T12:08:53","guid":{"rendered":"https:\/\/elinformanteperu.com\/?p=136181"},"modified":"2025-03-03T07:08:53","modified_gmt":"2025-03-03T12:08:53","slug":"se-construira-nueva-ciclovia-en-la-avenida-alcazar-en-el-rimac","status":"publish","type":"post","link":"https:\/\/elinformanteperu.com\/index.php\/2025\/03\/03\/se-construira-nueva-ciclovia-en-la-avenida-alcazar-en-el-rimac\/","title":{"rendered":"Se construir\u00e1 nueva ciclov\u00eda en la avenida Alc\u00e1zar en el R\u00edmac"},"content":{"rendered":"<p><strong><span style=\"color: #000000;\">MML promueve la movilidad saludable y amigable con el medioambiente.<\/span><\/strong><\/p>\n<p><span style=\"color: #000000;\"><strong>Lima, 2 de marzo 2023, (El Informante Per\u00fa).-<\/strong> El pr\u00f3ximo viernes 28 de febrero la Municipalidad Metropolitana de Lima (MML), iniciar\u00e1 la construcci\u00f3n de una nueva ciclov\u00eda en la avenida Alc\u00e1zar, en el distrito del R\u00edmac. Este proyecto, largamente esperado por los vecinos y ciclistas de la zona, forma parte del plan para promover la movilidad sostenible y reducir el tr\u00e1fico en la ciudad.<\/span><\/p>\n<p><span style=\"color: #000000;\">El carril exclusivo para bicicletas, se implementar\u00e1 en el tramo comprendido entre la av. Prolongaci\u00f3n Tacna y la av. Morro de Arica, tendr\u00e1 una extensi\u00f3n de 1.42 km y se conectar\u00e1 con las ciclov\u00edas existentes en las avenidas Tacna y Prolongaci\u00f3n Alc\u00e1zar. Esta nueva infraestructura, que contar\u00e1 con un dise\u00f1o bidireccional y unidireccional segregado en la berma central, permitir\u00e1 a los ciclistas desplazarse de manera segura y eficiente.<\/span><\/p>\n<p><a href=\"https:\/\/elinformanteperu.com\/wp-content\/uploads\/2025\/03\/ciclovia-lima1.jpg\"><img fetchpriority=\"high\" decoding=\"async\" class=\"size-large wp-image-136183 aligncenter\" src=\"https:\/\/elinformanteperu.com\/wp-content\/uploads\/2025\/03\/ciclovia-lima1-1024x682.jpg\" alt=\"\" width=\"615\" height=\"410\" srcset=\"https:\/\/elinformanteperu.com\/wp-content\/uploads\/2025\/03\/ciclovia-lima1-1024x682.jpg 1024w, https:\/\/elinformanteperu.com\/wp-content\/uploads\/2025\/03\/ciclovia-lima1-300x200.jpg 300w, https:\/\/elinformanteperu.com\/wp-content\/uploads\/2025\/03\/ciclovia-lima1-768x512.jpg 768w, https:\/\/elinformanteperu.com\/wp-content\/uploads\/2025\/03\/ciclovia-lima1-1536x1023.jpg 1536w, https:\/\/elinformanteperu.com\/wp-content\/uploads\/2025\/03\/ciclovia-lima1.jpg 1600w\" sizes=\"(max-width: 615px) 100vw, 615px\" \/><\/a><\/p>\n<p><span style=\"color: #000000;\">El proyecto no solo incluye la construcci\u00f3n de la infraestructura ciclista, sino tambi\u00e9n la intervenci\u00f3n integral de la v\u00eda, que consiste en la implementaci\u00f3n de sem\u00e1foros, mejoramiento en los cruces y semaforizaci\u00f3n completa en la intersecci\u00f3n de la av. Morro de Arica y av. Alc\u00e1zar. Adem\u00e1s, se mejorar\u00e1 la pavimentaci\u00f3n, las veredas y las rampas para garantizar la accesibilidad, y se implementar\u00e1 se\u00f1alizaci\u00f3n horizontal de mayor resistencia y calidad.<\/span><\/p>\n<p><span style=\"color: #000000;\">La Municipalidad tambi\u00e9n ha previsto la creaci\u00f3n de cicloparqueaderos estrat\u00e9gicamente ubicados en zonas atractoras y estaciones de reparaci\u00f3n de bicicletas para atender las necesidades de los ciclistas. Asimismo, se preservar\u00e1n las \u00e1reas verdes, reubicando los \u00e1rboles y los arbustos para mejorar el paisaje urbano.<\/span><\/p>\n<p><span style=\"color: #000000;\">La Municipalidad de Lima, continuar\u00e1 impulsando proyectos de mejora en la infraestructura urbana, reafirmando su compromiso de impulsar proyectos que beneficien a ciclistas y contribuyan a crear una ciudad con movilidad sostenible.<\/span><\/p>\n<p><a href=\"https:\/\/elinformanteperu.com\/wp-content\/uploads\/2025\/03\/ciclovia-lima2.jpg\"><img decoding=\"async\" class=\"size-large wp-image-136184 aligncenter\" src=\"https:\/\/elinformanteperu.com\/wp-content\/uploads\/2025\/03\/ciclovia-lima2-1024x682.jpg\" alt=\"\" width=\"615\" height=\"410\" srcset=\"https:\/\/elinformanteperu.com\/wp-content\/uploads\/2025\/03\/ciclovia-lima2-1024x682.jpg 1024w, https:\/\/elinformanteperu.com\/wp-content\/uploads\/2025\/03\/ciclovia-lima2-300x200.jpg 300w, https:\/\/elinformanteperu.com\/wp-content\/uploads\/2025\/03\/ciclovia-lima2-768x512.jpg 768w, https:\/\/elinformanteperu.com\/wp-content\/uploads\/2025\/03\/ciclovia-lima2-1536x1023.jpg 1536w, https:\/\/elinformanteperu.com\/wp-content\/uploads\/2025\/03\/ciclovia-lima2.jpg 1600w\" sizes=\"(max-width: 615px) 100vw, 615px\" \/><\/a><\/p>\n","protected":false},"excerpt":{"rendered":"<p>MML promueve la movilidad saludable y amigable con el medioambiente. Lima, 2 de marzo 2023, (El Informante Per\u00fa).- El pr\u00f3ximo viernes 28 de febrero la Municipalidad Metropolitana de Lima (MML), iniciar\u00e1 la construcci\u00f3n de una nueva ciclov\u00eda en la avenida Alc\u00e1zar, en el distrito del R\u00edmac. Este proyecto, largamente esperado por los vecinos y ciclistas [&hellip;]<\/p>\n","protected":false},"author":1,"featured_media":136182,"comment_status":"closed","ping_status":"closed","sticky":false,"template":"","format":"standard","meta":{"rop_custom_images_group":[],"rop_custom_messages_group":[],"rop_publish_now":"initial","rop_publish_now_accounts":[],"rop_publish_now_history":[],"rop_publish_now_status":"pending","footnotes":""},"categories":[10],"tags":[122],"class_list":["post-136181","post","type-post","status-publish","format-standard","has-post-thumbnail","hentry","category-actualidad-municipal","tag-municipalidad-de-lima"],"_links":{"self":[{"href":"https:\/\/elinformanteperu.com\/index.php\/wp-json\/wp\/v2\/posts\/136181","targetHints":{"allow":["GET"]}}],"collection":[{"href":"https:\/\/elinformanteperu.com\/index.php\/wp-json\/wp\/v2\/posts"}],"about":[{"href":"https:\/\/elinformanteperu.com\/index.php\/wp-json\/wp\/v2\/types\/post"}],"author":[{"embeddable":true,"href":"https:\/\/elinformanteperu.com\/index.php\/wp-json\/wp\/v2\/users\/1"}],"replies":[{"embeddable":true,"href":"https:\/\/elinformanteperu.com\/index.php\/wp-json\/wp\/v2\/comments?post=136181"}],"version-history":[{"count":1,"href":"https:\/\/elinformanteperu.com\/index.php\/wp-json\/wp\/v2\/posts\/136181\/revisions"}],"predecessor-version":[{"id":136185,"href":"https:\/\/elinformanteperu.com\/index.php\/wp-json\/wp\/v2\/posts\/136181\/revisions\/136185"}],"wp:featuredmedia":[{"embeddable":true,"href":"https:\/\/elinformanteperu.com\/index.php\/wp-json\/wp\/v2\/media\/136182"}],"wp:attachment":[{"href":"https:\/\/elinformanteperu.com\/index.php\/wp-json\/wp\/v2\/media?parent=136181"}],"wp:term":[{"taxonomy":"category","embeddable":true,"href":"https:\/\/elinformanteperu.com\/index.php\/wp-json\/wp\/v2\/categories?post=136181"},{"taxonomy":"post_tag","embeddable":true,"href":"https:\/\/elinformanteperu.com\/index.php\/wp-json\/wp\/v2\/tags?post=136181"}],"curies":[{"name":"wp","href":"https:\/\/api.w.org\/{rel}","templated":true}]}}