{"id":136165,"date":"2025-03-03T01:05:47","date_gmt":"2025-03-03T06:05:47","guid":{"rendered":"https:\/\/elinformanteperu.com\/?p=136165"},"modified":"2025-03-03T01:05:47","modified_gmt":"2025-03-03T06:05:47","slug":"oscar-2025-anora-se-lleva-los-principales-premios-de-la-noche","status":"publish","type":"post","link":"https:\/\/elinformanteperu.com\/index.php\/2025\/03\/03\/oscar-2025-anora-se-lleva-los-principales-premios-de-la-noche\/","title":{"rendered":"Oscar 2025: \u00abAnora\u00bb se lleva los principales premios de la noche"},"content":{"rendered":"<p><span style=\"color: #000000;\"><strong>Lima, 2 de marzo 2023, (El Informante Per\u00fa).-<\/strong> Si la ceremonia de los Oscar se hubiera llevado a cabo 30 d\u00edas antes de la fecha oficial, \u00abEmilia P\u00e9rez\u00bb hubiera arrasado con los premios, pasaron muchos hechos entre cuestionamientos, cr\u00edticas y exageradas posturas nacionalistas que permitieron que la pel\u00edcula decayera entre los votantes de la Academia. Lo cierto es que Hollywood dio su veredicto, el resultado fue diferente.<\/span><\/p>\n<p><span style=\"color: #000000;\">\u201cAnora\u201d se llev\u00f3 los premios importantes de la noche. La pel\u00edcula de cine independiente sobre una prostituta de Nueva York que se casa con el hijo de un oligarca ruso y debe enfrentar el rechazo de su familia pol\u00edtica, se alz\u00f3 con cinco premios. Adem\u00e1s de mejor pel\u00edcula, se llev\u00f3 el reconocimiento a mejor actriz para su protagonista, Mikey Madison, y a mejor director, mejor edici\u00f3n y mejor guion original, los tres para Sean Baker.<\/span><\/p>\n<p><a href=\"https:\/\/elinformanteperu.com\/wp-content\/uploads\/2025\/03\/oscar-2025-adrien-brody.jpeg\"><img fetchpriority=\"high\" decoding=\"async\" class=\"size-full wp-image-136167 aligncenter\" src=\"https:\/\/elinformanteperu.com\/wp-content\/uploads\/2025\/03\/oscar-2025-adrien-brody.jpeg\" alt=\"\" width=\"716\" height=\"402\" srcset=\"https:\/\/elinformanteperu.com\/wp-content\/uploads\/2025\/03\/oscar-2025-adrien-brody.jpeg 716w, https:\/\/elinformanteperu.com\/wp-content\/uploads\/2025\/03\/oscar-2025-adrien-brody-300x168.jpeg 300w\" sizes=\"(max-width: 716px) 100vw, 716px\" \/><\/a><span style=\"color: #000000;\">Por otro lado, Adrien Brody gan\u00f3 el premio, m\u00e1s que merecido, a mejor actor por su interpretaci\u00f3n del arquitecto L\u00e1szl\u00f3 Toth en la pel\u00edcula \u00abEl Brutalista\u00bb. Este es el segundo premio de la Academia para el int\u00e9rprete, el primero lo gan\u00f3 por su participaci\u00f3n en la pel\u00edcula \u00abEl pianista\u00bb (2002). Este a\u00f1o la Academia dividi\u00f3 honores, no nos parece exagerado el premio a \u201cAnora\u201d, sin embargo \u00abEl Brutalista\u00bb mereci\u00f3 mejor suerte. Eso s\u00ed, \u201cEmilia P\u00e9rez\u00bb, solo obtuvo premios menores, la verdad fuera de toda cr\u00edtica o postura desproporcionada, el filme no merec\u00eda galardones mayores, (otro a\u00f1o m\u00e1s que Netflix, el popular streaming, productor y distribuidor de esta cinta, no obtiene el premio m\u00e1ximo).<\/span><\/p>\n<p><span style=\"color: #000000;\">El evento cont\u00f3 con la conducci\u00f3n de Conan O\u2019Brien, actor y comediante. Con su particular estilo y agudo sentido del humor, el presentador subi\u00f3 al escenario tras una parodia de \u00abLa sustancia\u00bb (The Substance), uno de los largometrajes premiados de la noche, (por supuesto no fue novedoso debido a que, en el pasado Billy Cristal ya lo hab\u00eda realizado). Con su caracter\u00edstico humor, el anfitri\u00f3n ofreci\u00f3 uno de los momentos m\u00e1s agudos, entre sus muchos gags y bromas en doble sentido, le dijo a Karla Sofia Gasc\u00f3n: \u00abKarla, si vas a tuitear sobre los Oscar, recuerda: &#8216;Mi nombre es Jimmy Kimmel'\u00bb, coment\u00f3 O&#8217;Brien, en una clara referencia a los pol\u00e9micos tuits del pasado de la actriz, que recientemente salieron a la luz y pusieron en riesgo su participaci\u00f3n en el evento. <\/span><\/p>\n<p><a href=\"https:\/\/elinformanteperu.com\/wp-content\/uploads\/2025\/03\/oscar-2025-anora1.jpeg\"><img decoding=\"async\" class=\"size-full wp-image-136168 aligncenter\" src=\"https:\/\/elinformanteperu.com\/wp-content\/uploads\/2025\/03\/oscar-2025-anora1.jpeg\" alt=\"\" width=\"716\" height=\"402\" srcset=\"https:\/\/elinformanteperu.com\/wp-content\/uploads\/2025\/03\/oscar-2025-anora1.jpeg 716w, https:\/\/elinformanteperu.com\/wp-content\/uploads\/2025\/03\/oscar-2025-anora1-300x168.jpeg 300w\" sizes=\"(max-width: 716px) 100vw, 716px\" \/><\/a><span style=\"color: #000000;\">Los primeros momentos de la ceremonia fue muy atractiva, un emotivo mensaje dedicado a Los \u00c1ngeles por los incendios forestales, acompa\u00f1ado de im\u00e1genes de pel\u00edculas ic\u00f3nicas como La La Land, Licorice Pizza, Erase una vez en Hollywood y Her, la gala dio paso a un momento especial. Ariana Grande y Cynthia Erivo, interpretando a Glinda y Elphaba en la adaptaci\u00f3n cinematogr\u00e1fica de Wicked, subieron al escenario para ofrecer un espect\u00e1culo musical en honor a este aclamado cl\u00e1sico de Broadway, con interpretaciones de \u00abSomewhere Over the Rainbow\u00bb y \u00abDefying Gravity\u00bb. Por su parte, Robert Downey Jr. present\u00f3 el galard\u00f3n a mejor actor de reparto, que fue para Kieran Culkin por su interpretaci\u00f3n de Benji en Un dolor real (A Real Pain), una mirada agridulce a la familia, amistades y la p\u00e9rdida jud\u00eda causada por el Holocausto.<\/span><\/p>\n<p><span style=\"color: #000000;\">La categor\u00eda de mejor pel\u00edcula de animaci\u00f3n, presentada por Goldie Hawn y Andrew Garfield en un breve, pero simp\u00e1tico momento, fue otorgada merecidamente a la cinta letona \u00abFlow\u00bb. La ceremonia tuvo algunos momentos de referencias pol\u00edticas, Daryl Hannah, antes de anunciar a los nominados a mejor edici\u00f3n (lo gan\u00f3 Anora), se\u00f1al\u00f3: \u00abGloria a Ucrania\u00bb. Por otro lado, Zoe Salda\u00f1a luego de ganar el Oscar a mejor actriz de reparto por su trabajo como la abogada Rita Mora en \u201cEmilia P\u00e9rez\u201d record\u00f3 a los inmigrantes que luchan por buscar un mundo mejor. Igualmente evoc\u00f3 a su abuela de origen argentino a qui\u00e9n dedic\u00f3 el premio.<\/span><\/p>\n<p><a href=\"https:\/\/elinformanteperu.com\/wp-content\/uploads\/2025\/03\/oscar-mick-jagger.jpg\"><img decoding=\"async\" class=\"size-large wp-image-136169 aligncenter\" src=\"https:\/\/elinformanteperu.com\/wp-content\/uploads\/2025\/03\/oscar-mick-jagger-1024x683.jpg\" alt=\"\" width=\"615\" height=\"410\" srcset=\"https:\/\/elinformanteperu.com\/wp-content\/uploads\/2025\/03\/oscar-mick-jagger-1024x683.jpg 1024w, https:\/\/elinformanteperu.com\/wp-content\/uploads\/2025\/03\/oscar-mick-jagger-300x200.jpg 300w, https:\/\/elinformanteperu.com\/wp-content\/uploads\/2025\/03\/oscar-mick-jagger-768x512.jpg 768w, https:\/\/elinformanteperu.com\/wp-content\/uploads\/2025\/03\/oscar-mick-jagger-1536x1024.jpg 1536w, https:\/\/elinformanteperu.com\/wp-content\/uploads\/2025\/03\/oscar-mick-jagger.jpg 2048w\" sizes=\"(max-width: 615px) 100vw, 615px\" \/><\/a><span style=\"color: #000000;\">Sin duda la Academia, este a\u00f1o, no s\u00f3lo dividi\u00f3 sus decisiones, tambi\u00e9n otorg\u00f3 premios justos como a mejor pel\u00edcula internacional que lo gan\u00f3 la cinta brasile\u00f1a \u201cA\u00fan estoy aqu\u00ed\u201d imponi\u00e9ndose a la, antes favorita, \u201cEmilia P\u00e9rez\u201d. Recordemos que dicha producci\u00f3n era la favorita antes de las pol\u00e9micas en torno a su protagonista, Karla Sof\u00eda Gasc\u00f3n. \u201cDune: Parte Dos\u201d gan\u00f3 premios por mejor sonido y mejores efectos especiales. Este a\u00f1o la ceremonia tuvo buenos momentos musicales, lo mejor: la aparici\u00f3n de Mick Jagger anunciando la categor\u00eda a mejor canci\u00f3n original. El galard\u00f3n fue para El mal de Emilia P\u00e9rez, compuesta por Cl\u00e9ment Ducol, Camille y Jacques Audiard. La verdad, estando presente Elton John, tambi\u00e9n nominado, era incre\u00edble que el cantante no obtuviera este galard\u00f3n.<\/span><\/p>\n<p><span style=\"color: #000000;\">Morgan Freeman ingres\u00f3 al escenario del Dolby Theatre para recordar a los miembros de la industria del cine que fallecieron, en especial, ofreciendo unas palabras a la memoria del gran Gene Hackman qui\u00e9n falleciera hace unos d\u00edas. Se rindi\u00f3 homenaje a James Bond en otro de los momentos musicales mejor logrados, Lisa, la cantante de BLACKPINK, inaugur\u00f3 un bloque musical junto a Doja Cat y RAYE, para rendir homenaje al 007. Oprah Winfrey y Whoopi Goldberg recordaron el legado de Quincy Jones qui\u00e9n transform\u00f3 la industria y abri\u00f3 camino para toda una generaci\u00f3n de artistas afrodescendientes. El tributo alcanz\u00f3 su punto m\u00e1s alto cuando Queen Latifah subi\u00f3 al escenario para interpretar Ease on Down the Road, el ic\u00f3nico tema de The Wiz (1978), pel\u00edcula en la que Quincy Jones fue director musical.<\/span><\/p>\n<p><a href=\"https:\/\/elinformanteperu.com\/wp-content\/uploads\/2025\/01\/oscar-2025.jpg\"><img loading=\"lazy\" decoding=\"async\" class=\"size-large wp-image-133910 aligncenter\" src=\"https:\/\/elinformanteperu.com\/wp-content\/uploads\/2025\/01\/oscar-2025-1024x640.jpg\" alt=\"\" width=\"615\" height=\"384\" srcset=\"https:\/\/elinformanteperu.com\/wp-content\/uploads\/2025\/01\/oscar-2025-1024x640.jpg 1024w, https:\/\/elinformanteperu.com\/wp-content\/uploads\/2025\/01\/oscar-2025-300x188.jpg 300w, https:\/\/elinformanteperu.com\/wp-content\/uploads\/2025\/01\/oscar-2025-768x480.jpg 768w, https:\/\/elinformanteperu.com\/wp-content\/uploads\/2025\/01\/oscar-2025.jpg 1500w\" sizes=\"(max-width: 615px) 100vw, 615px\" \/><\/a><span style=\"color: #000000;\">En suma fue una ceremonia muy entretenida (a diferencia de otros a\u00f1os). Anora pas\u00f3 a la posteridad, mientras Mikey Madison obtuvo el premio a mejor actriz en una discutida decisi\u00f3n, realmente qui\u00e9n m\u00e1s lo merec\u00eda era Demi Moore. C\u00f3mo siempre los Oscar generan controversia en sus decisiones, la pol\u00e9mica continuar\u00e1 en los siguientes d\u00edas.<\/span><\/p>\n<p><span style=\"color: #000000;\">Estos fueron los ganadores:<\/span><\/p>\n<p><span style=\"color: #000000;\"><strong>Mejor pel\u00edcula:<\/strong> Anora<\/span><br \/>\n<span style=\"color: #000000;\"><strong>Mejor direcci\u00f3n:<\/strong> Sean Baker &#8211; Anora<\/span><br \/>\n<span style=\"color: #000000;\"><strong>Mejor actriz protagonista:<\/strong> Mikey Madison &#8211; Anora<\/span><br \/>\n<span style=\"color: #000000;\"><strong>Mejor actor protagonista:<\/strong> Adrien Brody &#8211; The Brutalist (\u00abEl brutalista\u00bb)<\/span><br \/>\n<span style=\"color: #000000;\"><strong>Mejor actriz de reparto:<\/strong> Zoe Salda\u00f1a &#8211; \u00abEmilia P\u00e9rez\u00bb<\/span><br \/>\n<span style=\"color: #000000;\"><strong>Mejor actor de reparto:<\/strong> Kieran Culkin &#8211; A Real Pain<\/span><br \/>\n<span style=\"color: #000000;\"><strong>Mejor guion original:<\/strong> Anora &#8211; Sean Baker<\/span><br \/>\n<span style=\"color: #000000;\"><strong>Mejor guion adaptado:<\/strong> Conclave (\u00abC\u00f3nclave\u00bb)<\/span><br \/>\n<span style=\"color: #000000;\"><strong>Mejor edici\u00f3n:<\/strong> Anora &#8211; Sean Baker<\/span><br \/>\n<span style=\"color: #000000;\"><strong>Mejor pel\u00edcula internacional:<\/strong> Ainda Estou Aqui (\u00abA\u00fan estoy aqu\u00ed\u00bb, I&#8217;m Still Here) &#8211; Brasil<\/span><br \/>\n<span style=\"color: #000000;\"><strong>Mejor pel\u00edcula documental:<\/strong> No Other Land<\/span><br \/>\n<span style=\"color: #000000;\"><strong>Mejor cortrometraje documental:<\/strong> The Only Girl in the Orchestra<\/span><br \/>\n<span style=\"color: #000000;\"><strong>Mejor pel\u00edcula de animaci\u00f3n:<\/strong> Straume (Flow)<\/span><br \/>\n<span style=\"color: #000000;\"><strong>Mejor cortometraje animado:<\/strong> In the Shadow of the Cypress (\u00abA la sombra del cipr\u00e9s\u00bb)<\/span><br \/>\n<span style=\"color: #000000;\"><strong>Mejor cortometraje de ficci\u00f3n:<\/strong> I&#8217;m Not a Robot<\/span><br \/>\n<span style=\"color: #000000;\"><strong>Mejor fotograf\u00eda:<\/strong> The Brutalist (\u00abEl brutalista\u00bb)<\/span><br \/>\n<span style=\"color: #000000;\"><strong>Mejor dise\u00f1o de producci\u00f3n:<\/strong> Wicked<\/span><br \/>\n<span style=\"color: #000000;\"><strong>Mejor dise\u00f1o de vestuario:<\/strong> Wicked &#8211; Paul Tazewell<\/span><br \/>\n<span style=\"color: #000000;\"><strong>Mejor maquillaje y peluquer\u00eda:<\/strong> The Substance (\u00abLa sustancia\u00bb)<\/span><br \/>\n<span style=\"color: #000000;\"><strong>Mejor banda sonora original:<\/strong> The Brutalist (\u00abEl brutalista\u00bb) &#8211; Daniel Blumberg<\/span><br \/>\n<span style=\"color: #000000;\"><strong>Mejor canci\u00f3n original:<\/strong> \u00abEl mal\u00bb &#8211; \u00abEmilia P\u00e9rez\u00bb<\/span><br \/>\n<span style=\"color: #000000;\"><strong>Mejor sonido:<\/strong> Dune: Part Two (\u00abDune: parte dos\u00bb)<\/span><br \/>\n<span style=\"color: #000000;\"><strong>Mejores efectos visuales:<\/strong> Dune: Part Two (\u00abDune: parte dos\u00bb).<\/span><\/p>\n<p><strong><span style=\"color: #000000;\">Halle Berry y Adrien Brody reviven su apasionado beso de hace 22 a\u00f1os en los Oscar 2025<\/span><\/strong><\/p>\n<blockquote class=\"twitter-tweet\">\n<p dir=\"ltr\" lang=\"en\">A reunion 22 years in the making. <a href=\"https:\/\/twitter.com\/hashtag\/Oscars?src=hash&amp;ref_src=twsrc%5Etfw\">#Oscars<\/a> <a href=\"https:\/\/t.co\/MkaF2xb6SE\">pic.twitter.com\/MkaF2xb6SE<\/a><\/p>\n<p>\u2014 The Academy (@TheAcademy) <a href=\"https:\/\/twitter.com\/TheAcademy\/status\/1896349118647390347?ref_src=twsrc%5Etfw\">March 2, 2025<\/a><\/p><\/blockquote>\n<p><script async src=\"https:\/\/platform.twitter.com\/widgets.js\" charset=\"utf-8\"><\/script><\/p>\n","protected":false},"excerpt":{"rendered":"<p>Lima, 2 de marzo 2023, (El Informante Per\u00fa).- Si la ceremonia de los Oscar se hubiera llevado a cabo 30 d\u00edas antes de la fecha oficial, \u00abEmilia P\u00e9rez\u00bb hubiera arrasado con los premios, pasaron muchos hechos entre cuestionamientos, cr\u00edticas y exageradas posturas nacionalistas que permitieron que la pel\u00edcula decayera entre los votantes de la Academia. [&hellip;]<\/p>\n","protected":false},"author":1,"featured_media":136166,"comment_status":"closed","ping_status":"closed","sticky":false,"template":"","format":"standard","meta":{"rop_custom_images_group":[],"rop_custom_messages_group":[],"rop_publish_now":"initial","rop_publish_now_accounts":[],"rop_publish_now_history":[],"rop_publish_now_status":"pending","footnotes":""},"categories":[7,5745],"tags":[7670],"class_list":["post-136165","post","type-post","status-publish","format-standard","has-post-thumbnail","hentry","category-butaca","category-lo-ultimo","tag-oscar-2025"],"_links":{"self":[{"href":"https:\/\/elinformanteperu.com\/index.php\/wp-json\/wp\/v2\/posts\/136165","targetHints":{"allow":["GET"]}}],"collection":[{"href":"https:\/\/elinformanteperu.com\/index.php\/wp-json\/wp\/v2\/posts"}],"about":[{"href":"https:\/\/elinformanteperu.com\/index.php\/wp-json\/wp\/v2\/types\/post"}],"author":[{"embeddable":true,"href":"https:\/\/elinformanteperu.com\/index.php\/wp-json\/wp\/v2\/users\/1"}],"replies":[{"embeddable":true,"href":"https:\/\/elinformanteperu.com\/index.php\/wp-json\/wp\/v2\/comments?post=136165"}],"version-history":[{"count":1,"href":"https:\/\/elinformanteperu.com\/index.php\/wp-json\/wp\/v2\/posts\/136165\/revisions"}],"predecessor-version":[{"id":136170,"href":"https:\/\/elinformanteperu.com\/index.php\/wp-json\/wp\/v2\/posts\/136165\/revisions\/136170"}],"wp:featuredmedia":[{"embeddable":true,"href":"https:\/\/elinformanteperu.com\/index.php\/wp-json\/wp\/v2\/media\/136166"}],"wp:attachment":[{"href":"https:\/\/elinformanteperu.com\/index.php\/wp-json\/wp\/v2\/media?parent=136165"}],"wp:term":[{"taxonomy":"category","embeddable":true,"href":"https:\/\/elinformanteperu.com\/index.php\/wp-json\/wp\/v2\/categories?post=136165"},{"taxonomy":"post_tag","embeddable":true,"href":"https:\/\/elinformanteperu.com\/index.php\/wp-json\/wp\/v2\/tags?post=136165"}],"curies":[{"name":"wp","href":"https:\/\/api.w.org\/{rel}","templated":true}]}}