{"id":136154,"date":"2025-03-02T21:49:32","date_gmt":"2025-03-03T02:49:32","guid":{"rendered":"https:\/\/elinformanteperu.com\/?p=136154"},"modified":"2025-03-02T21:49:32","modified_gmt":"2025-03-03T02:49:32","slug":"tecnico-guillermo-farre-asegura-que-cristal-saldra-campeon-del-apertura","status":"publish","type":"post","link":"https:\/\/elinformanteperu.com\/index.php\/2025\/03\/02\/tecnico-guillermo-farre-asegura-que-cristal-saldra-campeon-del-apertura\/","title":{"rendered":"T\u00e9cnico Guillermo Farr\u00e9 asegura que Cristal saldr\u00e1 campe\u00f3n del Apertura"},"content":{"rendered":"<p><strong><span style=\"color: #000000;\">Se\u00f1al\u00f3 que el equipo celeste sabr\u00e1 reponerse de la dura derrota ante Alianza Lima<\/span><\/strong><\/p>\n<p><span style=\"color: #000000;\"><strong>Lima, 2 de marzo 2023, (ANDINA).-<\/strong> La derrota sufrida ante Alianza Lima no trastoc\u00f3 ni en lo m\u00e1s m\u00ednimo los objetivos de Sporting Cristal, as\u00ed lo asegur\u00f3 el t\u00e9cnico Guillermo Farr\u00e9, quien asegur\u00f3 que el conjunto celeste saldr\u00e1 de todas maneras campe\u00f3n del Torneo Apertura<\/span><\/p>\n<p><span style=\"color: #000000;\">Farr\u00e9, quien se mostr\u00f3 mortificado por el accionar del \u00e1rbitro del partido ante los aliancistas, fue enf\u00e1tico en precisar de que Cristal se va a reponer de la derrota sufrida la noche del s\u00e1bado.<\/span><\/p>\n<p><span style=\"color: #000000;\">\u00abDuele, pero nos va a fortalecer. Este equipo no solo se va a reponer, sino tambi\u00e9n te aseguro que vamos a salir campeones. El partido empez\u00f3 bien, hasta que se inclin\u00f3 un poco el juego y lamentablemente nos quedamos con la derrota. Hab\u00edamos empezado muy bien hasta que se desvi\u00f3 por detalles\u00bb, indic\u00f3 Guillermo Farr\u00e9 en conferencia de prensa.<\/span><\/p>\n<p><span style=\"color: #000000;\">Asimismo, el t\u00e9cnico argentino lanz\u00f3 algunas cr\u00edticas al refer\u00ed Michael Espinoza, quien, a su parecer, no fue equitativo cuando ten\u00eda que parar las jugadas de uno u otro equipo.<\/span><\/p>\n<p><span style=\"color: #000000;\">\u00abEl partido tiene que ir por un camino correcto. Si es negro para un lado es negro para el otro. No puede ser que a Jes\u00fas casi le rompen la cabeza y el juego sigue. En el segundo gol la tocan con la mano y se sigue y es gol. Se desvirt\u00faa el juego. Los que estamos en el f\u00fatbol sabemos que el \u00e1rbitro no te perjudica con un penal, te perjudica con las faltitas\u00bb, puntualizo el DT.<\/span><\/p>\n<p><span style=\"color: #000000;\">Sobre su siguiente partido que ser\u00e1 ante Melgar en Arequipa, Ferr\u00e9 precis\u00f3 que el cotejo ante los aliancistas le ayudan a salir fortalecido para afrontar el cotejo en la altura.<\/span><\/p>\n<p><span style=\"color: #000000;\">\u00abVamos a salir fortalecidos de esto porque el grupo humano es b\u00e1rbaro. Lamentablemente nos quedamos con las manos vac\u00edas, pero es parte del juego. Tenemos que afrontar el pr\u00f3ximo partido con la misma seriedad y tratar de ganarlo\u00bb, culmin\u00f3.<\/span><\/p>\n<p><span style=\"color: #000000;\">Con la derrota de 2-1 ante Alianza Lima, Cristal se qued\u00f3 con 7 unidades, por lo que tiene la obligaci\u00f3n de vencer al Melgar en la quinta fecha para no quedar rezagados.<\/span><\/p>\n<p><a href=\"https:\/\/elinformanteperu.com\/wp-content\/uploads\/2025\/01\/cristal-u-catolica-ecuador.jpg\"><img fetchpriority=\"high\" decoding=\"async\" class=\"size-large wp-image-134069 aligncenter\" src=\"https:\/\/elinformanteperu.com\/wp-content\/uploads\/2025\/01\/cristal-u-catolica-ecuador-1024x683.jpg\" alt=\"\" width=\"615\" height=\"410\" srcset=\"https:\/\/elinformanteperu.com\/wp-content\/uploads\/2025\/01\/cristal-u-catolica-ecuador-1024x683.jpg 1024w, https:\/\/elinformanteperu.com\/wp-content\/uploads\/2025\/01\/cristal-u-catolica-ecuador-300x200.jpg 300w, https:\/\/elinformanteperu.com\/wp-content\/uploads\/2025\/01\/cristal-u-catolica-ecuador-768x512.jpg 768w, https:\/\/elinformanteperu.com\/wp-content\/uploads\/2025\/01\/cristal-u-catolica-ecuador-1536x1024.jpg 1536w, https:\/\/elinformanteperu.com\/wp-content\/uploads\/2025\/01\/cristal-u-catolica-ecuador.jpg 1800w\" sizes=\"(max-width: 615px) 100vw, 615px\" \/><\/a><\/p>\n","protected":false},"excerpt":{"rendered":"<p>Se\u00f1al\u00f3 que el equipo celeste sabr\u00e1 reponerse de la dura derrota ante Alianza Lima Lima, 2 de marzo 2023, (ANDINA).- La derrota sufrida ante Alianza Lima no trastoc\u00f3 ni en lo m\u00e1s m\u00ednimo los objetivos de Sporting Cristal, as\u00ed lo asegur\u00f3 el t\u00e9cnico Guillermo Farr\u00e9, quien asegur\u00f3 que el conjunto celeste saldr\u00e1 de todas maneras [&hellip;]<\/p>\n","protected":false},"author":1,"featured_media":136155,"comment_status":"closed","ping_status":"closed","sticky":false,"template":"","format":"standard","meta":{"rop_custom_images_group":[],"rop_custom_messages_group":[],"rop_publish_now":"initial","rop_publish_now_accounts":[],"rop_publish_now_history":[],"rop_publish_now_status":"pending","footnotes":""},"categories":[8],"tags":[8133,8224,7533,200],"class_list":["post-136154","post","type-post","status-publish","format-standard","has-post-thumbnail","hentry","category-disciplinas-deportivas","tag-alianza-lima-2025","tag-apertura-de-la-liga-1-2025","tag-guillermo-farre","tag-sporting-cristal"],"_links":{"self":[{"href":"https:\/\/elinformanteperu.com\/index.php\/wp-json\/wp\/v2\/posts\/136154","targetHints":{"allow":["GET"]}}],"collection":[{"href":"https:\/\/elinformanteperu.com\/index.php\/wp-json\/wp\/v2\/posts"}],"about":[{"href":"https:\/\/elinformanteperu.com\/index.php\/wp-json\/wp\/v2\/types\/post"}],"author":[{"embeddable":true,"href":"https:\/\/elinformanteperu.com\/index.php\/wp-json\/wp\/v2\/users\/1"}],"replies":[{"embeddable":true,"href":"https:\/\/elinformanteperu.com\/index.php\/wp-json\/wp\/v2\/comments?post=136154"}],"version-history":[{"count":1,"href":"https:\/\/elinformanteperu.com\/index.php\/wp-json\/wp\/v2\/posts\/136154\/revisions"}],"predecessor-version":[{"id":136156,"href":"https:\/\/elinformanteperu.com\/index.php\/wp-json\/wp\/v2\/posts\/136154\/revisions\/136156"}],"wp:featuredmedia":[{"embeddable":true,"href":"https:\/\/elinformanteperu.com\/index.php\/wp-json\/wp\/v2\/media\/136155"}],"wp:attachment":[{"href":"https:\/\/elinformanteperu.com\/index.php\/wp-json\/wp\/v2\/media?parent=136154"}],"wp:term":[{"taxonomy":"category","embeddable":true,"href":"https:\/\/elinformanteperu.com\/index.php\/wp-json\/wp\/v2\/categories?post=136154"},{"taxonomy":"post_tag","embeddable":true,"href":"https:\/\/elinformanteperu.com\/index.php\/wp-json\/wp\/v2\/tags?post=136154"}],"curies":[{"name":"wp","href":"https:\/\/api.w.org\/{rel}","templated":true}]}}