{"id":136151,"date":"2025-03-02T21:47:36","date_gmt":"2025-03-03T02:47:36","guid":{"rendered":"https:\/\/elinformanteperu.com\/?p=136151"},"modified":"2025-03-02T21:47:36","modified_gmt":"2025-03-03T02:47:36","slug":"alianza-lima-viaja-hoy-a-chile-en-busca-de-un-triunfo-ante-deportes-iquique","status":"publish","type":"post","link":"https:\/\/elinformanteperu.com\/index.php\/2025\/03\/02\/alianza-lima-viaja-hoy-a-chile-en-busca-de-un-triunfo-ante-deportes-iquique\/","title":{"rendered":"Alianza Lima viaja hoy a Chile en busca de un triunfo ante Deportes Iquique"},"content":{"rendered":"<p><strong><span style=\"color: #000000;\">Tras ganar al Cristal, el conjunto victoriano se vuelve a meter en concentrase en la Copa Libertadores<\/span><\/strong><\/p>\n<p><span style=\"color: #000000;\"><strong>Lima, 2 de marzo 2023, (ANDINA).-<\/strong> Alianza Lima, cargando su ilusi\u00f3n por seguir vivo en la Copa Libertadores, viaja este domingo a Chile, donde enfrentar\u00e1 el martes 4 de marzo (19:00 horas) a Deportes Iquique en partido de ida por la Fase 3, que es la etapa previa para ingresar a la fase de grupos.<\/span><\/p>\n<p><span style=\"color: #000000;\">Luego de obtener dos triunfo seguidos importantes, ante Boca Juniors y Sporting Cristal, los \u00edntimos se alistan para afrontar una semana trascendental en el que deber\u00e1n ir a buscar un resultado positivo a la ciudad de Tacama, en Chile, cuando le toque enfrentar en dos d\u00edas al Deportes Iquique.<\/span><\/p>\n<p><span style=\"color: #000000;\">El equipo liderado por el t\u00e9cnico N\u00e9stor Gorosito sabe de las importancia de este partido y es por ello que ante Cristal, el \u00faltimo domingo, guardo a sus principales figuras para que lleguen descansado al cotejo.<\/span><\/p>\n<p><span style=\"color: #000000;\">Antes de viajar a Chile, programado para que se realice hoy, el Pipo dar\u00e1 a conocer su lista de viajeros en el que destaca Guillermo Viscarra, Pablo Lavandeira, Hern\u00e1n Barcos, Pablo Ceppelini, Kevin Quevedo, Eryc Castilo y Miguel Trauco, quienes no jugaron ante los celestes.<\/span><\/p>\n<p><span style=\"color: #000000;\">\u00abEllos (Deportes Iquique) tratar\u00e1n de sacar una ventaja, nosotros hemos visto su juego, ser\u00e1 un partido dif\u00edcil contra un equipo agresivo pero trataremos de hacer nuestro trabajo para imponernos\u00bb, dijo Gorosito tras analizar a su pr\u00f3ximo rival.<\/span><\/p>\n<p><span style=\"color: #000000;\">Es un hecho que para el partido frente a los chilenos, los aliancistas tendr\u00e1n tres bajas en su plantel, ya que Paolo Guerrero, Erick Noriega y Jean Pierre Archimbaud no viajar\u00e1n. Los dos primeros por estar suspendidos tras acumular tres tarjetas amarillas en la Copa y el tercero por su fuerte lesi\u00f3n al brazo sufrido ante Cristal.<\/span><\/p>\n<p><span style=\"color: #000000;\">Como se sabe, Alianza Lima, el martes pasado, logr\u00f3 un hist\u00f3rico resultado en la Bombonera, donde elimin\u00f3 al Boca Juniors de la Copa Libertadores al derrotar los 5-4 por penales. El \u00faltimo s\u00e1bado, venci\u00f3 2-1 a Cristal sin la presencia de sus principales figuras, por el Torneo Apertura.<\/span><\/p>\n<p><span style=\"color: #000000;\">El conjunto victoriano enfrentar\u00e1, el martes 4 de marzo (15:00 horas de Per\u00fa), a Deportes Iquique en partido de ida por la Fase 3 de la Copa Libertadores. El encuentro de vuelta se jugar\u00e1 el martes 11 de marzo (17:00 horas) en el Alejandro Villanueva.<\/span><\/p>\n<p><span style=\"color: #000000;\">El ganador de esta llave acceder\u00e1 a fase de grupos, instancia que comenzar\u00e1 a jugarse desde el 2 de abril al 28 de mayo.<\/span><\/p>\n<p><a href=\"https:\/\/elinformanteperu.com\/wp-content\/uploads\/2024\/12\/alianza-lima-paolo-guerrero-e1734665788236.jpg\"><img fetchpriority=\"high\" decoding=\"async\" class=\"size-large wp-image-131266 aligncenter\" src=\"https:\/\/elinformanteperu.com\/wp-content\/uploads\/2024\/12\/alianza-lima-paolo-guerrero-e1734665788236-1024x635.jpg\" alt=\"\" width=\"615\" height=\"381\" srcset=\"https:\/\/elinformanteperu.com\/wp-content\/uploads\/2024\/12\/alianza-lima-paolo-guerrero-e1734665788236-1024x635.jpg 1024w, https:\/\/elinformanteperu.com\/wp-content\/uploads\/2024\/12\/alianza-lima-paolo-guerrero-e1734665788236-300x186.jpg 300w, https:\/\/elinformanteperu.com\/wp-content\/uploads\/2024\/12\/alianza-lima-paolo-guerrero-e1734665788236-768x476.jpg 768w, https:\/\/elinformanteperu.com\/wp-content\/uploads\/2024\/12\/alianza-lima-paolo-guerrero-e1734665788236-1536x952.jpg 1536w, https:\/\/elinformanteperu.com\/wp-content\/uploads\/2024\/12\/alianza-lima-paolo-guerrero-e1734665788236.jpg 1800w\" sizes=\"(max-width: 615px) 100vw, 615px\" \/><\/a><\/p>\n<p>&nbsp;<\/p>\n","protected":false},"excerpt":{"rendered":"<p>Tras ganar al Cristal, el conjunto victoriano se vuelve a meter en concentrase en la Copa Libertadores Lima, 2 de marzo 2023, (ANDINA).- Alianza Lima, cargando su ilusi\u00f3n por seguir vivo en la Copa Libertadores, viaja este domingo a Chile, donde enfrentar\u00e1 el martes 4 de marzo (19:00 horas) a Deportes Iquique en partido de [&hellip;]<\/p>\n","protected":false},"author":1,"featured_media":136152,"comment_status":"closed","ping_status":"closed","sticky":false,"template":"","format":"standard","meta":{"rop_custom_images_group":[],"rop_custom_messages_group":[],"rop_publish_now":"initial","rop_publish_now_accounts":[],"rop_publish_now_history":[],"rop_publish_now_status":"pending","footnotes":""},"categories":[8],"tags":[8133,8065,8267],"class_list":["post-136151","post","type-post","status-publish","format-standard","has-post-thumbnail","hentry","category-disciplinas-deportivas","tag-alianza-lima-2025","tag-copa-libertadores-2025","tag-deportes-iquique"],"_links":{"self":[{"href":"https:\/\/elinformanteperu.com\/index.php\/wp-json\/wp\/v2\/posts\/136151","targetHints":{"allow":["GET"]}}],"collection":[{"href":"https:\/\/elinformanteperu.com\/index.php\/wp-json\/wp\/v2\/posts"}],"about":[{"href":"https:\/\/elinformanteperu.com\/index.php\/wp-json\/wp\/v2\/types\/post"}],"author":[{"embeddable":true,"href":"https:\/\/elinformanteperu.com\/index.php\/wp-json\/wp\/v2\/users\/1"}],"replies":[{"embeddable":true,"href":"https:\/\/elinformanteperu.com\/index.php\/wp-json\/wp\/v2\/comments?post=136151"}],"version-history":[{"count":1,"href":"https:\/\/elinformanteperu.com\/index.php\/wp-json\/wp\/v2\/posts\/136151\/revisions"}],"predecessor-version":[{"id":136153,"href":"https:\/\/elinformanteperu.com\/index.php\/wp-json\/wp\/v2\/posts\/136151\/revisions\/136153"}],"wp:featuredmedia":[{"embeddable":true,"href":"https:\/\/elinformanteperu.com\/index.php\/wp-json\/wp\/v2\/media\/136152"}],"wp:attachment":[{"href":"https:\/\/elinformanteperu.com\/index.php\/wp-json\/wp\/v2\/media?parent=136151"}],"wp:term":[{"taxonomy":"category","embeddable":true,"href":"https:\/\/elinformanteperu.com\/index.php\/wp-json\/wp\/v2\/categories?post=136151"},{"taxonomy":"post_tag","embeddable":true,"href":"https:\/\/elinformanteperu.com\/index.php\/wp-json\/wp\/v2\/tags?post=136151"}],"curies":[{"name":"wp","href":"https:\/\/api.w.org\/{rel}","templated":true}]}}