{"id":136021,"date":"2025-02-26T20:56:33","date_gmt":"2025-02-27T01:56:33","guid":{"rendered":"https:\/\/elinformanteperu.com\/?p=136021"},"modified":"2025-02-26T20:56:33","modified_gmt":"2025-02-27T01:56:33","slug":"noche-historica-de-alianza-lima-revive-el-penal-atajado-por-guillermo-viscarra","status":"publish","type":"post","link":"https:\/\/elinformanteperu.com\/index.php\/2025\/02\/26\/noche-historica-de-alianza-lima-revive-el-penal-atajado-por-guillermo-viscarra\/","title":{"rendered":"Noche hist\u00f3rica de Alianza Lima: Revive el penal atajado por Guillermo Viscarra"},"content":{"rendered":"<p><span style=\"color: #000000;\"><strong>Lima, 26 de febrero 2023, (ANDINA).-<\/strong> El arquero boliviano Guillermo Viscarra fue el h\u00e9roe de la jornada en la hist\u00f3rica clasificaci\u00f3n de Alianza Lima a la fase 3 de la Copa Libertadores en La Bombonera de Argentina.<\/span><\/p>\n<p><span style=\"color: #000000;\">Tras el triunfo de Boca Juniors por 2 a 1 ante Alianza Lima, ambos equipos tuvieron que definir la clasificaci\u00f3n en la tanda de penales.<\/span><\/p>\n<blockquote class=\"twitter-tweet\">\n<p dir=\"ltr\" lang=\"es\">\ud83d\ude4c \u00a1As\u00ed se vivi\u00f3 desde adentro! La definici\u00f3n como si estuvieras ah\u00ed.<\/p>\n<p>\ud83d\udd1c\ud83c\uddf5\ud83c\uddea <a href=\"https:\/\/twitter.com\/ClubALoficial?ref_src=twsrc%5Etfw\">@ClubALoficial<\/a> est\u00e1 en la Fase 3 de la CONMEBOL <a href=\"https:\/\/twitter.com\/hashtag\/Libertadores?src=hash&amp;ref_src=twsrc%5Etfw\">#Libertadores<\/a>. <a href=\"https:\/\/t.co\/nyPOfBsQH9\">pic.twitter.com\/nyPOfBsQH9<\/a><\/p>\n<p>\u2014 CONMEBOL Libertadores (@Libertadores) <a href=\"https:\/\/twitter.com\/Libertadores\/status\/1894596162830712893?ref_src=twsrc%5Etfw\">February 26, 2025<\/a><\/p><\/blockquote>\n<p><script async src=\"https:\/\/platform.twitter.com\/widgets.js\" charset=\"utf-8\"><\/script><\/p>\n<p><span style=\"color: #000000;\">El club peruano hab\u00eda derrotado la semana pasada por 1 a 0 al poderoso equipo argentino en el estadio Alejandro Villanueva de La Victoria.<\/span><\/p>\n<p><span style=\"color: #000000;\">En los penales, por Alianza Lima anotaron Paolo Guerrero, el ecuatoriano Fernando Gaibor, Miguel Trauco, Erick Noriega y Pablo Lavandeira.<\/span><\/p>\n<p><span style=\"color: #000000;\">En el \u00faltimo y quinto penal, Alan Velasco pate\u00f3 al poste derecho y permiti\u00f3 la atajada con las piernas de Guillermo Viscarra, quien celebr\u00f3 con sus compa\u00f1eros la sensacional clasificaci\u00f3n.<\/span><\/p>\n<p><span style=\"color: #000000;\">Guillermo Viscarra es el golero titular de la selecci\u00f3n boliviana que pelea un cupo al Mundial Estados Unidos, M\u00e9xico y Canad\u00e1 del 2026.<\/span><\/p>\n<blockquote class=\"twitter-tweet\">\n<p dir=\"ltr\" lang=\"es\">\ud83c\udde7\ud83c\uddf4\ud83e\udde4\ud83c\uddf5\ud83c\uddea \u00a1Todos con Viscarra! Los abrazos con el h\u00e9roe de <a href=\"https:\/\/twitter.com\/ClubALoficial?ref_src=twsrc%5Etfw\">@ClubALoficial<\/a> en la clasificaci\u00f3n.<\/p>\n<p>\ud83c\udfc6 CONMEBOL <a href=\"https:\/\/twitter.com\/hashtag\/Libertadores?src=hash&amp;ref_src=twsrc%5Etfw\">#Libertadores<\/a> <a href=\"https:\/\/t.co\/2LjLcQSLfB\">pic.twitter.com\/2LjLcQSLfB<\/a><\/p>\n<p>\u2014 CONMEBOL Libertadores (@Libertadores) <a href=\"https:\/\/twitter.com\/Libertadores\/status\/1894599526830199163?ref_src=twsrc%5Etfw\">February 26, 2025<\/a><\/p><\/blockquote>\n<p><script async src=\"https:\/\/platform.twitter.com\/widgets.js\" charset=\"utf-8\"><\/script><\/p>\n","protected":false},"excerpt":{"rendered":"<p>Lima, 26 de febrero 2023, (ANDINA).- El arquero boliviano Guillermo Viscarra fue el h\u00e9roe de la jornada en la hist\u00f3rica clasificaci\u00f3n de Alianza Lima a la fase 3 de la Copa Libertadores en La Bombonera de Argentina. Tras el triunfo de Boca Juniors por 2 a 1 ante Alianza Lima, ambos equipos tuvieron que definir [&hellip;]<\/p>\n","protected":false},"author":1,"featured_media":136022,"comment_status":"closed","ping_status":"closed","sticky":false,"template":"","format":"standard","meta":{"rop_custom_images_group":[],"rop_custom_messages_group":[],"rop_publish_now":"initial","rop_publish_now_accounts":[],"rop_publish_now_history":[],"rop_publish_now_status":"pending","footnotes":""},"categories":[8],"tags":[8133,2642,8065,8038],"class_list":["post-136021","post","type-post","status-publish","format-standard","has-post-thumbnail","hentry","category-disciplinas-deportivas","tag-alianza-lima-2025","tag-boca-juniors","tag-copa-libertadores-2025","tag-guillermo-viscarra"],"_links":{"self":[{"href":"https:\/\/elinformanteperu.com\/index.php\/wp-json\/wp\/v2\/posts\/136021","targetHints":{"allow":["GET"]}}],"collection":[{"href":"https:\/\/elinformanteperu.com\/index.php\/wp-json\/wp\/v2\/posts"}],"about":[{"href":"https:\/\/elinformanteperu.com\/index.php\/wp-json\/wp\/v2\/types\/post"}],"author":[{"embeddable":true,"href":"https:\/\/elinformanteperu.com\/index.php\/wp-json\/wp\/v2\/users\/1"}],"replies":[{"embeddable":true,"href":"https:\/\/elinformanteperu.com\/index.php\/wp-json\/wp\/v2\/comments?post=136021"}],"version-history":[{"count":1,"href":"https:\/\/elinformanteperu.com\/index.php\/wp-json\/wp\/v2\/posts\/136021\/revisions"}],"predecessor-version":[{"id":136023,"href":"https:\/\/elinformanteperu.com\/index.php\/wp-json\/wp\/v2\/posts\/136021\/revisions\/136023"}],"wp:featuredmedia":[{"embeddable":true,"href":"https:\/\/elinformanteperu.com\/index.php\/wp-json\/wp\/v2\/media\/136022"}],"wp:attachment":[{"href":"https:\/\/elinformanteperu.com\/index.php\/wp-json\/wp\/v2\/media?parent=136021"}],"wp:term":[{"taxonomy":"category","embeddable":true,"href":"https:\/\/elinformanteperu.com\/index.php\/wp-json\/wp\/v2\/categories?post=136021"},{"taxonomy":"post_tag","embeddable":true,"href":"https:\/\/elinformanteperu.com\/index.php\/wp-json\/wp\/v2\/tags?post=136021"}],"curies":[{"name":"wp","href":"https:\/\/api.w.org\/{rel}","templated":true}]}}