{"id":136012,"date":"2025-02-26T20:26:12","date_gmt":"2025-02-27T01:26:12","guid":{"rendered":"https:\/\/elinformanteperu.com\/?p=136012"},"modified":"2025-02-26T20:26:12","modified_gmt":"2025-02-27T01:26:12","slug":"paolo-guerrero-todavia-falta-una-fase-para-cumplir-el-objetivo-final","status":"publish","type":"post","link":"https:\/\/elinformanteperu.com\/index.php\/2025\/02\/26\/paolo-guerrero-todavia-falta-una-fase-para-cumplir-el-objetivo-final\/","title":{"rendered":"Paolo Guerrero: \u00abTodav\u00eda falta una fase para cumplir el objetivo final\u00bb"},"content":{"rendered":"<p><strong><span style=\"color: #000000;\">El \u00b4Depredador\u00b4 resalt\u00f3 la frialdad del equipo para ejecutar la definici\u00f3n de los penales y eliminar a Boca.<\/span><\/strong><\/p>\n<p><span style=\"color: #000000;\"><strong>Buenos Aires, 26 de febrero 2023, (ANDINA).-<\/strong> Paolo Guerrero, pieza clave en la tanda de penales que sell\u00f3 la hist\u00f3rica clasificaci\u00f3n ante Boca Juniors, expres\u00f3 su satisfacci\u00f3n por haber logrado una importante haza\u00f1a en La Bombonera y haber asegurado el pase a la fase 3 de la Copa Conmebol Libertadores.<\/span><\/p>\n<p><span style=\"color: #000000;\">&#8216;El Depredador&#8217; resalt\u00f3 el gran nivel que demostr\u00f3 el cuadro &#8216;blanquiazul&#8217; anoche frente a la escuadra &#8216;xeneize&#8217;, que cont\u00f3 con el apoyo de toda su hinchada en el estadio. A pesar de ello, supieron manejar el partido y consiguieron la clasificaci\u00f3n en la tanda de penales, con Guillermo Viscarra como h\u00e9roe.<\/span><\/p>\n<p><span style=\"color: #000000;\">\u201cSab\u00edamos que iba a ser un partido duro. Jugar con el estadio lleno, con su hinchada, hace que el adversario corra mucho m\u00e1s y se meta en nuestro campo. Nosotros ten\u00edamos que buscar el contragolpe, y mis compa\u00f1eros hicieron un trabajo muy bueno porque consiguieron contrarrestar los ataques de Boca\u201d, sostuvo.<\/span><\/p>\n<p><a href=\"https:\/\/elinformanteperu.com\/wp-content\/uploads\/2025\/02\/boca-alianza3.jpg\"><img fetchpriority=\"high\" decoding=\"async\" class=\"size-large wp-image-135976 aligncenter\" src=\"https:\/\/elinformanteperu.com\/wp-content\/uploads\/2025\/02\/boca-alianza3-1024x683.jpg\" alt=\"\" width=\"615\" height=\"410\" srcset=\"https:\/\/elinformanteperu.com\/wp-content\/uploads\/2025\/02\/boca-alianza3-1024x683.jpg 1024w, https:\/\/elinformanteperu.com\/wp-content\/uploads\/2025\/02\/boca-alianza3-300x200.jpg 300w, https:\/\/elinformanteperu.com\/wp-content\/uploads\/2025\/02\/boca-alianza3-768x512.jpg 768w, https:\/\/elinformanteperu.com\/wp-content\/uploads\/2025\/02\/boca-alianza3-1536x1024.jpg 1536w, https:\/\/elinformanteperu.com\/wp-content\/uploads\/2025\/02\/boca-alianza3.jpg 1800w\" sizes=\"(max-width: 615px) 100vw, 615px\" \/><\/a><span style=\"color: #000000;\">El delantero nacional revel\u00f3 las palabras que les dijo a sus compa\u00f1eros, destacando que la clave para conseguir la clasificaci\u00f3n estuvo en la concentraci\u00f3n desde los doce pasos.<\/span><\/p>\n<p><span style=\"color: #000000;\">\u00abLes dije que pateemos con cabeza fr\u00eda al palo al que \u00edbamos a patear, que tengamos mucha frialdad al momento de patear. Con mis compa\u00f1eros supimos manejar esa situaci\u00f3n, que ante la presi\u00f3n de un estadio lleno a veces se dificulta\u201d.<\/span><\/p>\n<p><span style=\"color: #000000;\">Luego de la euforia por la clasificaci\u00f3n, Alianza Lima ya pone la mira en su pr\u00f3ximo desaf\u00edo: enfrentar a Deportes Iquique de Chile en la fase 3. Paolo consciente de que a\u00fan queda un paso m\u00e1s por dar, en el equipo blanquiazul mantienen la calma y el enfoque.<\/span><\/p>\n<p><span style=\"color: #000000;\">\u00abNo es una obligaci\u00f3n, es el objetivo que tenemos. Todav\u00eda falta una fase y, cuando cumplamos ese objetivo final, vamos a estar felices todos\u00bb<\/span><\/p>\n<p><strong><span style=\"color: #000000;\">Pr\u00f3ximo partido de Alianza<\/span><\/strong><\/p>\n<p><span style=\"color: #000000;\">Los dirigidos por &#8216;Popo&#8217; Gorosito, antes de disputar el torneo internacional, tendr\u00e1n un duro partido ante Sporting Cristal este s\u00e1bado 1 de marzo a las 20:00 (hora peruana) en el Estadio Nacional. Un triunfo podr\u00eda mantenerlos en los primeros lugares de la tabla de posiciones.<\/span><\/p>\n<p><iframe title=\"YouTube video player\" src=\"https:\/\/www.youtube-nocookie.com\/embed\/3vvMA79Jl9k?si=ycDBcDdHVNhRB_g0&amp;controls=0\" width=\"520\" height=\"315\" frameborder=\"0\" allowfullscreen=\"allowfullscreen\"><span data-mce-type=\"bookmark\" style=\"display: inline-block; width: 0px; overflow: hidden; line-height: 0;\" class=\"mce_SELRES_start\">\ufeff<\/span><\/iframe><\/p>\n","protected":false},"excerpt":{"rendered":"<p>El \u00b4Depredador\u00b4 resalt\u00f3 la frialdad del equipo para ejecutar la definici\u00f3n de los penales y eliminar a Boca. Buenos Aires, 26 de febrero 2023, (ANDINA).- Paolo Guerrero, pieza clave en la tanda de penales que sell\u00f3 la hist\u00f3rica clasificaci\u00f3n ante Boca Juniors, expres\u00f3 su satisfacci\u00f3n por haber logrado una importante haza\u00f1a en La Bombonera y [&hellip;]<\/p>\n","protected":false},"author":1,"featured_media":136013,"comment_status":"closed","ping_status":"closed","sticky":false,"template":"","format":"standard","meta":{"rop_custom_images_group":[],"rop_custom_messages_group":[],"rop_publish_now":"initial","rop_publish_now_accounts":[],"rop_publish_now_history":[],"rop_publish_now_status":"pending","footnotes":""},"categories":[8],"tags":[8133,8065,8267,203],"class_list":["post-136012","post","type-post","status-publish","format-standard","has-post-thumbnail","hentry","category-disciplinas-deportivas","tag-alianza-lima-2025","tag-copa-libertadores-2025","tag-deportes-iquique","tag-paolo-guerrero"],"_links":{"self":[{"href":"https:\/\/elinformanteperu.com\/index.php\/wp-json\/wp\/v2\/posts\/136012","targetHints":{"allow":["GET"]}}],"collection":[{"href":"https:\/\/elinformanteperu.com\/index.php\/wp-json\/wp\/v2\/posts"}],"about":[{"href":"https:\/\/elinformanteperu.com\/index.php\/wp-json\/wp\/v2\/types\/post"}],"author":[{"embeddable":true,"href":"https:\/\/elinformanteperu.com\/index.php\/wp-json\/wp\/v2\/users\/1"}],"replies":[{"embeddable":true,"href":"https:\/\/elinformanteperu.com\/index.php\/wp-json\/wp\/v2\/comments?post=136012"}],"version-history":[{"count":1,"href":"https:\/\/elinformanteperu.com\/index.php\/wp-json\/wp\/v2\/posts\/136012\/revisions"}],"predecessor-version":[{"id":136014,"href":"https:\/\/elinformanteperu.com\/index.php\/wp-json\/wp\/v2\/posts\/136012\/revisions\/136014"}],"wp:featuredmedia":[{"embeddable":true,"href":"https:\/\/elinformanteperu.com\/index.php\/wp-json\/wp\/v2\/media\/136013"}],"wp:attachment":[{"href":"https:\/\/elinformanteperu.com\/index.php\/wp-json\/wp\/v2\/media?parent=136012"}],"wp:term":[{"taxonomy":"category","embeddable":true,"href":"https:\/\/elinformanteperu.com\/index.php\/wp-json\/wp\/v2\/categories?post=136012"},{"taxonomy":"post_tag","embeddable":true,"href":"https:\/\/elinformanteperu.com\/index.php\/wp-json\/wp\/v2\/tags?post=136012"}],"curies":[{"name":"wp","href":"https:\/\/api.w.org\/{rel}","templated":true}]}}