{"id":136008,"date":"2025-02-26T20:07:53","date_gmt":"2025-02-27T01:07:53","guid":{"rendered":"https:\/\/elinformanteperu.com\/?p=136008"},"modified":"2025-02-26T20:07:53","modified_gmt":"2025-02-27T01:07:53","slug":"devastador-efecto-de-clasificacion-de-alianza-limaboca-juniors-hundido-como-el-titanic","status":"publish","type":"post","link":"https:\/\/elinformanteperu.com\/index.php\/2025\/02\/26\/devastador-efecto-de-clasificacion-de-alianza-limaboca-juniors-hundido-como-el-titanic\/","title":{"rendered":"Devastador efecto de clasificaci\u00f3n de Alianza Lima:\u00bbBoca Juniors hundido como el Titanic\u00bb"},"content":{"rendered":"<p><strong><span style=\"color: #000000;\">Aseguran que con la eliminaci\u00f3n de la Copa Libertadores se consuma un enorme fracaso tras invertir millones<\/span><\/strong><\/p>\n<p><span style=\"color: #000000;\"><strong>Buenos Aires, 26 de febrero 2023, (ANDINA).-<\/strong> La derrota ante Alianza Lima por penales el martes en Buenos Aires le cost\u00f3 a Boca Juniors una prematura eliminaci\u00f3n de la Copa Libertadores de 2025 en la segunda ronda, sin siquiera llegar a la fase de grupos, que encendi\u00f3 el enojo de los hinchas y una crisis por el bajo rendimiento del equipo dirigido por Fernando Gago.<\/span><\/p>\n<p><span style=\"color: #000000;\">El &#8216;xeneize&#8217;, en su primera eliminatoria del a\u00f1o, llegaba al partido de vuelta en su basti\u00f3n, La Bombonera, con la obligaci\u00f3n de ganar tras perder 1-0 en Lima. Si bien logr\u00f3 igualar la serie al imponerse 2-1 en los noventa minutos, cay\u00f3 en la definici\u00f3n por penales 5-4, consumando un enorme fracaso tras invertir una fortuna en el reciente mercado de pases.<\/span><\/p>\n<p><span style=\"color: #000000;\">El \u00faltimo penal de la serie lo ejecut\u00f3 Alan Velasco, cuyo remate fue atajado por el arquero visitante, Guillermo Viscarra, y muchos recordaron que el volante, llegado desde la MLS, le cost\u00f3 a Boca cerca de 10 millones de d\u00f3lares, una de las adquisiciones m\u00e1s elevadas de su historia.<\/span><\/p>\n<p><a href=\"https:\/\/elinformanteperu.com\/wp-content\/uploads\/2025\/02\/boca-eliminado-alianza-portada-ole-e1740618326760.jpg\"><img fetchpriority=\"high\" decoding=\"async\" class=\" wp-image-136010 aligncenter\" src=\"https:\/\/elinformanteperu.com\/wp-content\/uploads\/2025\/02\/boca-eliminado-alianza-portada-ole-e1740618326760-765x1024.jpg\" alt=\"\" width=\"392\" height=\"525\" srcset=\"https:\/\/elinformanteperu.com\/wp-content\/uploads\/2025\/02\/boca-eliminado-alianza-portada-ole-e1740618326760-765x1024.jpg 765w, https:\/\/elinformanteperu.com\/wp-content\/uploads\/2025\/02\/boca-eliminado-alianza-portada-ole-e1740618326760-224x300.jpg 224w, https:\/\/elinformanteperu.com\/wp-content\/uploads\/2025\/02\/boca-eliminado-alianza-portada-ole-e1740618326760-768x1027.jpg 768w, https:\/\/elinformanteperu.com\/wp-content\/uploads\/2025\/02\/boca-eliminado-alianza-portada-ole-e1740618326760.jpg 897w\" sizes=\"(max-width: 392px) 100vw, 392px\" \/><\/a><strong><span style=\"color: #000000;\">Hundido<\/span><\/strong><\/p>\n<p><span style=\"color: #000000;\">\u00abSe acab\u00f3 el &#8216;biri biri&#8217; (mentira): Boca se qued\u00f3 afuera por penales con Alianza Lima y la gente pidi\u00f3 que se vayan todos\u00bb, titul\u00f3 el matutino Clar\u00edn, mientras que La Naci\u00f3n habl\u00f3 de \u00abfracaso rotundo\u00bb y \u00abuna noche de terror de Boca\u00bb, y el deportivo Ol\u00e9 mencion\u00f3: \u00abBoca hundido: el Titanic\u00bb, con la imagen del uruguayo Edinson Cavani lament\u00e1ndose.<\/span><\/p>\n<p><span style=\"color: #000000;\">El veterano delantero charr\u00faa, de 38 a\u00f1os, tambi\u00e9n qued\u00f3 en el centro de las cr\u00edticas al fallar de manera incre\u00edble una ocasi\u00f3n de gol que le hubiera dado la clasificaci\u00f3n a Boca, en el minuto 90+8. A Cavani le qued\u00f3 servido un bal\u00f3n de frente al arco peruano, con el portero Viscarra sin chances, pero se enred\u00f3 y no logr\u00f3 definir, por lo que el duelo lleg\u00f3 as\u00ed a los penales.<\/span><\/p>\n<p><span style=\"color: #000000;\">La eliminaci\u00f3n de Boca es considerada un papel\u00f3n enorme, que deja al club sin uno de sus grandes objetivos del a\u00f1o antes de empezar la etapa de grupos de la Libertadores, con el torneo Apertura local como \u00fanica meta hasta junio, cuando comience su participaci\u00f3n en el Mundial de Clubes de la FIFA en Estados Unidos.<\/span><\/p>\n<p><strong><span style=\"color: #000000;\">Gago se\u00f1alado<\/span><\/strong><\/p>\n<p><a href=\"https:\/\/elinformanteperu.com\/wp-content\/uploads\/2025\/02\/fernando-gago-boca-juniors.jpg\"><img decoding=\"async\" class=\"size-large wp-image-135647 aligncenter\" src=\"https:\/\/elinformanteperu.com\/wp-content\/uploads\/2025\/02\/fernando-gago-boca-juniors-1024x693.jpg\" alt=\"\" width=\"615\" height=\"416\" srcset=\"https:\/\/elinformanteperu.com\/wp-content\/uploads\/2025\/02\/fernando-gago-boca-juniors-1024x693.jpg 1024w, https:\/\/elinformanteperu.com\/wp-content\/uploads\/2025\/02\/fernando-gago-boca-juniors-300x203.jpg 300w, https:\/\/elinformanteperu.com\/wp-content\/uploads\/2025\/02\/fernando-gago-boca-juniors-768x520.jpg 768w, https:\/\/elinformanteperu.com\/wp-content\/uploads\/2025\/02\/fernando-gago-boca-juniors-1536x1039.jpg 1536w, https:\/\/elinformanteperu.com\/wp-content\/uploads\/2025\/02\/fernando-gago-boca-juniors.jpg 1800w\" sizes=\"(max-width: 615px) 100vw, 615px\" \/><\/a><span style=\"color: #000000;\">La lista de responsables de la debacle tiene marcado en rojo al entrenador Fernando Gago, que parece haber consumido todo su cr\u00e9dito en apenas 22 partidos, desde octubre del a\u00f1o pasado, y en las redes sociales se le critic\u00f3 el hecho de no querer observar la definici\u00f3n por penales -miraba al piso sentado en el banco de suplentes-.<\/span><\/p>\n<p><span style=\"color: #000000;\">Pero el DT manifest\u00f3 tras la derrota: \u00abme siento con fuerzas para continuar. Quiero revancha ya. Es un golpe dur\u00edsimo, porque ten\u00edamos la ilusi\u00f3n de seguir en la Copa. Esta es una situaci\u00f3n inc\u00f3moda, pero la vamos a atravesar. El equipo me gust\u00f3, tuvimos situaciones. Pero tengo claro que generalmente en el f\u00fatbol se pierde\u00bb.<\/span><\/p>\n<p><span style=\"color: #000000;\">En su descargo, Gago puede argumentar que el plantel sufri\u00f3 much\u00edsimas lesiones, que incluso hubo jugadores que no estaban al cien por ciento contra Alianza Lima \u2013tal el caso de Cavani, afectado en la espalda-, como tambi\u00e9n es real que en sus cuatro meses de gesti\u00f3n no consigui\u00f3 imprimirle al equipo una visi\u00f3n clara de juego o imponer un estilo futbol\u00edstico.<\/span><\/p>\n<p><span style=\"color: #000000;\">Los hinchas presentes en La Bombonera alentaron durante todo el partido, pero despu\u00e9s de los penales, enojados y frustrados, cantaron: \u00abque se vayan todos, que no quede ni uno solo\u00bb, en medio de un clima tenso en el estadio. Incluso, algunos consiguieron acercarse a la puerta de salida del estadio para insultar a los jugadores.<\/span><\/p>\n<p><strong><span style=\"color: #000000;\">Riquelme no se salv\u00f3 de las cr\u00edticas<\/span><\/strong><\/p>\n<p><a href=\"https:\/\/elinformanteperu.com\/wp-content\/uploads\/2025\/02\/juan-roman-riquelme.jpg\"><img decoding=\"async\" class=\"size-large wp-image-135206 aligncenter\" src=\"https:\/\/elinformanteperu.com\/wp-content\/uploads\/2025\/02\/juan-roman-riquelme-1024x683.jpg\" alt=\"\" width=\"615\" height=\"410\" srcset=\"https:\/\/elinformanteperu.com\/wp-content\/uploads\/2025\/02\/juan-roman-riquelme-1024x683.jpg 1024w, https:\/\/elinformanteperu.com\/wp-content\/uploads\/2025\/02\/juan-roman-riquelme-300x200.jpg 300w, https:\/\/elinformanteperu.com\/wp-content\/uploads\/2025\/02\/juan-roman-riquelme-768x512.jpg 768w, https:\/\/elinformanteperu.com\/wp-content\/uploads\/2025\/02\/juan-roman-riquelme-1536x1024.jpg 1536w, https:\/\/elinformanteperu.com\/wp-content\/uploads\/2025\/02\/juan-roman-riquelme.jpg 1800w\" sizes=\"(max-width: 615px) 100vw, 615px\" \/><\/a><span style=\"color: #000000;\">Por primera vez, las cr\u00edticas tambi\u00e9n alcanzaron a Juan Rom\u00e1n Riquelme, presidente e \u00eddolo hist\u00f3rico del club como futbolista, y dirigente desde 2019, que fall\u00f3 en la elecci\u00f3n de los entrenadores y en varios de los 44 futbolistas que llegaron a Boca en su gesti\u00f3n, con una inversi\u00f3n global cercana a los 70 millones de d\u00f3lares.<\/span><\/p>\n<p><span style=\"color: #000000;\">De hecho, Boca debi\u00f3 jugar esta serie de segunda ronda porque el equipo tuvo una muy mala campa\u00f1a en 2024. No gan\u00f3 ning\u00fan t\u00edtulo, fue eliminado muy temprano en la Copa Sudamericana y a duras penas termin\u00f3 quinto en la tabla general anual, lo que le permiti\u00f3 obtener el \u00faltimo cupo argentino para esta fase de la Libertadores.<\/span><\/p>\n<p><span style=\"color: #000000;\">El opositor Andr\u00e9s Ibarra, que acompa\u00f1\u00f3 al expresidente argentino Mauricio Macri en las elecciones perdidas contra Riquelme, destac\u00f3 en X que fue \u00abuna noche pat\u00e9tica e inadmisible para lo que es la grandeza de Boca. Da bronca y tristeza lo que est\u00e1n haciendo con el club. Es una falta de respeto a nuestra gloriosa historia. Los hinchas de Boca no merecemos esto\u00bb.<\/span><\/p>\n<p><span style=\"color: #000000;\">En este contexto, Riquelme, Gago y los jugadores deber\u00e1n afrontar el juicio de los hinchas de Boca este viernes en La Bombonera, cuando el equipo se enfrente con Rosario Central por la octava fecha del Torneo Apertura local, en el que el &#8216;xeneize&#8217; est\u00e1 cuarto en el Grupo A, en un ambiente de crisis que promete m\u00e1s episodios.<\/span><\/p>\n<p><iframe title=\"YouTube video player\" src=\"https:\/\/www.youtube-nocookie.com\/embed\/GB0uy5Us9OM?si=pCmDw6JzGUhWd13B&amp;controls=0\" width=\"520\" height=\"315\" frameborder=\"0\" allowfullscreen=\"allowfullscreen\"><span data-mce-type=\"bookmark\" style=\"display: inline-block; width: 0px; overflow: hidden; line-height: 0;\" class=\"mce_SELRES_start\">\ufeff<\/span><\/iframe><\/p>\n","protected":false},"excerpt":{"rendered":"<p>Aseguran que con la eliminaci\u00f3n de la Copa Libertadores se consuma un enorme fracaso tras invertir millones Buenos Aires, 26 de febrero 2023, (ANDINA).- La derrota ante Alianza Lima por penales el martes en Buenos Aires le cost\u00f3 a Boca Juniors una prematura eliminaci\u00f3n de la Copa Libertadores de 2025 en la segunda ronda, sin [&hellip;]<\/p>\n","protected":false},"author":1,"featured_media":136009,"comment_status":"closed","ping_status":"closed","sticky":false,"template":"","format":"standard","meta":{"rop_custom_images_group":[],"rop_custom_messages_group":[],"rop_publish_now":"initial","rop_publish_now_accounts":[],"rop_publish_now_history":[],"rop_publish_now_status":"pending","footnotes":""},"categories":[1],"tags":[8133,2642,8065],"class_list":["post-136008","post","type-post","status-publish","format-standard","has-post-thumbnail","hentry","category-uncategorized","tag-alianza-lima-2025","tag-boca-juniors","tag-copa-libertadores-2025"],"_links":{"self":[{"href":"https:\/\/elinformanteperu.com\/index.php\/wp-json\/wp\/v2\/posts\/136008","targetHints":{"allow":["GET"]}}],"collection":[{"href":"https:\/\/elinformanteperu.com\/index.php\/wp-json\/wp\/v2\/posts"}],"about":[{"href":"https:\/\/elinformanteperu.com\/index.php\/wp-json\/wp\/v2\/types\/post"}],"author":[{"embeddable":true,"href":"https:\/\/elinformanteperu.com\/index.php\/wp-json\/wp\/v2\/users\/1"}],"replies":[{"embeddable":true,"href":"https:\/\/elinformanteperu.com\/index.php\/wp-json\/wp\/v2\/comments?post=136008"}],"version-history":[{"count":1,"href":"https:\/\/elinformanteperu.com\/index.php\/wp-json\/wp\/v2\/posts\/136008\/revisions"}],"predecessor-version":[{"id":136011,"href":"https:\/\/elinformanteperu.com\/index.php\/wp-json\/wp\/v2\/posts\/136008\/revisions\/136011"}],"wp:featuredmedia":[{"embeddable":true,"href":"https:\/\/elinformanteperu.com\/index.php\/wp-json\/wp\/v2\/media\/136009"}],"wp:attachment":[{"href":"https:\/\/elinformanteperu.com\/index.php\/wp-json\/wp\/v2\/media?parent=136008"}],"wp:term":[{"taxonomy":"category","embeddable":true,"href":"https:\/\/elinformanteperu.com\/index.php\/wp-json\/wp\/v2\/categories?post=136008"},{"taxonomy":"post_tag","embeddable":true,"href":"https:\/\/elinformanteperu.com\/index.php\/wp-json\/wp\/v2\/tags?post=136008"}],"curies":[{"name":"wp","href":"https:\/\/api.w.org\/{rel}","templated":true}]}}