{"id":136005,"date":"2025-02-26T19:52:19","date_gmt":"2025-02-27T00:52:19","guid":{"rendered":"https:\/\/elinformanteperu.com\/?p=136005"},"modified":"2025-02-26T19:52:19","modified_gmt":"2025-02-27T00:52:19","slug":"alianza-lima-juan-jose-ore-el-peruano-que-es-idolo-en-el-deportes-iquique","status":"publish","type":"post","link":"https:\/\/elinformanteperu.com\/index.php\/2025\/02\/26\/alianza-lima-juan-jose-ore-el-peruano-que-es-idolo-en-el-deportes-iquique\/","title":{"rendered":"Alianza Lima: Juan Jos\u00e9 Or\u00e9, el peruano que es \u00eddolo en el Deportes Iquique"},"content":{"rendered":"<p><strong><span style=\"color: #000000;\">El exjugador nacional es uno de los goleadores m\u00e1ximos en la historia del club chileno<\/span><\/strong><\/p>\n<p><span style=\"color: #000000;\"><strong>Lima, 26 de febrero 2023, (ANDINA).-<\/strong> El Deportes Iquique de Chile, pr\u00f3ximo rival de Alianza Lima en la Copa Libertadores, conoce bien a los jugadores peruanos porque all\u00ed destacaron elementos como Jos\u00e9 Vel\u00e1squez y Juan Jos\u00e9 Or\u00e9, este \u00faltimo es \u00eddolo porque es el tercer goleador hist\u00f3rico de ese club.<\/span><\/p>\n<p><span style=\"color: #000000;\">De los nombres ilustres que han pasado por las filas del Deportes Iquique es, sin duda, Juan Jos\u00e9 Or\u00e9, quien marc\u00f3 una \u00e9poca brillante como jugador debido a que acab\u00f3 como goleador del torneo de Primera divisi\u00f3n chilena de 1988, con 18 goles.<\/span><\/p>\n<p><span style=\"color: #000000;\">Eso llev\u00f3 al futbolista peruano a convertirse en el \u00fanico jugador de este club que inscribi\u00f3 su nombre como de goleador de un torneo de la categor\u00eda m\u00e1xima del pa\u00eds sure\u00f1o.<\/span><\/p>\n<p><span style=\"color: #000000;\">Por ello es uno de los jugadores hist\u00f3ricos y m\u00e1s recordados por los hinchas de Deportes Iquique. Adem\u00e1s es el tercer goleador hist\u00f3rico del club, con 26 goles en primera divisi\u00f3n y 41 goles anotados en todos sus partidos.<\/span><\/p>\n<p><span style=\"color: #000000;\">Despu\u00e9s de su paso por el Iquique, Or\u00e9 regres\u00f3 al Per\u00fa para jugar en la Segunda Divisi\u00f3n en 1992 y se retir\u00f3 del f\u00fatbol activo jugando con el Lawn Tennis.<\/span><\/p>\n<p><span style=\"color: #000000;\">El ahora t\u00e9cnico, Juan Jos\u00e9 Or\u00e9 recuerda su paso y se\u00f1al\u00f3 que hasta a hora es muy recordado en dragones celestes, donde lo quieren bastante y lo tratan bien.<\/span><\/p>\n<p><span style=\"color: #000000;\">\u00abTuve la oportunidad de jugar all\u00ed y soy un \u00eddolo para ellos, tengo muchos amigos all\u00e1, sal\u00ed goleador del f\u00fatbol chileno, me quieren mucho y me tratan muy bien. Tengo grandes recuerdos\u00bb, dijo el exjugador al programa &#8216;Negrini lo Sabe&#8217; de Radio Ovaci\u00f3n.<\/span><\/p>\n<p><span style=\"color: #000000;\">Or\u00e9 dio a conocer que por ese club tambi\u00e9n pas\u00f3 Jos\u00e9 Vel\u00e1squez. Tambi\u00e9n que en la ciudad de Iquique, Regi\u00f3n de Tarapac\u00e1, existe una gran colonia de peruanos y eso podr\u00eda beneficiar a Alianza Lima cuando vaya a jugar en el partido de ida de la Fase 3 de la Copa Libertadores.<\/span><\/p>\n<blockquote class=\"twitter-tweet\">\n<p dir=\"ltr\" lang=\"tl\">\ud835\udc72\ud835\udc8a\ud835\udc8c\ud835\udc8a\ud835\udc93\ud835\udc8a\ud835\udc8c\ud835\udc8a\ud835\udc8a\ud835\udc8a\ud835\udc8a\ud835\udc8c\ud835\udc8a\ud835\udc8c\ud835\udc8a\ud835\udc8c\ud835\udc8a\ud835\udc8a\ud835\udc8a\ud835\udc8a\ud835\udc8a\ud835\udc8a \ud83c\udfb6<br \/>\n\ud835\udc72\ud835\udc8a\ud835\udc8c\ud835\udc8a\ud835\udc93\ud835\udc8a\ud835\udc8c\ud835\udc8a\ud835\udc8c\ud835\udc8a\ud835\udc8c\ud835\udc8a\ud835\udc8c\ud835\udc8a\ud835\udc8a\ud835\udc8a\ud835\udc8a\ud835\udc8a\ud835\udc8a\ud835\udc8a\ud835\udc8a\ud835\udc8a \ud83d\udc99<\/p>\n<p>\ud835\udc69\ud835\udc82\ud835\udc8a\ud835\udc8d\ud835\udc86 \ud835\udc8e\ud835\udc8a \ud835\udc68\ud835\udc8d\ud835\udc8a\ud835\udc82\ud835\udc8f\ud835\udc9b\ud835\udc82, \ud835\udc83\ud835\udc82\ud835\udc8a\ud835\udc8d\ud835\udc86. \ud83d\udc4f\ud83c\udffe\ud83d\udc99<a href=\"https:\/\/twitter.com\/hashtag\/ConAlianzaSiempre?src=hash&amp;ref_src=twsrc%5Etfw\">#ConAlianzaSiempre<\/a><a href=\"https:\/\/twitter.com\/hashtag\/ReafirmaTuLeALtad?src=hash&amp;ref_src=twsrc%5Etfw\">#ReafirmaTuLeALtad<\/a> <a href=\"https:\/\/t.co\/nXQfmq09FY\">pic.twitter.com\/nXQfmq09FY<\/a><\/p>\n<p>\u2014 Club Alianza Lima (@ClubALoficial) <a href=\"https:\/\/twitter.com\/ClubALoficial\/status\/1894587867021611008?ref_src=twsrc%5Etfw\">February 26, 2025<\/a><\/p><\/blockquote>\n<p><script async src=\"https:\/\/platform.twitter.com\/widgets.js\" charset=\"utf-8\"><\/script><\/p>\n","protected":false},"excerpt":{"rendered":"<p>El exjugador nacional es uno de los goleadores m\u00e1ximos en la historia del club chileno Lima, 26 de febrero 2023, (ANDINA).- El Deportes Iquique de Chile, pr\u00f3ximo rival de Alianza Lima en la Copa Libertadores, conoce bien a los jugadores peruanos porque all\u00ed destacaron elementos como Jos\u00e9 Vel\u00e1squez y Juan Jos\u00e9 Or\u00e9, este \u00faltimo es [&hellip;]<\/p>\n","protected":false},"author":1,"featured_media":136006,"comment_status":"closed","ping_status":"closed","sticky":false,"template":"","format":"standard","meta":{"rop_custom_images_group":[],"rop_custom_messages_group":[],"rop_publish_now":"initial","rop_publish_now_accounts":[],"rop_publish_now_history":[],"rop_publish_now_status":"pending","footnotes":""},"categories":[8],"tags":[8133,8065,8267,270],"class_list":["post-136005","post","type-post","status-publish","format-standard","has-post-thumbnail","hentry","category-disciplinas-deportivas","tag-alianza-lima-2025","tag-copa-libertadores-2025","tag-deportes-iquique","tag-juan-jose-ore"],"_links":{"self":[{"href":"https:\/\/elinformanteperu.com\/index.php\/wp-json\/wp\/v2\/posts\/136005","targetHints":{"allow":["GET"]}}],"collection":[{"href":"https:\/\/elinformanteperu.com\/index.php\/wp-json\/wp\/v2\/posts"}],"about":[{"href":"https:\/\/elinformanteperu.com\/index.php\/wp-json\/wp\/v2\/types\/post"}],"author":[{"embeddable":true,"href":"https:\/\/elinformanteperu.com\/index.php\/wp-json\/wp\/v2\/users\/1"}],"replies":[{"embeddable":true,"href":"https:\/\/elinformanteperu.com\/index.php\/wp-json\/wp\/v2\/comments?post=136005"}],"version-history":[{"count":1,"href":"https:\/\/elinformanteperu.com\/index.php\/wp-json\/wp\/v2\/posts\/136005\/revisions"}],"predecessor-version":[{"id":136007,"href":"https:\/\/elinformanteperu.com\/index.php\/wp-json\/wp\/v2\/posts\/136005\/revisions\/136007"}],"wp:featuredmedia":[{"embeddable":true,"href":"https:\/\/elinformanteperu.com\/index.php\/wp-json\/wp\/v2\/media\/136006"}],"wp:attachment":[{"href":"https:\/\/elinformanteperu.com\/index.php\/wp-json\/wp\/v2\/media?parent=136005"}],"wp:term":[{"taxonomy":"category","embeddable":true,"href":"https:\/\/elinformanteperu.com\/index.php\/wp-json\/wp\/v2\/categories?post=136005"},{"taxonomy":"post_tag","embeddable":true,"href":"https:\/\/elinformanteperu.com\/index.php\/wp-json\/wp\/v2\/tags?post=136005"}],"curies":[{"name":"wp","href":"https:\/\/api.w.org\/{rel}","templated":true}]}}