{"id":136002,"date":"2025-02-26T19:41:14","date_gmt":"2025-02-27T00:41:14","guid":{"rendered":"https:\/\/elinformanteperu.com\/?p=136002"},"modified":"2025-02-26T19:41:14","modified_gmt":"2025-02-27T00:41:14","slug":"paolo-guerrero-y-erick-noriega-se-perderan-el-cotejo-de-ida-ante-deportes-iquique","status":"publish","type":"post","link":"https:\/\/elinformanteperu.com\/index.php\/2025\/02\/26\/paolo-guerrero-y-erick-noriega-se-perderan-el-cotejo-de-ida-ante-deportes-iquique\/","title":{"rendered":"Paolo Guerrero y Erick Noriega se perder\u00e1n el cotejo de ida ante Deportes Iquique"},"content":{"rendered":"<p><strong><span style=\"color: #000000;\">Ambos jugadores deber\u00e1n cumplir una fecha de suspensi\u00f3n por acumulaci\u00f3n de tarjetas amarillas<\/span><\/strong><\/p>\n<p><span style=\"color: #000000;\"><strong>Lima, 26 de febrero 2023, (ANDINA).-<\/strong> Para afrontar el partido de ida por la Fase 3 de la Copa Libertadores, Alianza Lima no podr\u00e1 contar con Paolo Guerrero y Erick Noriega, quienes se perder\u00e1n el cotejo de ida ante Deportes Iquique por acumulaci\u00f3n de tarjetas amarillas.<\/span><\/p>\n<p><span style=\"color: #000000;\">Por la caracter\u00edstica del propio partido, los jugadores de Alianza Lima jugaron con todo el encuentro ante Boca Juniors en la Bombonera, hecho que llev\u00f3 a algunos a ganarse amonestaciones del \u00e1rbitro chileno, Piero Maza.<\/span><\/p>\n<p><span style=\"color: #000000;\">En total fueron cinco jugadores que vieron las tarjetas amarillas (Erick Noriega, Fernando Gaibor, Renzo Garc\u00e9s, Pablo Lavandeira y Paolo Guerrero), que los condicion\u00f3 en algunos pasajes del partido.<\/span><\/p>\n<p><span style=\"color: #000000;\">Esas amonestaciones trajo consecuencias y es que de los cinco, Noriega y Guerrero, quienes sumaron dos amarillas en la Copa Libertadores, no podr\u00e1n estar en el encuentro de ida por la Fase 3 de la Copa Libertadores, que jugar\u00e1 Alianza Lima ante Deportes Iquique la pr\u00f3xima semana.<\/span><\/p>\n<p><span style=\"color: #000000;\">Sin duda, ser\u00e1n dos bajas importantes que tendr\u00e1 el t\u00e9cnico N\u00e9stor Gorosito. Erick Noriega se ha convertido en pieza clave en el mediocampo y es titular indiscutible en la oncena que siempre tiene en cuenta el t\u00e9cnico argentino para sus partidos.<\/span><\/p>\n<p><span style=\"color: #000000;\">Por su parte, Guerrero es una de las cartas de gol que tiene la escuadra blanquiazul en esta temporada. El experimentado jugador es un referente para los ocasionales rival de los aliancistas.<\/span><\/p>\n<p><span style=\"color: #000000;\">Luego de cumplir una fecha de suspensi\u00f3n, ambos futbolistas quedar\u00e1n aptos para ser considerados por el Gorosito para el encuentro de vuelta, que se disputar\u00e1 en el Estadio Alejandro Villanueva.<\/span><\/p>\n<p><span style=\"color: #000000;\">Lo que s\u00ed qued\u00f3 por descontado es que tanto Paolo Guerrero y Erick Noriega ser\u00e1n tomados en cuenta para el cotejo frente a Sporting Cristal, v\u00e1lido por la cuarta fecha del Torneo Apertura, que se jugar\u00e1 el s\u00e1bado 1 de marzo (20:00 horas) en el Estadio Nacional.<\/span><\/p>\n<blockquote class=\"twitter-tweet\">\n<p dir=\"ltr\" lang=\"es\"><a href=\"https:\/\/twitter.com\/hashtag\/WillaxDeportes?src=hash&amp;ref_src=twsrc%5Etfw\">#WillaxDeportes<\/a> | Carlos Zambrano consol\u00f3 a Luis Adv\u00edncula tras eliminaci\u00f3n de Boca Juniors<\/p>\n<p>\ud83d\udc49Ent\u00e9rate m\u00e1s: <a href=\"https:\/\/t.co\/eJ0OmhmevL\">https:\/\/t.co\/eJ0OmhmevL<\/a> <a href=\"https:\/\/t.co\/yyxAMeRX64\">pic.twitter.com\/yyxAMeRX64<\/a><\/p>\n<p>\u2014 Willax Televisi\u00f3n (@willaxtv) <a href=\"https:\/\/twitter.com\/willaxtv\/status\/1894600573447455065?ref_src=twsrc%5Etfw\">February 26, 2025<\/a><\/p><\/blockquote>\n<p><script async src=\"https:\/\/platform.twitter.com\/widgets.js\" charset=\"utf-8\"><\/script><\/p>\n","protected":false},"excerpt":{"rendered":"<p>Ambos jugadores deber\u00e1n cumplir una fecha de suspensi\u00f3n por acumulaci\u00f3n de tarjetas amarillas Lima, 26 de febrero 2023, (ANDINA).- Para afrontar el partido de ida por la Fase 3 de la Copa Libertadores, Alianza Lima no podr\u00e1 contar con Paolo Guerrero y Erick Noriega, quienes se perder\u00e1n el cotejo de ida ante Deportes Iquique por [&hellip;]<\/p>\n","protected":false},"author":1,"featured_media":136003,"comment_status":"closed","ping_status":"closed","sticky":false,"template":"","format":"standard","meta":{"rop_custom_images_group":[],"rop_custom_messages_group":[],"rop_publish_now":"initial","rop_publish_now_accounts":[],"rop_publish_now_history":[],"rop_publish_now_status":"pending","footnotes":""},"categories":[8],"tags":[8133,8065,8267,8213,203],"class_list":["post-136002","post","type-post","status-publish","format-standard","has-post-thumbnail","hentry","category-disciplinas-deportivas","tag-alianza-lima-2025","tag-copa-libertadores-2025","tag-deportes-iquique","tag-erick-noriega","tag-paolo-guerrero"],"_links":{"self":[{"href":"https:\/\/elinformanteperu.com\/index.php\/wp-json\/wp\/v2\/posts\/136002","targetHints":{"allow":["GET"]}}],"collection":[{"href":"https:\/\/elinformanteperu.com\/index.php\/wp-json\/wp\/v2\/posts"}],"about":[{"href":"https:\/\/elinformanteperu.com\/index.php\/wp-json\/wp\/v2\/types\/post"}],"author":[{"embeddable":true,"href":"https:\/\/elinformanteperu.com\/index.php\/wp-json\/wp\/v2\/users\/1"}],"replies":[{"embeddable":true,"href":"https:\/\/elinformanteperu.com\/index.php\/wp-json\/wp\/v2\/comments?post=136002"}],"version-history":[{"count":1,"href":"https:\/\/elinformanteperu.com\/index.php\/wp-json\/wp\/v2\/posts\/136002\/revisions"}],"predecessor-version":[{"id":136004,"href":"https:\/\/elinformanteperu.com\/index.php\/wp-json\/wp\/v2\/posts\/136002\/revisions\/136004"}],"wp:featuredmedia":[{"embeddable":true,"href":"https:\/\/elinformanteperu.com\/index.php\/wp-json\/wp\/v2\/media\/136003"}],"wp:attachment":[{"href":"https:\/\/elinformanteperu.com\/index.php\/wp-json\/wp\/v2\/media?parent=136002"}],"wp:term":[{"taxonomy":"category","embeddable":true,"href":"https:\/\/elinformanteperu.com\/index.php\/wp-json\/wp\/v2\/categories?post=136002"},{"taxonomy":"post_tag","embeddable":true,"href":"https:\/\/elinformanteperu.com\/index.php\/wp-json\/wp\/v2\/tags?post=136002"}],"curies":[{"name":"wp","href":"https:\/\/api.w.org\/{rel}","templated":true}]}}