{"id":135996,"date":"2025-02-26T19:28:34","date_gmt":"2025-02-27T00:28:34","guid":{"rendered":"https:\/\/elinformanteperu.com\/?p=135996"},"modified":"2025-02-26T19:28:34","modified_gmt":"2025-02-27T00:28:34","slug":"alianza-lima-cuando-volvera-a-jugar-el-equipo-intimo-en-la-copa-libertadores","status":"publish","type":"post","link":"https:\/\/elinformanteperu.com\/index.php\/2025\/02\/26\/alianza-lima-cuando-volvera-a-jugar-el-equipo-intimo-en-la-copa-libertadores\/","title":{"rendered":"Alianza Lima: \u00bfCu\u00e1ndo volver\u00e1 a jugar el equipo \u00edntimo en la Copa Libertadores?"},"content":{"rendered":"<p><strong><span style=\"color: #000000;\">La escuadra victoriana primero visitar\u00e1 a Deportes Iquique y luego cerrar\u00e1 la llave de la Fase 3 en Matute<\/span><\/strong><\/p>\n<p><span style=\"color: #000000;\"><strong>Lima, 26 de febrero 2023, (ANDINA).-<\/strong> El plantel de jugadores de Alianza Lima llegar\u00e1 hoy a Lima y de inmediato se pondr\u00e1 a trabajar para afrontar sus siguientes partidos ante Sporting Cristal por la cuarta fecha del Torneo Apertura y ante Deportes Iquique de Chile por la Fase 3 de la Copa Libertadores.<\/span><\/p>\n<p><span style=\"color: #000000;\">Tras eliminar de manera hist\u00f3rica a Boca Juniors, el conjunto \u00edntimo no tiene tiempo para el descanso pues deber\u00e1 afrontar dos partidos importantes que definir\u00e1n su futuro tanto en el torneo local como en el certamen continental de clubes.<\/span><\/p>\n<p><span style=\"color: #000000;\">El t\u00e9cnico N\u00e9stor Gorosito deber\u00e1 armar una oncena fuerte para enfrentar el s\u00e1bado 1 de marzo (20:00 horas) a Cristal, en el Estadio Nacional. Es lo m\u00e1s seguro que para este partido har\u00e1 algunas variantes con la consigna de ganar para seguir en la pelea por los primeros puestos en la Liga 1.<\/span><\/p>\n<p><span style=\"color: #000000;\">Sin duda, el encuentro trascendental es el que jugar\u00e1 ante Deportes Iquique en el partido de ida por la Fase 3 de la Copa Libertadores.<\/span><\/p>\n<p><span style=\"color: #000000;\">No obstante de que a\u00fan no hay fecha definida, se supo que el partido de ida est\u00e1 programado para jugarse entre el 4-6 de marzo en Chile, mientras que la vuelta ser\u00e1 entre el 11-13 del mismo mes en el Estadio Alejandro Villanueva.<\/span><\/p>\n<p><span style=\"color: #000000;\">Todo hace indicar que el cotejo de ida se jugar\u00e1 el martes 4 de febrero, a las 19:00 horas de Per\u00fa, en el Estadio Tierra de Campeones Ram\u00f3n Estay Saavedra.<\/span><\/p>\n<p><span style=\"color: #000000;\">Los aliancistas tienen la misi\u00f3n de obtener un resultado positivo en este partido que le permita cerrar la llave a su favor cuando se juegue el partido de vuelta en el Estadio Alejandro Villanueva.<\/span><\/p>\n<p><span style=\"color: #000000;\">El vencedor de esta serie clasificar\u00e1 a la Fase de Grupos de la Copa Libertadores, que se inicia el 2 de abril. En esta etapa ya esperan 28 equipos de los 32 participantes clasificados.<\/span><\/p>\n<blockquote class=\"twitter-tweet\">\n<p dir=\"ltr\" lang=\"es\">\ud83c\udde8\ud83c\uddf1\ud83c\udfc6\ud83c\uddf5\ud83c\uddea Cruce definido en la Fase 3: <a href=\"https:\/\/twitter.com\/ClubDIquique?ref_src=twsrc%5Etfw\">@ClubDIquique<\/a> o <a href=\"https:\/\/twitter.com\/ClubALoficial?ref_src=twsrc%5Etfw\">@ClubALoficial<\/a> llegar\u00e1n a la Fase de Grupos de la CONMEBOL <a href=\"https:\/\/twitter.com\/hashtag\/Libertadores?src=hash&amp;ref_src=twsrc%5Etfw\">#Libertadores<\/a> 2025. <a href=\"https:\/\/twitter.com\/hashtag\/GloriaEterna?src=hash&amp;ref_src=twsrc%5Etfw\">#GloriaEterna<\/a> <a href=\"https:\/\/t.co\/8GVK3uwy9c\">pic.twitter.com\/8GVK3uwy9c<\/a><\/p>\n<p>\u2014 CONMEBOL Libertadores (@Libertadores) <a href=\"https:\/\/twitter.com\/Libertadores\/status\/1894589929000161574?ref_src=twsrc%5Etfw\">February 26, 2025<\/a><\/p><\/blockquote>\n<p><script async src=\"https:\/\/platform.twitter.com\/widgets.js\" charset=\"utf-8\"><\/script><\/p>\n","protected":false},"excerpt":{"rendered":"<p>La escuadra victoriana primero visitar\u00e1 a Deportes Iquique y luego cerrar\u00e1 la llave de la Fase 3 en Matute Lima, 26 de febrero 2023, (ANDINA).- El plantel de jugadores de Alianza Lima llegar\u00e1 hoy a Lima y de inmediato se pondr\u00e1 a trabajar para afrontar sus siguientes partidos ante Sporting Cristal por la cuarta fecha [&hellip;]<\/p>\n","protected":false},"author":1,"featured_media":135997,"comment_status":"closed","ping_status":"closed","sticky":false,"template":"","format":"standard","meta":{"rop_custom_images_group":[],"rop_custom_messages_group":[],"rop_publish_now":"initial","rop_publish_now_accounts":[],"rop_publish_now_history":[],"rop_publish_now_status":"pending","footnotes":""},"categories":[8],"tags":[8133,8065,8267],"class_list":["post-135996","post","type-post","status-publish","format-standard","has-post-thumbnail","hentry","category-disciplinas-deportivas","tag-alianza-lima-2025","tag-copa-libertadores-2025","tag-deportes-iquique"],"_links":{"self":[{"href":"https:\/\/elinformanteperu.com\/index.php\/wp-json\/wp\/v2\/posts\/135996","targetHints":{"allow":["GET"]}}],"collection":[{"href":"https:\/\/elinformanteperu.com\/index.php\/wp-json\/wp\/v2\/posts"}],"about":[{"href":"https:\/\/elinformanteperu.com\/index.php\/wp-json\/wp\/v2\/types\/post"}],"author":[{"embeddable":true,"href":"https:\/\/elinformanteperu.com\/index.php\/wp-json\/wp\/v2\/users\/1"}],"replies":[{"embeddable":true,"href":"https:\/\/elinformanteperu.com\/index.php\/wp-json\/wp\/v2\/comments?post=135996"}],"version-history":[{"count":1,"href":"https:\/\/elinformanteperu.com\/index.php\/wp-json\/wp\/v2\/posts\/135996\/revisions"}],"predecessor-version":[{"id":135998,"href":"https:\/\/elinformanteperu.com\/index.php\/wp-json\/wp\/v2\/posts\/135996\/revisions\/135998"}],"wp:featuredmedia":[{"embeddable":true,"href":"https:\/\/elinformanteperu.com\/index.php\/wp-json\/wp\/v2\/media\/135997"}],"wp:attachment":[{"href":"https:\/\/elinformanteperu.com\/index.php\/wp-json\/wp\/v2\/media?parent=135996"}],"wp:term":[{"taxonomy":"category","embeddable":true,"href":"https:\/\/elinformanteperu.com\/index.php\/wp-json\/wp\/v2\/categories?post=135996"},{"taxonomy":"post_tag","embeddable":true,"href":"https:\/\/elinformanteperu.com\/index.php\/wp-json\/wp\/v2\/tags?post=135996"}],"curies":[{"name":"wp","href":"https:\/\/api.w.org\/{rel}","templated":true}]}}