{"id":13593,"date":"2017-07-25T22:01:31","date_gmt":"2017-07-26T03:01:31","guid":{"rendered":"http:\/\/elinformanteperu.com\/?p=13593"},"modified":"2017-07-25T22:01:31","modified_gmt":"2017-07-26T03:01:31","slug":"fujimorismo-inscribio-su-lista-de-candidatos-a-la-mesa-directiva-del-congreso","status":"publish","type":"post","link":"https:\/\/elinformanteperu.com\/index.php\/2017\/07\/25\/fujimorismo-inscribio-su-lista-de-candidatos-a-la-mesa-directiva-del-congreso\/","title":{"rendered":"Fujimorismo inscribi\u00f3 su lista de candidatos a la Mesa Directiva del Congreso"},"content":{"rendered":"<p><strong><span style=\"color: #000000;\">La bancada de Fuerza Popular present\u00f3 ante la Oficial\u00eda Mayor del Congreso su lista multipartidaria de candidatos a la Mesa Directiva del Parlamento.<\/span><\/strong><\/p>\n<p><span style=\"color: #000000;\"><strong>Lima, 25 Julio 2017, (ANDINA).<\/strong>&#8211; La bancada de Fuerza Popular present\u00f3 ante la Oficial\u00eda Mayor del Congreso su lista multipartidaria de candidatos a la Mesa Directiva del Parlamento, encabezada por el legislador Luis Galarreta, quien postula a la presidencia de ese poder del Estado.<\/span><\/p>\n<p><span style=\"color: #000000;\">Acompa\u00f1an a Galarreta los legisladores Mario Mantilla Medina (FP), Richard Acu\u00f1a N\u00fa\u00f1ez (APP) y Mauricio Mulder Bedoya (APRA) para los cargos de primer, segundo y tercer vicepresidente, respectivamente. Todos ellos estuvieron en el acto de inscripci\u00f3n de la lista 1.<\/span><\/p>\n<p><span style=\"color: #000000;\">Su inscripci\u00f3n estuvo a cargo del legislador y vocero de Fuerza Popular, Daniel Salaverry Villa, quien lleg\u00f3 a la Oficial\u00eda Mayor para formalizar la presentaci\u00f3n de la lista, y fue registrada por su titular, Jos\u00e9 Cevasco.<\/span><\/p>\n","protected":false},"excerpt":{"rendered":"<p>La bancada de Fuerza Popular present\u00f3 ante la Oficial\u00eda Mayor del Congreso su lista multipartidaria de candidatos a la Mesa Directiva del Parlamento. Lima, 25 Julio 2017, (ANDINA).&#8211; La bancada de Fuerza Popular present\u00f3 ante la Oficial\u00eda Mayor del Congreso su lista multipartidaria de candidatos a la Mesa Directiva del Parlamento, encabezada por el legislador [&hellip;]<\/p>\n","protected":false},"author":1,"featured_media":13594,"comment_status":"open","ping_status":"open","sticky":false,"template":"","format":"standard","meta":{"rop_custom_images_group":[],"rop_custom_messages_group":[],"rop_publish_now":"initial","rop_publish_now_accounts":[],"rop_publish_now_history":[],"rop_publish_now_status":"pending","footnotes":""},"categories":[5],"tags":[192,382],"class_list":["post-13593","post","type-post","status-publish","format-standard","has-post-thumbnail","hentry","category-actualidad-informativa","tag-congreso","tag-luis-galarreta"],"_links":{"self":[{"href":"https:\/\/elinformanteperu.com\/index.php\/wp-json\/wp\/v2\/posts\/13593","targetHints":{"allow":["GET"]}}],"collection":[{"href":"https:\/\/elinformanteperu.com\/index.php\/wp-json\/wp\/v2\/posts"}],"about":[{"href":"https:\/\/elinformanteperu.com\/index.php\/wp-json\/wp\/v2\/types\/post"}],"author":[{"embeddable":true,"href":"https:\/\/elinformanteperu.com\/index.php\/wp-json\/wp\/v2\/users\/1"}],"replies":[{"embeddable":true,"href":"https:\/\/elinformanteperu.com\/index.php\/wp-json\/wp\/v2\/comments?post=13593"}],"version-history":[{"count":1,"href":"https:\/\/elinformanteperu.com\/index.php\/wp-json\/wp\/v2\/posts\/13593\/revisions"}],"predecessor-version":[{"id":13595,"href":"https:\/\/elinformanteperu.com\/index.php\/wp-json\/wp\/v2\/posts\/13593\/revisions\/13595"}],"wp:featuredmedia":[{"embeddable":true,"href":"https:\/\/elinformanteperu.com\/index.php\/wp-json\/wp\/v2\/media\/13594"}],"wp:attachment":[{"href":"https:\/\/elinformanteperu.com\/index.php\/wp-json\/wp\/v2\/media?parent=13593"}],"wp:term":[{"taxonomy":"category","embeddable":true,"href":"https:\/\/elinformanteperu.com\/index.php\/wp-json\/wp\/v2\/categories?post=13593"},{"taxonomy":"post_tag","embeddable":true,"href":"https:\/\/elinformanteperu.com\/index.php\/wp-json\/wp\/v2\/tags?post=13593"}],"curies":[{"name":"wp","href":"https:\/\/api.w.org\/{rel}","templated":true}]}}