{"id":13590,"date":"2017-07-25T21:49:49","date_gmt":"2017-07-26T02:49:49","guid":{"rendered":"http:\/\/elinformanteperu.com\/?p=13590"},"modified":"2017-07-25T21:49:49","modified_gmt":"2017-07-26T02:49:49","slug":"gobierno-firmo-adenda-para-ampliacion-de-aeropuerto-jorge-chavez","status":"publish","type":"post","link":"https:\/\/elinformanteperu.com\/index.php\/2017\/07\/25\/gobierno-firmo-adenda-para-ampliacion-de-aeropuerto-jorge-chavez\/","title":{"rendered":"Gobierno firm\u00f3 adenda para ampliaci\u00f3n de aeropuerto Jorge Ch\u00e1vez"},"content":{"rendered":"<p><strong><span style=\"color: #000000;\">El Gobierno firm\u00f3 la adenda del contrato de concesi\u00f3n del Aeropuerto Jorge Ch\u00e1vez con lo cual se dar\u00e1 inicio a la ampliaci\u00f3n del principal terminal a\u00e9reo del pa\u00eds.<\/span><\/strong><\/p>\n<p><span style=\"color: #000000;\"><strong>Lima, 25 Julio 2017, (ANDINA).-<\/strong> El Gobierno firm\u00f3 la adenda N\u00b07 del contrato de concesi\u00f3n del Aeropuerto Internacional Jorge Ch\u00e1vez con lo cual se dar\u00e1 inicio a la ampliaci\u00f3n del principal terminal a\u00e9reo del pa\u00eds, que incluye una nueva pista de aterrizaje.<\/span><\/p>\n<p><span style=\"color: #000000;\">\u201cEl pa\u00eds tiene que celebrar, despu\u00e9s de 12 a\u00f1os de espera se logr\u00f3 firmar la adenda que permite las obras de ampliaci\u00f3n del nuevo aeropuerto Jorge Ch\u00e1vez, y digo nuevo porque ser\u00e1 moderno, con una pista funcional y la tecnolog\u00eda que necesita tener\u201d, explic\u00f3 el ministro de Transportes y Comunicaciones, Bruno Giuffra.<\/span><\/p>\n<p><span style=\"color: #000000;\">El ministro Giuffra firm\u00f3 la adenda conjuntamente con el gerente general de la concesionaria Lima Airport Partners (LAP), Juan Jos\u00e9 Salm\u00f3n, y en compa\u00f1\u00eda del vicepresidente de la Rep\u00fablica, Mart\u00edn Vizcarra.<\/span><\/p>\n<p><span style=\"color: #000000;\">Previ\u00f3 que en cuatro a\u00f1os se deber\u00eda terminar de construir la segunda pista del aeropuerto, y en el 2022 deber\u00eda estar concluida la edificaci\u00f3n del gran nuevo terminal.<\/span><\/p>\n<p><span style=\"color: #000000;\">Indic\u00f3 que la realizaci\u00f3n de la obra supone 10 a\u00f1os m\u00e1s de concesi\u00f3n del aeropuerto Jorge Ch\u00e1vez a Lima Airport Partners (LAP), por la demora de 12 a\u00f1os en la entrega de los terrenos para la ampliaci\u00f3n.<\/span><\/p>\n<p><span style=\"color: #000000;\">\u201cSon 1,500 millones de d\u00f3lares que se invertir\u00e1n, aunque creo que ser\u00e1n m\u00e1s, pero es una obra que se financia con recursos del concesionario, para beneficio de todos los peruanos, porque el aeropuerto no da para m\u00e1s, hay que proyectar un aeropuerto s\u00faper moderno y hacia eso vamos\u00bb, afirm\u00f3.<\/span><\/p>\n","protected":false},"excerpt":{"rendered":"<p>El Gobierno firm\u00f3 la adenda del contrato de concesi\u00f3n del Aeropuerto Jorge Ch\u00e1vez con lo cual se dar\u00e1 inicio a la ampliaci\u00f3n del principal terminal a\u00e9reo del pa\u00eds. Lima, 25 Julio 2017, (ANDINA).- El Gobierno firm\u00f3 la adenda N\u00b07 del contrato de concesi\u00f3n del Aeropuerto Internacional Jorge Ch\u00e1vez con lo cual se dar\u00e1 inicio a [&hellip;]<\/p>\n","protected":false},"author":1,"featured_media":13591,"comment_status":"open","ping_status":"open","sticky":false,"template":"","format":"standard","meta":{"rop_custom_images_group":[],"rop_custom_messages_group":[],"rop_publish_now":"initial","rop_publish_now_accounts":[],"rop_publish_now_history":[],"rop_publish_now_status":"pending","footnotes":""},"categories":[5],"tags":[283,620,318],"class_list":["post-13590","post","type-post","status-publish","format-standard","has-post-thumbnail","hentry","category-actualidad-informativa","tag-bruno-giuffra","tag-lima-airport-partners","tag-ministerio-de-transportes-y-comunicaciones"],"_links":{"self":[{"href":"https:\/\/elinformanteperu.com\/index.php\/wp-json\/wp\/v2\/posts\/13590","targetHints":{"allow":["GET"]}}],"collection":[{"href":"https:\/\/elinformanteperu.com\/index.php\/wp-json\/wp\/v2\/posts"}],"about":[{"href":"https:\/\/elinformanteperu.com\/index.php\/wp-json\/wp\/v2\/types\/post"}],"author":[{"embeddable":true,"href":"https:\/\/elinformanteperu.com\/index.php\/wp-json\/wp\/v2\/users\/1"}],"replies":[{"embeddable":true,"href":"https:\/\/elinformanteperu.com\/index.php\/wp-json\/wp\/v2\/comments?post=13590"}],"version-history":[{"count":1,"href":"https:\/\/elinformanteperu.com\/index.php\/wp-json\/wp\/v2\/posts\/13590\/revisions"}],"predecessor-version":[{"id":13592,"href":"https:\/\/elinformanteperu.com\/index.php\/wp-json\/wp\/v2\/posts\/13590\/revisions\/13592"}],"wp:featuredmedia":[{"embeddable":true,"href":"https:\/\/elinformanteperu.com\/index.php\/wp-json\/wp\/v2\/media\/13591"}],"wp:attachment":[{"href":"https:\/\/elinformanteperu.com\/index.php\/wp-json\/wp\/v2\/media?parent=13590"}],"wp:term":[{"taxonomy":"category","embeddable":true,"href":"https:\/\/elinformanteperu.com\/index.php\/wp-json\/wp\/v2\/categories?post=13590"},{"taxonomy":"post_tag","embeddable":true,"href":"https:\/\/elinformanteperu.com\/index.php\/wp-json\/wp\/v2\/tags?post=13590"}],"curies":[{"name":"wp","href":"https:\/\/api.w.org\/{rel}","templated":true}]}}