{"id":135830,"date":"2025-02-23T11:57:45","date_gmt":"2025-02-23T16:57:45","guid":{"rendered":"https:\/\/elinformanteperu.com\/?p=135830"},"modified":"2025-02-23T11:57:45","modified_gmt":"2025-02-23T16:57:45","slug":"nicolas-amasifuen-deja-alianza-lima-y-continuara-su-carrera-en-europa","status":"publish","type":"post","link":"https:\/\/elinformanteperu.com\/index.php\/2025\/02\/23\/nicolas-amasifuen-deja-alianza-lima-y-continuara-su-carrera-en-europa\/","title":{"rendered":"Nicol\u00e1s Amasifu\u00e9n deja Alianza Lima y continuar\u00e1 su carrera en Europa"},"content":{"rendered":"<p><strong><span style=\"color: #000000;\">El lateral tendr\u00e1 la oportunidad de desempe\u00f1arse en un equipo que ha conquistado t\u00edtulos europeos.<\/span><\/strong><\/p>\n<p><span style=\"color: #000000;\"><strong>Lima, 22 de febrero 2023, (ANDINA).<\/strong>&#8211; El joven lateral Nicol\u00e1s Amasifu\u00e9n no seguir\u00e1 en Alianza Lima y continuar\u00e1 su carrera en el FC Slovacko de la Rep\u00fablica Checa. Tras semanas de negociaciones, el club blanquiazul acord\u00f3 su transferencia por 63 mil d\u00f3lares, adem\u00e1s de quedarse con el 10 % de su pase para futuras ventas.<\/span><\/p>\n<p><span style=\"color: #000000;\">Seg\u00fan inform\u00f3 RPP, futbolista de 19 a\u00f1os viajar\u00e1 la pr\u00f3xima semana para cerrar su incorporaci\u00f3n al equipo checo, que atraviesa un complicado momento en su liga. Actualmente, el Slovacko se ubica en el puesto 11 de la tabla y lucha por salir de la zona de descenso.<\/span><\/p>\n<p><span style=\"color: #000000;\">Amasifu\u00e9n recibe esta oportunidad internacional luego de ser titular en la selecci\u00f3n peruana Sub-20 durante el \u00faltimo Campeonato Sudamericano. Su desempe\u00f1o llam\u00f3 la atenci\u00f3n y ahora tendr\u00e1 su primera experiencia en el extranjero.<\/span><\/p>\n<p><span style=\"color: #000000;\">El defensor inici\u00f3 su carrera en Alianza Lima, donde debut\u00f3 profesionalmente el 16 de abril de 2023 en un triunfo por 3-0 ante Cantolao. En ese a\u00f1o disput\u00f3 seis encuentros en la Liga 1. Para la temporada 2024, fue cedido a C\u00e9sar Vallejo, donde sum\u00f3 siete partidos.<\/span><\/p>\n<p><span style=\"color: #000000;\">El FC Slovacko, fundado en 1927, no pasa por su mejor momento y acumula tres partidos sin ganar. En su \u00faltimo encuentro, empat\u00f3 0-0 ante Dukla. Con la llegada de Amasifu\u00e9n, el club buscar\u00e1 reforzar su defensa y mejorar su desempe\u00f1o en el torneo checo.<\/span><\/p>\n<p><a href=\"https:\/\/elinformanteperu.com\/wp-content\/uploads\/2025\/02\/Nicolas-Amasifuen-Alianza-Seleccion.jpg\"><img fetchpriority=\"high\" decoding=\"async\" class=\"size-large wp-image-135832 aligncenter\" src=\"https:\/\/elinformanteperu.com\/wp-content\/uploads\/2025\/02\/Nicolas-Amasifuen-Alianza-Seleccion-1024x683.jpg\" alt=\"\" width=\"615\" height=\"410\" srcset=\"https:\/\/elinformanteperu.com\/wp-content\/uploads\/2025\/02\/Nicolas-Amasifuen-Alianza-Seleccion-1024x683.jpg 1024w, https:\/\/elinformanteperu.com\/wp-content\/uploads\/2025\/02\/Nicolas-Amasifuen-Alianza-Seleccion-300x200.jpg 300w, https:\/\/elinformanteperu.com\/wp-content\/uploads\/2025\/02\/Nicolas-Amasifuen-Alianza-Seleccion-768x512.jpg 768w, https:\/\/elinformanteperu.com\/wp-content\/uploads\/2025\/02\/Nicolas-Amasifuen-Alianza-Seleccion-1536x1024.jpg 1536w, https:\/\/elinformanteperu.com\/wp-content\/uploads\/2025\/02\/Nicolas-Amasifuen-Alianza-Seleccion.jpg 1800w\" sizes=\"(max-width: 615px) 100vw, 615px\" \/><\/a><\/p>\n","protected":false},"excerpt":{"rendered":"<p>El lateral tendr\u00e1 la oportunidad de desempe\u00f1arse en un equipo que ha conquistado t\u00edtulos europeos. Lima, 22 de febrero 2023, (ANDINA).&#8211; El joven lateral Nicol\u00e1s Amasifu\u00e9n no seguir\u00e1 en Alianza Lima y continuar\u00e1 su carrera en el FC Slovacko de la Rep\u00fablica Checa. Tras semanas de negociaciones, el club blanquiazul acord\u00f3 su transferencia por 63 [&hellip;]<\/p>\n","protected":false},"author":1,"featured_media":135831,"comment_status":"closed","ping_status":"closed","sticky":false,"template":"","format":"standard","meta":{"rop_custom_images_group":[],"rop_custom_messages_group":[],"rop_publish_now":"initial","rop_publish_now_accounts":[],"rop_publish_now_history":[],"rop_publish_now_status":"pending","footnotes":""},"categories":[8],"tags":[8133,8262],"class_list":["post-135830","post","type-post","status-publish","format-standard","has-post-thumbnail","hentry","category-disciplinas-deportivas","tag-alianza-lima-2025","tag-nicolas-amasifuen"],"_links":{"self":[{"href":"https:\/\/elinformanteperu.com\/index.php\/wp-json\/wp\/v2\/posts\/135830","targetHints":{"allow":["GET"]}}],"collection":[{"href":"https:\/\/elinformanteperu.com\/index.php\/wp-json\/wp\/v2\/posts"}],"about":[{"href":"https:\/\/elinformanteperu.com\/index.php\/wp-json\/wp\/v2\/types\/post"}],"author":[{"embeddable":true,"href":"https:\/\/elinformanteperu.com\/index.php\/wp-json\/wp\/v2\/users\/1"}],"replies":[{"embeddable":true,"href":"https:\/\/elinformanteperu.com\/index.php\/wp-json\/wp\/v2\/comments?post=135830"}],"version-history":[{"count":1,"href":"https:\/\/elinformanteperu.com\/index.php\/wp-json\/wp\/v2\/posts\/135830\/revisions"}],"predecessor-version":[{"id":135833,"href":"https:\/\/elinformanteperu.com\/index.php\/wp-json\/wp\/v2\/posts\/135830\/revisions\/135833"}],"wp:featuredmedia":[{"embeddable":true,"href":"https:\/\/elinformanteperu.com\/index.php\/wp-json\/wp\/v2\/media\/135831"}],"wp:attachment":[{"href":"https:\/\/elinformanteperu.com\/index.php\/wp-json\/wp\/v2\/media?parent=135830"}],"wp:term":[{"taxonomy":"category","embeddable":true,"href":"https:\/\/elinformanteperu.com\/index.php\/wp-json\/wp\/v2\/categories?post=135830"},{"taxonomy":"post_tag","embeddable":true,"href":"https:\/\/elinformanteperu.com\/index.php\/wp-json\/wp\/v2\/tags?post=135830"}],"curies":[{"name":"wp","href":"https:\/\/api.w.org\/{rel}","templated":true}]}}