{"id":13583,"date":"2017-07-25T21:36:52","date_gmt":"2017-07-26T02:36:52","guid":{"rendered":"http:\/\/elinformanteperu.com\/?p=13583"},"modified":"2017-07-25T21:36:52","modified_gmt":"2017-07-26T02:36:52","slug":"fiestas-patrias-personal-del-coen-desfilara-en-parada-militar-del-29-de-julio","status":"publish","type":"post","link":"https:\/\/elinformanteperu.com\/index.php\/2017\/07\/25\/fiestas-patrias-personal-del-coen-desfilara-en-parada-militar-del-29-de-julio\/","title":{"rendered":"Fiestas Patrias: personal del COEN desfilar\u00e1 en parada militar del 29 de julio"},"content":{"rendered":"<p><strong><span style=\"color: #000000;\">El personal del Centro de Operaciones de Emergencia Nacional (COEN) \u201cUna sola fuerza\u201d, que tuvo un papel protag\u00f3nico para enfrentar los efectos de El Ni\u00f1o formar\u00e1 parte de la Gran Parada C\u00edvico-Militar.<\/span><\/strong><\/p>\n<p><span style=\"color: #000000;\"><strong>Lima, 25 Julio 2017, (ANDINA).-<\/strong> El personal del Centro de Operaciones de Emergencia Nacional (COEN) \u201cUna sola fuerza\u201d, que tuvo un papel protag\u00f3nico para enfrentar los efectos de El Ni\u00f1o costero en el pa\u00eds, formar\u00e1 parte de las agrupaciones que marchar\u00e1n en la Gran Parada C\u00edvico-Militar que se realizar\u00e1 por Fiestas Patrias el s\u00e1bado 29 de julio, en la avenida Brasil.<\/span><\/p>\n<p><span style=\"color: #000000;\">El ministro de Defensa, Jorge Nieto Montesinos, sostuvo que, de esta manera, se busca reconocer la labor del personal de distintos ministerios, as\u00ed como de instituciones t\u00e9cnicas como el Senamhi, el IGP o la Autoridad Nacional del Agua, frente a la emergencia que ocasion\u00f3 dicho fen\u00f3meno natural.<\/span><\/p>\n<p><span style=\"color: #000000;\">Fue durante la supervisi\u00f3n del ensayo general de la Gran Parada y Desfile C\u00edvico-Militar 2017, que se desarroll\u00f3 esta ma\u00f1ana en la base a\u00e9rea Las Palmas, en el distrito de Santiago de Surco.<\/span><\/p>\n<p><span style=\"color: #000000;\">Detall\u00f3 que ser\u00e1n m\u00e1s de 10,000 personas las que desfilar\u00e1n este 29 de julio, divididas en seis agrupaciones integradas por las instituciones armadas y de la Polic\u00eda Nacional, as\u00ed como de delegaciones extranjeras invitadas.<\/span><\/p>\n<p><span style=\"color: #000000;\">Mencion\u00f3 como caso especial en este desfile la presencia de personal del comando Chav\u00edn de Hu\u00e1ntar, al igual que del Grupo de Inteligencia (Gein) de la Polic\u00eda que consiguieron importantes logros en la lucha contra el terrorismo.<\/span><\/p>\n<p><span style=\"color: #000000;\">\u201cLuego vienen todos los destacamentos del Ej\u00e9rcito, de la Marina, de la Fuerza A\u00e9rea y de la Polic\u00eda Nacional\u201d, finaliz\u00f3.<\/span><\/p>\n<p><img fetchpriority=\"high\" decoding=\"async\" class=\"aligncenter size-full wp-image-13585\" src=\"http:\/\/elinformanteperu.com\/wp-content\/uploads\/2017\/07\/parada-militar-ensayo1.jpg\" alt=\"\" width=\"500\" height=\"333\" srcset=\"https:\/\/elinformanteperu.com\/wp-content\/uploads\/2017\/07\/parada-militar-ensayo1.jpg 500w, https:\/\/elinformanteperu.com\/wp-content\/uploads\/2017\/07\/parada-militar-ensayo1-300x200.jpg 300w, https:\/\/elinformanteperu.com\/wp-content\/uploads\/2017\/07\/parada-militar-ensayo1-128x85.jpg 128w, https:\/\/elinformanteperu.com\/wp-content\/uploads\/2017\/07\/parada-militar-ensayo1-32x21.jpg 32w\" sizes=\"(max-width: 500px) 100vw, 500px\" \/><\/p>\n","protected":false},"excerpt":{"rendered":"<p>El personal del Centro de Operaciones de Emergencia Nacional (COEN) \u201cUna sola fuerza\u201d, que tuvo un papel protag\u00f3nico para enfrentar los efectos de El Ni\u00f1o formar\u00e1 parte de la Gran Parada C\u00edvico-Militar. Lima, 25 Julio 2017, (ANDINA).- El personal del Centro de Operaciones de Emergencia Nacional (COEN) \u201cUna sola fuerza\u201d, que tuvo un papel protag\u00f3nico [&hellip;]<\/p>\n","protected":false},"author":1,"featured_media":13584,"comment_status":"open","ping_status":"open","sticky":false,"template":"","format":"standard","meta":{"rop_custom_images_group":[],"rop_custom_messages_group":[],"rop_publish_now":"initial","rop_publish_now_accounts":[],"rop_publish_now_history":[],"rop_publish_now_status":"pending","footnotes":""},"categories":[10],"tags":[843,1954],"class_list":["post-13583","post","type-post","status-publish","format-standard","has-post-thumbnail","hentry","category-actualidad-municipal","tag-coen","tag-parada-militar-2017"],"_links":{"self":[{"href":"https:\/\/elinformanteperu.com\/index.php\/wp-json\/wp\/v2\/posts\/13583","targetHints":{"allow":["GET"]}}],"collection":[{"href":"https:\/\/elinformanteperu.com\/index.php\/wp-json\/wp\/v2\/posts"}],"about":[{"href":"https:\/\/elinformanteperu.com\/index.php\/wp-json\/wp\/v2\/types\/post"}],"author":[{"embeddable":true,"href":"https:\/\/elinformanteperu.com\/index.php\/wp-json\/wp\/v2\/users\/1"}],"replies":[{"embeddable":true,"href":"https:\/\/elinformanteperu.com\/index.php\/wp-json\/wp\/v2\/comments?post=13583"}],"version-history":[{"count":1,"href":"https:\/\/elinformanteperu.com\/index.php\/wp-json\/wp\/v2\/posts\/13583\/revisions"}],"predecessor-version":[{"id":13586,"href":"https:\/\/elinformanteperu.com\/index.php\/wp-json\/wp\/v2\/posts\/13583\/revisions\/13586"}],"wp:featuredmedia":[{"embeddable":true,"href":"https:\/\/elinformanteperu.com\/index.php\/wp-json\/wp\/v2\/media\/13584"}],"wp:attachment":[{"href":"https:\/\/elinformanteperu.com\/index.php\/wp-json\/wp\/v2\/media?parent=13583"}],"wp:term":[{"taxonomy":"category","embeddable":true,"href":"https:\/\/elinformanteperu.com\/index.php\/wp-json\/wp\/v2\/categories?post=13583"},{"taxonomy":"post_tag","embeddable":true,"href":"https:\/\/elinformanteperu.com\/index.php\/wp-json\/wp\/v2\/tags?post=13583"}],"curies":[{"name":"wp","href":"https:\/\/api.w.org\/{rel}","templated":true}]}}