{"id":135816,"date":"2025-02-23T11:31:21","date_gmt":"2025-02-23T16:31:21","guid":{"rendered":"https:\/\/elinformanteperu.com\/?p=135816"},"modified":"2025-02-23T11:31:21","modified_gmt":"2025-02-23T16:31:21","slug":"shakira-director-creativo-desmiente-rumores-sobre-que-cebiche-impacto-en-salud-de-artista","status":"publish","type":"post","link":"https:\/\/elinformanteperu.com\/index.php\/2025\/02\/23\/shakira-director-creativo-desmiente-rumores-sobre-que-cebiche-impacto-en-salud-de-artista\/","title":{"rendered":"Shakira: director creativo desmiente rumores sobre que cebiche impact\u00f3 en salud de artista"},"content":{"rendered":"<p><span style=\"color: #000000;\"><strong>Lima, 21 de febrero 2023, (ANDINA).-<\/strong> Aaron Snaiderman, director creativo de Shakira y encargado de su imagen en redes sociales, desminti\u00f3 los rumores acerca de que el cebiche, el emblem\u00e1tico platillo peruano haya sido el causante del problema de salud de la estrella colombiana.<\/span><\/p>\n<p><span style=\"color: #000000;\">As\u00ed Aaron Snaiderman subi\u00f3 una historia en sus redes sociales, donde se\u00f1ala que el plato de cebiche lo consumi\u00f3 \u00e9l, a\u00f1adiendo una frase \u00abya no saben qu\u00e9 inventar\u00bb.<\/span><\/p>\n<p><span style=\"color: #000000;\">D\u00edas antes el escritor Jaime Bayly hab\u00eda se\u00f1alado que la raz\u00f3n de la indisposici\u00f3n de la artista colombiana se deb\u00eda a la ingesta del platillo peruano.<\/span><\/p>\n<p><span style=\"color: #000000;\">Como se sabe, Shakira suspendi\u00f3 su concierto del domingo 16 de febrero en Lima, tras ser internada en la cl\u00ednica Delgado. La estrella internacional sufri\u00f3 un severo dolor abdominal que la llev\u00f3 a ser trasladada en horas de la noche del viernes 14 para ser atendida.<\/span><\/p>\n<p><span style=\"color: #000000;\">La artista, mediante un comunicado, expres\u00f3 su tristeza al revelar que se hallaba hospitalizada en una cl\u00ednica miraflorina y que seg\u00fan le informaron en su momento los m\u00e9dicos no se encuentra en condiciones de ofrecer un concierto esta noche en el Estadio Nacional.<\/span><\/p>\n<p><span style=\"color: #000000;\">Sin embargo, el lunes 17 de febrero la estrella colombiana ofreci\u00f3 el concierto programado para esa fecha en el Estadio Nacional de Lima.<\/span><\/p>\n<p><a href=\"https:\/\/elinformanteperu.com\/wp-content\/uploads\/2025\/02\/shakira7.jpg\"><img fetchpriority=\"high\" decoding=\"async\" class=\"size-large wp-image-135471 aligncenter\" src=\"https:\/\/elinformanteperu.com\/wp-content\/uploads\/2025\/02\/shakira7-1024x683.jpg\" alt=\"\" width=\"615\" height=\"410\" srcset=\"https:\/\/elinformanteperu.com\/wp-content\/uploads\/2025\/02\/shakira7-1024x683.jpg 1024w, https:\/\/elinformanteperu.com\/wp-content\/uploads\/2025\/02\/shakira7-300x200.jpg 300w, https:\/\/elinformanteperu.com\/wp-content\/uploads\/2025\/02\/shakira7-768x512.jpg 768w, https:\/\/elinformanteperu.com\/wp-content\/uploads\/2025\/02\/shakira7-1536x1024.jpg 1536w, https:\/\/elinformanteperu.com\/wp-content\/uploads\/2025\/02\/shakira7.jpg 1800w\" sizes=\"(max-width: 615px) 100vw, 615px\" \/><\/a><\/p>\n","protected":false},"excerpt":{"rendered":"<p>Lima, 21 de febrero 2023, (ANDINA).- Aaron Snaiderman, director creativo de Shakira y encargado de su imagen en redes sociales, desminti\u00f3 los rumores acerca de que el cebiche, el emblem\u00e1tico platillo peruano haya sido el causante del problema de salud de la estrella colombiana. As\u00ed Aaron Snaiderman subi\u00f3 una historia en sus redes sociales, donde [&hellip;]<\/p>\n","protected":false},"author":1,"featured_media":135817,"comment_status":"closed","ping_status":"closed","sticky":false,"template":"","format":"standard","meta":{"rop_custom_images_group":[],"rop_custom_messages_group":[],"rop_publish_now":"initial","rop_publish_now_accounts":[],"rop_publish_now_history":[],"rop_publish_now_status":"pending","footnotes":""},"categories":[69],"tags":[220],"class_list":["post-135816","post","type-post","status-publish","format-standard","has-post-thumbnail","hentry","category-musica","tag-shakira"],"_links":{"self":[{"href":"https:\/\/elinformanteperu.com\/index.php\/wp-json\/wp\/v2\/posts\/135816","targetHints":{"allow":["GET"]}}],"collection":[{"href":"https:\/\/elinformanteperu.com\/index.php\/wp-json\/wp\/v2\/posts"}],"about":[{"href":"https:\/\/elinformanteperu.com\/index.php\/wp-json\/wp\/v2\/types\/post"}],"author":[{"embeddable":true,"href":"https:\/\/elinformanteperu.com\/index.php\/wp-json\/wp\/v2\/users\/1"}],"replies":[{"embeddable":true,"href":"https:\/\/elinformanteperu.com\/index.php\/wp-json\/wp\/v2\/comments?post=135816"}],"version-history":[{"count":1,"href":"https:\/\/elinformanteperu.com\/index.php\/wp-json\/wp\/v2\/posts\/135816\/revisions"}],"predecessor-version":[{"id":135818,"href":"https:\/\/elinformanteperu.com\/index.php\/wp-json\/wp\/v2\/posts\/135816\/revisions\/135818"}],"wp:featuredmedia":[{"embeddable":true,"href":"https:\/\/elinformanteperu.com\/index.php\/wp-json\/wp\/v2\/media\/135817"}],"wp:attachment":[{"href":"https:\/\/elinformanteperu.com\/index.php\/wp-json\/wp\/v2\/media?parent=135816"}],"wp:term":[{"taxonomy":"category","embeddable":true,"href":"https:\/\/elinformanteperu.com\/index.php\/wp-json\/wp\/v2\/categories?post=135816"},{"taxonomy":"post_tag","embeddable":true,"href":"https:\/\/elinformanteperu.com\/index.php\/wp-json\/wp\/v2\/tags?post=135816"}],"curies":[{"name":"wp","href":"https:\/\/api.w.org\/{rel}","templated":true}]}}