{"id":135800,"date":"2025-02-23T03:31:14","date_gmt":"2025-02-23T08:31:14","guid":{"rendered":"https:\/\/elinformanteperu.com\/?p=135800"},"modified":"2025-02-23T03:31:14","modified_gmt":"2025-02-23T08:31:14","slug":"surco-retirara-cables-que-pongan-en-riesgo-la-salud-y-seguridad-de-los-vecinos","status":"publish","type":"post","link":"https:\/\/elinformanteperu.com\/index.php\/2025\/02\/23\/surco-retirara-cables-que-pongan-en-riesgo-la-salud-y-seguridad-de-los-vecinos\/","title":{"rendered":"Surco retirar\u00e1 cables que pongan en riesgo la salud y seguridad de los vecinos"},"content":{"rendered":"<p><span style=\"color: #000000;\"><strong>Lima, 22 de febrero 2023, (ANDINA).-<\/strong> La Municipalidad de Santiago de Surco retirar\u00e1 los cables que pongan en riesgo la vida y la salud de las personas, aunque se encuentren operativos, dado que las empresas de telecomunicaciones no asumen su responsabilidad de quitar el cableado en desuso o en mal estado en las zonas urbanas.<\/span><\/p>\n<p><span style=\"color: #000000;\">As\u00ed lo establece el Decreto de Alcald\u00eda N\u00b0 002-2025-MSS, recientemente emitido y que faculta a la Subgerencia de Fiscalizaci\u00f3n y Coactiva Administrativa a realizar dicha labor.<\/span><\/p>\n<p><span style=\"color: #000000;\">La Ley N\u00b0 31595, Ley que promueve la descontaminaci\u00f3n ambiental, y su reglamento aprobado por el Decreto Supremo N\u00b0 007-2024-MTC, establecen que las empresas concesionarias de servicios de electricidad y de telecomunicaciones, as\u00ed como las empresas proveedoras de infraestructura pasiva de telecomunicaciones, est\u00e1n obligadas a retirar el cableado a\u00e9reo en desuso o en mal estado que se encuentre en las zonas urbanas.<\/span><\/p>\n<p><span style=\"color: #000000;\">Dichas normas se\u00f1alan tambi\u00e9n que las empresas deben presentar ante la Entidad de Fiscalizaci\u00f3n Ambiental (EFA) el Plan de Acci\u00f3n para el retiro de cables y, ante las municipalidades, el correspondiente Plan de Calles. Sin embargo, a la fecha, no han cumplido con hacerlo ante el municipio de Surco.<\/span><\/p>\n<p><span style=\"color: #000000;\">Por tanto, y tomando en cuenta lo se\u00f1alado por las Ordenanzas N\u00b0 654-MSS y N\u00b0 702-MSS, referidas a la participaci\u00f3n de la Municipalidad de Surco en el retiro de cableado en desuso, era necesario emitir el presente Decreto de Alcald\u00eda.<\/span><\/p>\n<p><span style=\"color: #000000;\">Este Decreto de Alcald\u00eda tambi\u00e9n pone en conocimiento del Organismo de Evaluaci\u00f3n y Fiscalizaci\u00f3n Ambiental (OEFA) y del Ministerio de Transportes y Comunicaciones (MTC) los incumplimientos que vienen realizando las empresas inmersas en la Ley N\u00b0 31595 y su Reglamento.<\/span><\/p>\n<p><a href=\"https:\/\/elinformanteperu.com\/wp-content\/uploads\/2021\/01\/luz-corte3.jpg\"><img fetchpriority=\"high\" decoding=\"async\" class=\"size-large wp-image-89891 aligncenter\" src=\"https:\/\/elinformanteperu.com\/wp-content\/uploads\/2021\/01\/luz-corte3-1024x683.jpg\" alt=\"\" width=\"615\" height=\"410\" srcset=\"https:\/\/elinformanteperu.com\/wp-content\/uploads\/2021\/01\/luz-corte3-1024x683.jpg 1024w, https:\/\/elinformanteperu.com\/wp-content\/uploads\/2021\/01\/luz-corte3-300x200.jpg 300w, https:\/\/elinformanteperu.com\/wp-content\/uploads\/2021\/01\/luz-corte3-768x512.jpg 768w, https:\/\/elinformanteperu.com\/wp-content\/uploads\/2021\/01\/luz-corte3-1536x1024.jpg 1536w, https:\/\/elinformanteperu.com\/wp-content\/uploads\/2021\/01\/luz-corte3.jpg 1800w\" sizes=\"(max-width: 615px) 100vw, 615px\" \/><\/a><\/p>\n","protected":false},"excerpt":{"rendered":"<p>Lima, 22 de febrero 2023, (ANDINA).- La Municipalidad de Santiago de Surco retirar\u00e1 los cables que pongan en riesgo la vida y la salud de las personas, aunque se encuentren operativos, dado que las empresas de telecomunicaciones no asumen su responsabilidad de quitar el cableado en desuso o en mal estado en las zonas urbanas. [&hellip;]<\/p>\n","protected":false},"author":1,"featured_media":135801,"comment_status":"closed","ping_status":"closed","sticky":false,"template":"","format":"standard","meta":{"rop_custom_images_group":[],"rop_custom_messages_group":[],"rop_publish_now":"initial","rop_publish_now_accounts":[],"rop_publish_now_history":[],"rop_publish_now_status":"pending","footnotes":""},"categories":[10],"tags":[655,3683],"class_list":["post-135800","post","type-post","status-publish","format-standard","has-post-thumbnail","hentry","category-actualidad-municipal","tag-municipalidad-de-santiago-de-surco","tag-santiago-de-surco"],"_links":{"self":[{"href":"https:\/\/elinformanteperu.com\/index.php\/wp-json\/wp\/v2\/posts\/135800","targetHints":{"allow":["GET"]}}],"collection":[{"href":"https:\/\/elinformanteperu.com\/index.php\/wp-json\/wp\/v2\/posts"}],"about":[{"href":"https:\/\/elinformanteperu.com\/index.php\/wp-json\/wp\/v2\/types\/post"}],"author":[{"embeddable":true,"href":"https:\/\/elinformanteperu.com\/index.php\/wp-json\/wp\/v2\/users\/1"}],"replies":[{"embeddable":true,"href":"https:\/\/elinformanteperu.com\/index.php\/wp-json\/wp\/v2\/comments?post=135800"}],"version-history":[{"count":1,"href":"https:\/\/elinformanteperu.com\/index.php\/wp-json\/wp\/v2\/posts\/135800\/revisions"}],"predecessor-version":[{"id":135802,"href":"https:\/\/elinformanteperu.com\/index.php\/wp-json\/wp\/v2\/posts\/135800\/revisions\/135802"}],"wp:featuredmedia":[{"embeddable":true,"href":"https:\/\/elinformanteperu.com\/index.php\/wp-json\/wp\/v2\/media\/135801"}],"wp:attachment":[{"href":"https:\/\/elinformanteperu.com\/index.php\/wp-json\/wp\/v2\/media?parent=135800"}],"wp:term":[{"taxonomy":"category","embeddable":true,"href":"https:\/\/elinformanteperu.com\/index.php\/wp-json\/wp\/v2\/categories?post=135800"},{"taxonomy":"post_tag","embeddable":true,"href":"https:\/\/elinformanteperu.com\/index.php\/wp-json\/wp\/v2\/tags?post=135800"}],"curies":[{"name":"wp","href":"https:\/\/api.w.org\/{rel}","templated":true}]}}