{"id":135798,"date":"2025-02-23T03:24:06","date_gmt":"2025-02-23T08:24:06","guid":{"rendered":"https:\/\/elinformanteperu.com\/?p=135798"},"modified":"2025-02-23T03:24:06","modified_gmt":"2025-02-23T08:24:06","slug":"real-plaza-cierra-establecimientos-a-nivel-nacional-tras-accidente-en-trujillo","status":"publish","type":"post","link":"https:\/\/elinformanteperu.com\/index.php\/2025\/02\/23\/real-plaza-cierra-establecimientos-a-nivel-nacional-tras-accidente-en-trujillo\/","title":{"rendered":"Real Plaza cierra establecimientos a nivel nacional tras accidente en Trujillo"},"content":{"rendered":"<p><strong><span style=\"color: #000000;\">En se\u00f1al de duelo y solidaridad con las v\u00edctimas<\/span><\/strong><\/p>\n<p><span style=\"color: #000000;\"><strong>Lima, 22 de febrero 2023, (ANDINA).-<\/strong> Ante la tragedia ocurrida anoche en Real Plaza de Trujillo, esta cadena de tiendas decidi\u00f3 cerrar todos sus centros comerciales a nivel nacional durante hoy, s\u00e1bado 22 de febrero, en se\u00f1al de duelo y solidaridad con las familias afectadas.<\/span><\/p>\n<p><span style=\"color: #000000;\">A trav\u00e9s de un comunicado, Real Plaza expres\u00f3 su profundo pesar por los lamentables hechos y envi\u00f3 sus m\u00e1s sinceras condolencias a las familias de las personas fallecidas.<\/span><\/p>\n<p><span style=\"color: #000000;\">\u00abLamentamos profundamente lo ocurrido en nuestro centro comercial de Trujillo y expresamos nuestras m\u00e1s sinceras condolencias a las familias de las personas fallecidas. Asimismo, manifestamos nuestro absoluto apoyo a todos sus familiares y a los heridos a causa de este lamentable accidente\u00bb, se\u00f1ala el documento.<\/span><\/p>\n<p><span style=\"color: #000000;\">La empresa destac\u00f3 que, en estrecha coordinaci\u00f3n con las autoridades locales, contin\u00faa trabajando en las labores de rescate y brindando soporte a los afectados. Asimismo, se comprometi\u00f3 a colaborar con las investigaciones que determinar\u00e1n las causas del incidente.<\/span><\/p>\n<p><span style=\"color: #000000;\">Como parte de su compromiso con la comunidad, Real Plaza reafirm\u00f3 su disposici\u00f3n para asistir a quienes lo necesiten en este doloroso momento y asegur\u00f3 que mantendr\u00e1 informadas a las familias afectadas por la tragedia.<\/span><\/p>\n<p><span style=\"color: #000000;\">La empresa tambi\u00e9n destac\u00f3 que esta medida de cierre temporal responde a su deseo de honrar la memoria de las v\u00edctimas y apoyar el proceso de recuperaci\u00f3n de todos los involucrados.<\/span><\/p>\n<p><strong><span style=\"color: #000000;\">Colapso de techo<\/span><\/strong><\/p>\n<p><span style=\"color: #000000;\">De acuerdo con los testigos, cerca de las 9 de la noche del viernes 21 de febrero, el techo del patio de comidas de Real Plaza Trujillo se derrumb\u00f3, sepultando a decenas de personas que se encontraban en este sector.<\/span><\/p>\n<p><span style=\"color: #000000;\">A pesar de los esfuerzos de los bomberos por rescatar a los atrapados, cuatro personas fallecieron, y m\u00e1s de 70 resultaron heridas, muchas de ellas en estado grave.<\/span><\/p>\n<blockquote class=\"twitter-tweet\">\n<p dir=\"ltr\" lang=\"es\">Comunicado a la opini\u00f3n p\u00fablica: <a href=\"https:\/\/t.co\/2x2H6LZyCy\">pic.twitter.com\/2x2H6LZyCy<\/a><\/p>\n<p>\u2014 Real Plaza (@Real_Plaza) <a href=\"https:\/\/twitter.com\/Real_Plaza\/status\/1893191893472747636?ref_src=twsrc%5Etfw\">February 22, 2025<\/a><\/p><\/blockquote>\n<p><script async src=\"https:\/\/platform.twitter.com\/widgets.js\" charset=\"utf-8\"><\/script><\/p>\n","protected":false},"excerpt":{"rendered":"<p>En se\u00f1al de duelo y solidaridad con las v\u00edctimas Lima, 22 de febrero 2023, (ANDINA).- Ante la tragedia ocurrida anoche en Real Plaza de Trujillo, esta cadena de tiendas decidi\u00f3 cerrar todos sus centros comerciales a nivel nacional durante hoy, s\u00e1bado 22 de febrero, en se\u00f1al de duelo y solidaridad con las familias afectadas. A [&hellip;]<\/p>\n","protected":false},"author":1,"featured_media":135742,"comment_status":"closed","ping_status":"closed","sticky":false,"template":"","format":"standard","meta":{"rop_custom_images_group":[],"rop_custom_messages_group":[],"rop_publish_now":"initial","rop_publish_now_accounts":[],"rop_publish_now_history":[],"rop_publish_now_status":"pending","footnotes":""},"categories":[10],"tags":[1560,3362],"class_list":["post-135798","post","type-post","status-publish","format-standard","has-post-thumbnail","hentry","category-actualidad-municipal","tag-real-plaza","tag-trujillo"],"_links":{"self":[{"href":"https:\/\/elinformanteperu.com\/index.php\/wp-json\/wp\/v2\/posts\/135798","targetHints":{"allow":["GET"]}}],"collection":[{"href":"https:\/\/elinformanteperu.com\/index.php\/wp-json\/wp\/v2\/posts"}],"about":[{"href":"https:\/\/elinformanteperu.com\/index.php\/wp-json\/wp\/v2\/types\/post"}],"author":[{"embeddable":true,"href":"https:\/\/elinformanteperu.com\/index.php\/wp-json\/wp\/v2\/users\/1"}],"replies":[{"embeddable":true,"href":"https:\/\/elinformanteperu.com\/index.php\/wp-json\/wp\/v2\/comments?post=135798"}],"version-history":[{"count":1,"href":"https:\/\/elinformanteperu.com\/index.php\/wp-json\/wp\/v2\/posts\/135798\/revisions"}],"predecessor-version":[{"id":135799,"href":"https:\/\/elinformanteperu.com\/index.php\/wp-json\/wp\/v2\/posts\/135798\/revisions\/135799"}],"wp:featuredmedia":[{"embeddable":true,"href":"https:\/\/elinformanteperu.com\/index.php\/wp-json\/wp\/v2\/media\/135742"}],"wp:attachment":[{"href":"https:\/\/elinformanteperu.com\/index.php\/wp-json\/wp\/v2\/media?parent=135798"}],"wp:term":[{"taxonomy":"category","embeddable":true,"href":"https:\/\/elinformanteperu.com\/index.php\/wp-json\/wp\/v2\/categories?post=135798"},{"taxonomy":"post_tag","embeddable":true,"href":"https:\/\/elinformanteperu.com\/index.php\/wp-json\/wp\/v2\/tags?post=135798"}],"curies":[{"name":"wp","href":"https:\/\/api.w.org\/{rel}","templated":true}]}}