{"id":135741,"date":"2025-02-22T11:42:46","date_gmt":"2025-02-22T16:42:46","guid":{"rendered":"https:\/\/elinformanteperu.com\/?p=135741"},"modified":"2025-02-22T11:42:46","modified_gmt":"2025-02-22T16:42:46","slug":"tragedia-en-trujillo-suman-cuatro-los-fallecidos-y-mas-de-70-los-heridos-tras-desplome","status":"publish","type":"post","link":"https:\/\/elinformanteperu.com\/index.php\/2025\/02\/22\/tragedia-en-trujillo-suman-cuatro-los-fallecidos-y-mas-de-70-los-heridos-tras-desplome\/","title":{"rendered":"Tragedia en Trujillo: suman cuatro los fallecidos y m\u00e1s de 70 los heridos tras desplome"},"content":{"rendered":"<p><strong><span style=\"color: #000000;\">Conoce la relaci\u00f3n actualizada de heridos y los establecimientos de salud donde se encuentran<\/span><\/strong><\/p>\n<p><span style=\"color: #000000;\"><strong>Lima, 22 de febrero 2023, (ANDINA).-<\/strong> A cuatro aument\u00f3 la cifra de personas fallecidas y m\u00e1s de 70 las heridas tras el colapso ocurrido anoche en la estructura del centro comercial Real Plaza, ubicado en la ciudad de Trujillo, capital del departamento de La Libertad.<\/span><\/p>\n<p><span style=\"color: #000000;\">\u00abTenemos cuatro fallecidos que se encuentran todav\u00eda atrapados en el lugar. Tenemos a un var\u00f3n de entre 38 y 40 a\u00f1os, una mujer de 35 a\u00f1os, una se\u00f1orita de 17 a\u00f1os y una ni\u00f1a de 8 a\u00f1os\u00bb, inform\u00f3 el inspector del Cuerpo de Bomberos de La Libertad, Gelqui G\u00f3lmez.<\/span><\/p>\n<p><span style=\"color: #000000;\">Los heridos fueron internados en los hospitales Regional Docente de Trujillo, V\u00edctor Lazarte, H. Albrecht y Bel\u00e9n, as\u00ed como en las cl\u00ednicas Peruano Americana, Sanna y San Pablo, inform\u00f3 el Gobierno Regional de La Libertad.<\/span><\/p>\n<p><span style=\"color: #000000;\">La relaci\u00f3n de heridos es la siguiente:<\/span><\/p>\n<p><a href=\"https:\/\/elinformanteperu.com\/wp-content\/uploads\/2025\/02\/trujillo-heridos1.jpg\"><img fetchpriority=\"high\" decoding=\"async\" class=\"size-full wp-image-135743 aligncenter\" src=\"https:\/\/elinformanteperu.com\/wp-content\/uploads\/2025\/02\/trujillo-heridos1.jpg\" alt=\"\" width=\"436\" height=\"500\" srcset=\"https:\/\/elinformanteperu.com\/wp-content\/uploads\/2025\/02\/trujillo-heridos1.jpg 436w, https:\/\/elinformanteperu.com\/wp-content\/uploads\/2025\/02\/trujillo-heridos1-262x300.jpg 262w\" sizes=\"(max-width: 436px) 100vw, 436px\" \/><\/a><\/p>\n<p><a href=\"https:\/\/elinformanteperu.com\/wp-content\/uploads\/2025\/02\/trujillo-heridos2.jpg\"><img decoding=\"async\" class=\" wp-image-135744 aligncenter\" src=\"https:\/\/elinformanteperu.com\/wp-content\/uploads\/2025\/02\/trujillo-heridos2.jpg\" alt=\"\" width=\"446\" height=\"440\" srcset=\"https:\/\/elinformanteperu.com\/wp-content\/uploads\/2025\/02\/trujillo-heridos2.jpg 500w, https:\/\/elinformanteperu.com\/wp-content\/uploads\/2025\/02\/trujillo-heridos2-300x296.jpg 300w, https:\/\/elinformanteperu.com\/wp-content\/uploads\/2025\/02\/trujillo-heridos2-60x60.jpg 60w, https:\/\/elinformanteperu.com\/wp-content\/uploads\/2025\/02\/trujillo-heridos2-50x50.jpg 50w\" sizes=\"(max-width: 446px) 100vw, 446px\" \/><\/a><\/p>\n<p><a href=\"https:\/\/elinformanteperu.com\/wp-content\/uploads\/2025\/02\/trujillo-heridos3.jpg\"><img decoding=\"async\" class=\"size-full wp-image-135745 aligncenter\" src=\"https:\/\/elinformanteperu.com\/wp-content\/uploads\/2025\/02\/trujillo-heridos3.jpg\" alt=\"\" width=\"445\" height=\"500\" srcset=\"https:\/\/elinformanteperu.com\/wp-content\/uploads\/2025\/02\/trujillo-heridos3.jpg 445w, https:\/\/elinformanteperu.com\/wp-content\/uploads\/2025\/02\/trujillo-heridos3-267x300.jpg 267w\" sizes=\"(max-width: 445px) 100vw, 445px\" \/><\/a><\/p>\n<p><strong><span style=\"color: #000000;\">Bomberos y PNP contin\u00faan labores de rescate<\/span><\/strong><\/p>\n<p><span style=\"color: #000000;\">En el lugar contin\u00faa la intervenci\u00f3n de los bomberos en las labores de b\u00fasqueda, rescate y recuperaci\u00f3n, con apoyo de efectivos de la Polic\u00eda Nacional del Per\u00fa con la Brigada Canina.<\/span><\/p>\n<p><span style=\"color: #000000;\">Dicho trabajo se complementa con la participaci\u00f3n de la Brigada de la Subgerencia de Defensa Civil del Gobierno Regional y de Salud.<\/span><\/p>\n<p><strong><span style=\"color: #000000;\">Real Plaza cierra hoy todos sus centros comerciales en el pa\u00eds<\/span><\/strong><\/p>\n<p><span style=\"color: #000000;\">A trav\u00e9s de un comunicado oficial, Real Plaza inform\u00f3 que en solidaridad de la tragedia sucedido en su centro comercial de la ciudad de Trujillo y anunci\u00f3 que hoy no atender\u00e1n sus sedes en todo el pa\u00eds.<\/span><\/p>\n<p><a href=\"https:\/\/elinformanteperu.com\/wp-content\/uploads\/2025\/02\/trujillo-real-plaza-comunicado.jpg\"><img loading=\"lazy\" decoding=\"async\" class=\"size-full wp-image-135746 aligncenter\" src=\"https:\/\/elinformanteperu.com\/wp-content\/uploads\/2025\/02\/trujillo-real-plaza-comunicado.jpg\" alt=\"\" width=\"500\" height=\"424\" srcset=\"https:\/\/elinformanteperu.com\/wp-content\/uploads\/2025\/02\/trujillo-real-plaza-comunicado.jpg 500w, https:\/\/elinformanteperu.com\/wp-content\/uploads\/2025\/02\/trujillo-real-plaza-comunicado-300x254.jpg 300w\" sizes=\"(max-width: 500px) 100vw, 500px\" \/><\/a><span style=\"color: #000000;\">En tanto, la Junta de Fiscales Superiores de La Libertad expres\u00f3 su profundo pesar por lo sucedido y asegur\u00f3 que se est\u00e1 supervisando las diligencias correspondientes para garantizar una investigaci\u00f3n exhaustiva y transparente.<\/span><\/p>\n<p><a href=\"https:\/\/elinformanteperu.com\/wp-content\/uploads\/2025\/02\/trujillo-MP.jpg\"><img loading=\"lazy\" decoding=\"async\" class=\"size-full wp-image-135747 aligncenter\" src=\"https:\/\/elinformanteperu.com\/wp-content\/uploads\/2025\/02\/trujillo-MP.jpg\" alt=\"\" width=\"500\" height=\"372\" srcset=\"https:\/\/elinformanteperu.com\/wp-content\/uploads\/2025\/02\/trujillo-MP.jpg 500w, https:\/\/elinformanteperu.com\/wp-content\/uploads\/2025\/02\/trujillo-MP-300x223.jpg 300w\" sizes=\"(max-width: 500px) 100vw, 500px\" \/><\/a><span style=\"color: #000000;\">En un comunicado, indica que se ha dispuesto las acciones correspondientes para las diligencias de levantamiento de los cad\u00e1veres y la constataci\u00f3n del estado de salud de los heridos.<\/span><\/p>\n<p><span style=\"color: #000000;\">\u00abEl Ministerio P\u00fablico reafirma su compromiso con la b\u00fasqueda de la justicia y determinaci\u00f3n de responsabilidades\u00bb, remarcaron.<\/span><\/p>\n","protected":false},"excerpt":{"rendered":"<p>Conoce la relaci\u00f3n actualizada de heridos y los establecimientos de salud donde se encuentran Lima, 22 de febrero 2023, (ANDINA).- A cuatro aument\u00f3 la cifra de personas fallecidas y m\u00e1s de 70 las heridas tras el colapso ocurrido anoche en la estructura del centro comercial Real Plaza, ubicado en la ciudad de Trujillo, capital del [&hellip;]<\/p>\n","protected":false},"author":1,"featured_media":135742,"comment_status":"closed","ping_status":"closed","sticky":false,"template":"","format":"standard","meta":{"rop_custom_images_group":[],"rop_custom_messages_group":[],"rop_publish_now":"initial","rop_publish_now_accounts":[],"rop_publish_now_history":[],"rop_publish_now_status":"pending","footnotes":""},"categories":[10,5745],"tags":[1560,3362],"class_list":["post-135741","post","type-post","status-publish","format-standard","has-post-thumbnail","hentry","category-actualidad-municipal","category-lo-ultimo","tag-real-plaza","tag-trujillo"],"_links":{"self":[{"href":"https:\/\/elinformanteperu.com\/index.php\/wp-json\/wp\/v2\/posts\/135741","targetHints":{"allow":["GET"]}}],"collection":[{"href":"https:\/\/elinformanteperu.com\/index.php\/wp-json\/wp\/v2\/posts"}],"about":[{"href":"https:\/\/elinformanteperu.com\/index.php\/wp-json\/wp\/v2\/types\/post"}],"author":[{"embeddable":true,"href":"https:\/\/elinformanteperu.com\/index.php\/wp-json\/wp\/v2\/users\/1"}],"replies":[{"embeddable":true,"href":"https:\/\/elinformanteperu.com\/index.php\/wp-json\/wp\/v2\/comments?post=135741"}],"version-history":[{"count":1,"href":"https:\/\/elinformanteperu.com\/index.php\/wp-json\/wp\/v2\/posts\/135741\/revisions"}],"predecessor-version":[{"id":135748,"href":"https:\/\/elinformanteperu.com\/index.php\/wp-json\/wp\/v2\/posts\/135741\/revisions\/135748"}],"wp:featuredmedia":[{"embeddable":true,"href":"https:\/\/elinformanteperu.com\/index.php\/wp-json\/wp\/v2\/media\/135742"}],"wp:attachment":[{"href":"https:\/\/elinformanteperu.com\/index.php\/wp-json\/wp\/v2\/media?parent=135741"}],"wp:term":[{"taxonomy":"category","embeddable":true,"href":"https:\/\/elinformanteperu.com\/index.php\/wp-json\/wp\/v2\/categories?post=135741"},{"taxonomy":"post_tag","embeddable":true,"href":"https:\/\/elinformanteperu.com\/index.php\/wp-json\/wp\/v2\/tags?post=135741"}],"curies":[{"name":"wp","href":"https:\/\/api.w.org\/{rel}","templated":true}]}}