{"id":135735,"date":"2025-02-21T01:41:05","date_gmt":"2025-02-21T06:41:05","guid":{"rendered":"https:\/\/elinformanteperu.com\/?p=135735"},"modified":"2025-02-21T01:41:05","modified_gmt":"2025-02-21T06:41:05","slug":"atentado-contra-la-piedra-de-los-12-angulos-ministerio-de-cultura-exige-maxima-sancion","status":"publish","type":"post","link":"https:\/\/elinformanteperu.com\/index.php\/2025\/02\/21\/atentado-contra-la-piedra-de-los-12-angulos-ministerio-de-cultura-exige-maxima-sancion\/","title":{"rendered":"Atentado contra la piedra de los 12 \u00e1ngulos: Ministerio de Cultura exige m\u00e1xima sanci\u00f3n"},"content":{"rendered":"<p><strong><span style=\"color: #000000;\">\u2022 Ciudadano que cometi\u00f3 el delito, ya fue detenido; por lo que se pide una condena en el Poder Judicial ante el grave da\u00f1o al monumento.<\/span><\/strong><\/p>\n<p><span style=\"color: #000000;\"><strong>Lima, 20 de febrero 2025, (El Informante Per\u00fa).-<\/strong> El Ministerio de Cultura, a trav\u00e9s de la Direcci\u00f3n Desconcentrada de Cultura de Cusco, condena en\u00e9rgicamente el atentado contra la Piedra de los 12 \u00c1ngulos, un bien cultural e hist\u00f3rico, de enorme valor para nuestra naci\u00f3n.<\/span><\/p>\n<p><span style=\"color: #000000;\">El atentado ocurri\u00f3 esta madrugada, a las 12:49 a. m., cuando un ciudadano en aparente estado de ebriedad, utilizando un objeto met\u00e1lico, atent\u00f3 contra el elemento l\u00edtico, provocando la ca\u00edda de fragmentos de piedra, en seis impactos visibles de la emblem\u00e1tica estructura l\u00edtica.<\/span><\/p>\n<p><a href=\"https:\/\/elinformanteperu.com\/wp-content\/uploads\/2025\/02\/cusco-piedra-de-12-angulos-atentado4.jpg\"><img fetchpriority=\"high\" decoding=\"async\" class=\"alignnone size-full wp-image-135737\" src=\"https:\/\/elinformanteperu.com\/wp-content\/uploads\/2025\/02\/cusco-piedra-de-12-angulos-atentado4.jpg\" alt=\"\" width=\"800\" height=\"450\" srcset=\"https:\/\/elinformanteperu.com\/wp-content\/uploads\/2025\/02\/cusco-piedra-de-12-angulos-atentado4.jpg 800w, https:\/\/elinformanteperu.com\/wp-content\/uploads\/2025\/02\/cusco-piedra-de-12-angulos-atentado4-300x169.jpg 300w, https:\/\/elinformanteperu.com\/wp-content\/uploads\/2025\/02\/cusco-piedra-de-12-angulos-atentado4-768x432.jpg 768w, https:\/\/elinformanteperu.com\/wp-content\/uploads\/2025\/02\/cusco-piedra-de-12-angulos-atentado4-620x350.jpg 620w\" sizes=\"(max-width: 800px) 100vw, 800px\" \/><\/a><\/p>\n<p><span style=\"color: #000000;\">En respuesta a este grave incidente, el director de la Direcci\u00f3n Desconcentrada de Cultura de Cusco, Jorge Moya Coh\u00e1guila, -en representaci\u00f3n del ministro de Cultura, Fabricio Valencia-, acompa\u00f1ado del equipo t\u00e9cnico especializado y las \u00e1reas de la Subdirecci\u00f3n de Defensa del Patrimonio Cultural, se constituy\u00f3 en el lugar e inmediatamente interpuso la denuncia formal ante la Polic\u00eda de Turismo y el Ministerio P\u00fablico, con el objetivo de esclarecer los hechos y llevar ante la justicia al responsable.<\/span><\/p>\n<p><span style=\"color: #000000;\">En r\u00e1pida intervenci\u00f3n de los efectivos de la Polic\u00eda de Turismo, el ciudadano que atent\u00f3 con contra la Piedra de 12 \u00c1ngulos, ya fue detenido.<\/span><\/p>\n<p><span style=\"color: #000000;\">\u201cDe acuerdo a la normatividad vigente, este hecho es un atentado de lesa cultura y podr\u00eda ser castigado con una pena de prisi\u00f3n de hasta seis a\u00f1os. Por nuestra parte, pediremos la m\u00e1xima sanci\u00f3n, porque el da\u00f1o al patrimonio es irreversible\u201d, se\u00f1al\u00f3 tajantemente el director de la Direcci\u00f3n Desconcentrada de Cultura de Cusco, Jorge Moya Coh\u00e1guila, al tiempo de se\u00f1alar que la defensa tambi\u00e9n se realizar\u00e1 a trav\u00e9s de la Procuradur\u00eda P\u00fablica del Ministerio de Cultura.<\/span><\/p>\n<p><span style=\"color: #000000;\"><a href=\"https:\/\/elinformanteperu.com\/wp-content\/uploads\/2025\/02\/cusco-piedra-de-12-angulos-atentado2.jpg\"><img decoding=\"async\" class=\"size-full wp-image-135738 aligncenter\" src=\"https:\/\/elinformanteperu.com\/wp-content\/uploads\/2025\/02\/cusco-piedra-de-12-angulos-atentado2.jpg\" alt=\"\" width=\"800\" height=\"450\" srcset=\"https:\/\/elinformanteperu.com\/wp-content\/uploads\/2025\/02\/cusco-piedra-de-12-angulos-atentado2.jpg 800w, https:\/\/elinformanteperu.com\/wp-content\/uploads\/2025\/02\/cusco-piedra-de-12-angulos-atentado2-300x169.jpg 300w, https:\/\/elinformanteperu.com\/wp-content\/uploads\/2025\/02\/cusco-piedra-de-12-angulos-atentado2-768x432.jpg 768w, https:\/\/elinformanteperu.com\/wp-content\/uploads\/2025\/02\/cusco-piedra-de-12-angulos-atentado2-620x350.jpg 620w\" sizes=\"(max-width: 800px) 100vw, 800px\" \/><\/a><\/span><strong><span style=\"color: #000000;\">Mesa t\u00e9cnica<\/span><\/strong><\/p>\n<p><span style=\"color: #000000;\">Como medida inmediata, la DDC Cusco, convocar\u00e1 a una mesa t\u00e9cnica de trabajo, para establecer un plan de acci\u00f3n conjunto que garantice la protecci\u00f3n del casco monumental de la ciudad.<\/span><\/p>\n<p><span style=\"color: #000000;\">A esta mesa se convocar\u00e1 a representantes de todas las autoridades pertinentes, incluyendo la Municipalidad de Cusco, el Poder Judicial, la Polic\u00eda Nacional del Per\u00fa (PNP), el Ministerio P\u00fablico, y otras instituciones claves para la defensa del patrimonio cultural.<\/span><\/p>\n<p><a href=\"https:\/\/elinformanteperu.com\/wp-content\/uploads\/2025\/02\/cusco-piedra-de-12-angulos-atentado.jpg\"><img decoding=\"async\" class=\"alignnone size-full wp-image-135739\" src=\"https:\/\/elinformanteperu.com\/wp-content\/uploads\/2025\/02\/cusco-piedra-de-12-angulos-atentado.jpg\" alt=\"\" width=\"800\" height=\"449\" srcset=\"https:\/\/elinformanteperu.com\/wp-content\/uploads\/2025\/02\/cusco-piedra-de-12-angulos-atentado.jpg 800w, https:\/\/elinformanteperu.com\/wp-content\/uploads\/2025\/02\/cusco-piedra-de-12-angulos-atentado-300x168.jpg 300w, https:\/\/elinformanteperu.com\/wp-content\/uploads\/2025\/02\/cusco-piedra-de-12-angulos-atentado-768x431.jpg 768w\" sizes=\"(max-width: 800px) 100vw, 800px\" \/><\/a><\/p>\n<p><span style=\"color: #000000;\">El prop\u00f3sito de esta mesa t\u00e9cnica ser\u00e1 coordinar esfuerzos y recursos, con el fin de reforzar las medidas de seguridad y conservaci\u00f3n de nuestros bienes patrimoniales.<\/span><\/p>\n<p><span style=\"color: #000000;\">\u00abEl Ministerio de Cultura y la Direcci\u00f3n Desconcentrada de Cultura de Cusco, repudian este acto de vandalismo y reafirman su firme compromiso con la protecci\u00f3n y conservaci\u00f3n de nuestro patrimonio cultural. Hacemos un llamado a toda la ciudadan\u00eda, para que se una a nuestra causa en defensa de estos valiosos bienes, y denuncie cualquier acto que atente contra nuestra herencia cultural\u00bb, afirm\u00f3 el director de Cultura.<\/span><\/p>\n","protected":false},"excerpt":{"rendered":"<p>\u2022 Ciudadano que cometi\u00f3 el delito, ya fue detenido; por lo que se pide una condena en el Poder Judicial ante el grave da\u00f1o al monumento. Lima, 20 de febrero 2025, (El Informante Per\u00fa).- El Ministerio de Cultura, a trav\u00e9s de la Direcci\u00f3n Desconcentrada de Cultura de Cusco, condena en\u00e9rgicamente el atentado contra la Piedra [&hellip;]<\/p>\n","protected":false},"author":1,"featured_media":135736,"comment_status":"closed","ping_status":"closed","sticky":false,"template":"","format":"standard","meta":{"rop_custom_images_group":[],"rop_custom_messages_group":[],"rop_publish_now":"initial","rop_publish_now_accounts":[],"rop_publish_now_history":[],"rop_publish_now_status":"pending","footnotes":""},"categories":[10],"tags":[1226,105],"class_list":["post-135735","post","type-post","status-publish","format-standard","has-post-thumbnail","hentry","category-actualidad-municipal","tag-cusco","tag-ministerio-de-cultura"],"_links":{"self":[{"href":"https:\/\/elinformanteperu.com\/index.php\/wp-json\/wp\/v2\/posts\/135735","targetHints":{"allow":["GET"]}}],"collection":[{"href":"https:\/\/elinformanteperu.com\/index.php\/wp-json\/wp\/v2\/posts"}],"about":[{"href":"https:\/\/elinformanteperu.com\/index.php\/wp-json\/wp\/v2\/types\/post"}],"author":[{"embeddable":true,"href":"https:\/\/elinformanteperu.com\/index.php\/wp-json\/wp\/v2\/users\/1"}],"replies":[{"embeddable":true,"href":"https:\/\/elinformanteperu.com\/index.php\/wp-json\/wp\/v2\/comments?post=135735"}],"version-history":[{"count":1,"href":"https:\/\/elinformanteperu.com\/index.php\/wp-json\/wp\/v2\/posts\/135735\/revisions"}],"predecessor-version":[{"id":135740,"href":"https:\/\/elinformanteperu.com\/index.php\/wp-json\/wp\/v2\/posts\/135735\/revisions\/135740"}],"wp:featuredmedia":[{"embeddable":true,"href":"https:\/\/elinformanteperu.com\/index.php\/wp-json\/wp\/v2\/media\/135736"}],"wp:attachment":[{"href":"https:\/\/elinformanteperu.com\/index.php\/wp-json\/wp\/v2\/media?parent=135735"}],"wp:term":[{"taxonomy":"category","embeddable":true,"href":"https:\/\/elinformanteperu.com\/index.php\/wp-json\/wp\/v2\/categories?post=135735"},{"taxonomy":"post_tag","embeddable":true,"href":"https:\/\/elinformanteperu.com\/index.php\/wp-json\/wp\/v2\/tags?post=135735"}],"curies":[{"name":"wp","href":"https:\/\/api.w.org\/{rel}","templated":true}]}}