{"id":135726,"date":"2025-02-21T00:09:39","date_gmt":"2025-02-21T05:09:39","guid":{"rendered":"https:\/\/elinformanteperu.com\/?p=135726"},"modified":"2025-02-21T00:09:39","modified_gmt":"2025-02-21T05:09:39","slug":"oscar-2025-que-peliculas-siguen-en-la-carrera-por-la-estatuilla-dorada-y-cuales-no-y-por-que-segun-la-critica","status":"publish","type":"post","link":"https:\/\/elinformanteperu.com\/index.php\/2025\/02\/21\/oscar-2025-que-peliculas-siguen-en-la-carrera-por-la-estatuilla-dorada-y-cuales-no-y-por-que-segun-la-critica\/","title":{"rendered":"\u00d3scar 2025: \u00bfQu\u00e9 pel\u00edculas siguen en la carrera por la estatuilla dorada, y cu\u00e1les no y por qu\u00e9?, seg\u00fan la cr\u00edtica"},"content":{"rendered":"<p><strong><span style=\"color: #000000;\">Entre las favoritas por la cr\u00edtica figuran Anora, El Brutalista y C\u00f3nclave, mientras que Emilia P\u00e9rez ha disminuido sus posibilidades, explica Jos\u00e9 Carlos Cabrejo, docente de la Carrera de Comunicaci\u00f3n en la Universidad de Lima y cr\u00edtico de cine.<\/span><\/strong><\/p>\n<p><span style=\"color: #000000;\"><strong>Lima, 20 de febrero 2025, (El Informante Per\u00fa).-<\/strong> El pr\u00f3ximo domingo 2 de marzo, el Dolby Theatre en Los \u00c1ngeles, California, ser\u00e1 el escenario en el que se anunciar\u00e1 qui\u00e9n se lleva la codiciada estatuilla dorada de los \u00d3scar 2025. En esta carrera, no todas las producciones logran mantenerse en la pelea. Mientras algunas pel\u00edculas y actores se consolidan como los grandes favoritos, otras han disminuido sus posibilidades debido a diversos factores.<\/span><\/p>\n<p><span style=\"color: #000000;\">\u00abAunque las cr\u00edticas cinematogr\u00e1ficas no afectan directamente la elecci\u00f3n de los ganadores de los \u00d3scar, influyen en la percepci\u00f3n p\u00fablica y, con ello, en la decisi\u00f3n de los votantes de la Academia. Adem\u00e1s, las preferencias de dichos votantes por una cinta pueden variar por diversos factores, que pueden ser hechos controversiales externos a la pel\u00edcula, como es el caso de Emilia P\u00e9rez, o la acumulaci\u00f3n de premios en festivales de prestigio, como los Globos de Oro o los BAFTA\u00bb, explica Jos\u00e9 Carlos Cabrejo, docente de la Carrera de Comunicaci\u00f3n en la Universidad de Lima y cr\u00edtico de cine, quien analiza las pel\u00edculas que siguen en la carrera, las que han perdido terreno y las razones detr\u00e1s de esta din\u00e1mica.<\/span><\/p>\n<p><strong><span style=\"color: #000000;\">Las que siguen en la carrera<\/span><\/strong><\/p>\n<p><a href=\"https:\/\/elinformanteperu.com\/wp-content\/uploads\/2025\/02\/anora-conclave-el-brutalista.png\"><img fetchpriority=\"high\" decoding=\"async\" class=\"size-full wp-image-135727 aligncenter\" src=\"https:\/\/elinformanteperu.com\/wp-content\/uploads\/2025\/02\/anora-conclave-el-brutalista.png\" alt=\"\" width=\"606\" height=\"319\" srcset=\"https:\/\/elinformanteperu.com\/wp-content\/uploads\/2025\/02\/anora-conclave-el-brutalista.png 606w, https:\/\/elinformanteperu.com\/wp-content\/uploads\/2025\/02\/anora-conclave-el-brutalista-300x158.png 300w\" sizes=\"(max-width: 606px) 100vw, 606px\" \/><\/a><span style=\"color: #000000;\">Una de las pel\u00edculas favoritas por la cr\u00edtica en la categor\u00eda de mejor pel\u00edcula es Anora, dirigida por Sean Baker. La historia de la joven prostituta de Brooklyn que, por azar, se enamora del hijo de un oligarca ruso ofrece una cr\u00edtica incisiva a las diferencias de clase social. \u00abEntre las razones por las que esta pel\u00edcula sigue siendo una de las favoritas est\u00e1n su gui\u00f3n audaz y las interpretaciones excepcionales de su elenco. Adem\u00e1s, su victoria en el Festival de Cannes, donde se alz\u00f3 con la Palma de Oro a mejor pel\u00edcula, y el reciente triunfo de Mikey Madison en los BAFTA 2025 como mejor actriz, refuerzan a\u00fan m\u00e1s su posici\u00f3n\u00bb, explica Cabrejo.<\/span><\/p>\n<p><span style=\"color: #000000;\">Otra pel\u00edcula que se mantiene y gana fuerza en la carrera es El Brutalista, dirigida por Brady Corbet. La cinta se mantiene en la contienda por su propuesta visual \u00fanica y su enfoque contempor\u00e1neo sobre temas sociales como la migraci\u00f3n. \u00abEl relato de un visionario arquitecto que huye de la Europa de la posguerra y llega a Estados Unidos para reconstruir su vida, su obra y su matrimonio, eleva la narrativa a trav\u00e9s de una profunda exploraci\u00f3n emocional y visualmente impactante\u00bb, a\u00f1ade el docente.<\/span><\/p>\n<p><span style=\"color: #000000;\">Cabrejo destaca las actuaciones del elenco de El Brutalista, en particular la de Adrien Brody, quien recientemente gan\u00f3 el premio a mejor actor principal en los BAFTA 2025. Asimismo, subraya su \u00e9xito en festivales de cine de prestigio: en los Globos de Oro, se distingui\u00f3 en las categor\u00edas de mejor pel\u00edcula, mejor direcci\u00f3n y mejor actor principal.<\/span><\/p>\n<p><span style=\"color: #000000;\">Una nueva favorita para mejor pel\u00edcula en los \u00d3scar es C\u00f3nclave, dirigida por Edward Berger. El film recibi\u00f3 doce nominaciones en los BAFTA 2025 y gan\u00f3 cuatro de ellas, las cuales incluyen la de mejor pel\u00edcula del a\u00f1o. C\u00f3nclave destaca por su gui\u00f3n intrigante que explora el misterio y la pol\u00edtica de la elecci\u00f3n papal, cargado de tensi\u00f3n, drama y reflexiones sobre el poder, la religi\u00f3n y la moralidad. \u00abLa direcci\u00f3n crea una atm\u00f3sfera \u00fanica de suspenso al captar las emociones dentro del claustro, abordando la lucha por el poder y los dilemas morales en la Iglesia Cat\u00f3lica\u00bb, afirma Cabrejo.<\/span><\/p>\n<p><strong><span style=\"color: #000000;\">Pierde terreno en la competencia<\/span><\/strong><\/p>\n<p><a href=\"https:\/\/elinformanteperu.com\/wp-content\/uploads\/2025\/01\/emilia-perez.jpg\"><img decoding=\"async\" class=\"size-large wp-image-133598 aligncenter\" src=\"https:\/\/elinformanteperu.com\/wp-content\/uploads\/2025\/01\/emilia-perez-1024x576.jpg\" alt=\"\" width=\"615\" height=\"346\" srcset=\"https:\/\/elinformanteperu.com\/wp-content\/uploads\/2025\/01\/emilia-perez-1024x576.jpg 1024w, https:\/\/elinformanteperu.com\/wp-content\/uploads\/2025\/01\/emilia-perez-300x169.jpg 300w, https:\/\/elinformanteperu.com\/wp-content\/uploads\/2025\/01\/emilia-perez-768x432.jpg 768w, https:\/\/elinformanteperu.com\/wp-content\/uploads\/2025\/01\/emilia-perez-620x350.jpg 620w, https:\/\/elinformanteperu.com\/wp-content\/uploads\/2025\/01\/emilia-perez-935x526.jpg 935w, https:\/\/elinformanteperu.com\/wp-content\/uploads\/2025\/01\/emilia-perez.jpg 1280w\" sizes=\"(max-width: 615px) 100vw, 615px\" \/><\/a><span style=\"color: #000000;\">Emilia P\u00e9rez, la pel\u00edcula musical francesa escrita y dirigida por Jacques Audiard, con varias nominaciones en los \u00d3scar 2025, fue opacada por las opiniones que hizo en redes sociales su protagonista, la actriz transg\u00e9nero Karla Sof\u00eda Gasc\u00f3n.<\/span><\/p>\n<p><span style=\"color: #000000;\">En noviembre de 2020, Gasc\u00f3n public\u00f3 un tuit en el que cuestiona la creciente presencia de musulmanes en Espa\u00f1a y sugiri\u00f3 que el \u00e1rabe reemplazar\u00eda al ingl\u00e9s en las aulas. En otro mensaje, hizo comentarios ir\u00f3nicos sobre el burka, que calific\u00f3 de \u00abprofundamente repugnante para la humanidad\u00bb. Sus declaraciones contra el islam y otras religiones desataron una fuerte reacci\u00f3n p\u00fablica, especialmente en un contexto donde los temas de inclusi\u00f3n y respeto son m\u00e1s relevantes que nunca.<\/span><\/p>\n<p><span style=\"color: #000000;\">\u00abLa pol\u00e9mica ha empa\u00f1ado la percepci\u00f3n de la pel\u00edcula, desviando la atenci\u00f3n de su gui\u00f3n y propuesta narrativa. La ausencia de Gasc\u00f3n en los BAFTA 2025, a pesar de las nominaciones, evidencia c\u00f3mo las opiniones de los actores pueden afectar la reputaci\u00f3n de una producci\u00f3n, incluso cuando su calidad t\u00e9cnica es destacada. En la era de las redes sociales, el comportamiento personal de los involucrados tiene un impacto significativo en el futuro de un proyecto cinematogr\u00e1fico\u00bb, menciona Jos\u00e9 Carlos.<\/span><\/p>\n<p><span style=\"color: #000000;\">Otra raz\u00f3n que ha afectado sus posibilidades es la mala recepci\u00f3n de la pel\u00edcula en M\u00e9xico, donde se percibi\u00f3 que presentaba una visi\u00f3n sesgada de su cultura. Esto, combinado con la controversia generada por los pol\u00e9micos tuits, ha disminuido las opciones de Emilia P\u00e9rez para ganar el \u00d3scar a mejor pel\u00edcula. Sin embargo, puede obtener premios en otras categor\u00edas en las cuales a\u00fan es una fuerte candidata.<\/span><\/p>\n<p><a href=\"https:\/\/elinformanteperu.com\/wp-content\/uploads\/2020\/05\/Oscar-2021-1.jpg\"><img decoding=\"async\" class=\"size-large wp-image-71848 aligncenter\" src=\"https:\/\/elinformanteperu.com\/wp-content\/uploads\/2020\/05\/Oscar-2021-1-1024x682.jpg\" alt=\"\" width=\"615\" height=\"410\" srcset=\"https:\/\/elinformanteperu.com\/wp-content\/uploads\/2020\/05\/Oscar-2021-1-1024x682.jpg 1024w, https:\/\/elinformanteperu.com\/wp-content\/uploads\/2020\/05\/Oscar-2021-1-300x200.jpg 300w, https:\/\/elinformanteperu.com\/wp-content\/uploads\/2020\/05\/Oscar-2021-1-768x512.jpg 768w, https:\/\/elinformanteperu.com\/wp-content\/uploads\/2020\/05\/Oscar-2021-1-1536x1023.jpg 1536w, https:\/\/elinformanteperu.com\/wp-content\/uploads\/2020\/05\/Oscar-2021-1.jpg 1800w\" sizes=\"(max-width: 615px) 100vw, 615px\" \/><\/a><\/p>\n","protected":false},"excerpt":{"rendered":"<p>Entre las favoritas por la cr\u00edtica figuran Anora, El Brutalista y C\u00f3nclave, mientras que Emilia P\u00e9rez ha disminuido sus posibilidades, explica Jos\u00e9 Carlos Cabrejo, docente de la Carrera de Comunicaci\u00f3n en la Universidad de Lima y cr\u00edtico de cine. Lima, 20 de febrero 2025, (El Informante Per\u00fa).- El pr\u00f3ximo domingo 2 de marzo, el Dolby [&hellip;]<\/p>\n","protected":false},"author":1,"featured_media":67994,"comment_status":"closed","ping_status":"closed","sticky":false,"template":"","format":"standard","meta":{"rop_custom_images_group":[],"rop_custom_messages_group":[],"rop_publish_now":"initial","rop_publish_now_accounts":[],"rop_publish_now_history":[],"rop_publish_now_status":"pending","footnotes":""},"categories":[7],"tags":[7670,7808],"class_list":["post-135726","post","type-post","status-publish","format-standard","has-post-thumbnail","hentry","category-butaca","tag-oscar-2025","tag-universidad-de-lima"],"_links":{"self":[{"href":"https:\/\/elinformanteperu.com\/index.php\/wp-json\/wp\/v2\/posts\/135726","targetHints":{"allow":["GET"]}}],"collection":[{"href":"https:\/\/elinformanteperu.com\/index.php\/wp-json\/wp\/v2\/posts"}],"about":[{"href":"https:\/\/elinformanteperu.com\/index.php\/wp-json\/wp\/v2\/types\/post"}],"author":[{"embeddable":true,"href":"https:\/\/elinformanteperu.com\/index.php\/wp-json\/wp\/v2\/users\/1"}],"replies":[{"embeddable":true,"href":"https:\/\/elinformanteperu.com\/index.php\/wp-json\/wp\/v2\/comments?post=135726"}],"version-history":[{"count":1,"href":"https:\/\/elinformanteperu.com\/index.php\/wp-json\/wp\/v2\/posts\/135726\/revisions"}],"predecessor-version":[{"id":135728,"href":"https:\/\/elinformanteperu.com\/index.php\/wp-json\/wp\/v2\/posts\/135726\/revisions\/135728"}],"wp:featuredmedia":[{"embeddable":true,"href":"https:\/\/elinformanteperu.com\/index.php\/wp-json\/wp\/v2\/media\/67994"}],"wp:attachment":[{"href":"https:\/\/elinformanteperu.com\/index.php\/wp-json\/wp\/v2\/media?parent=135726"}],"wp:term":[{"taxonomy":"category","embeddable":true,"href":"https:\/\/elinformanteperu.com\/index.php\/wp-json\/wp\/v2\/categories?post=135726"},{"taxonomy":"post_tag","embeddable":true,"href":"https:\/\/elinformanteperu.com\/index.php\/wp-json\/wp\/v2\/tags?post=135726"}],"curies":[{"name":"wp","href":"https:\/\/api.w.org\/{rel}","templated":true}]}}