{"id":13558,"date":"2017-07-25T01:37:44","date_gmt":"2017-07-25T06:37:44","guid":{"rendered":"http:\/\/elinformanteperu.com\/?p=13558"},"modified":"2017-07-25T01:37:44","modified_gmt":"2017-07-25T06:37:44","slug":"pleno-del-congreso-sesionara-tres-veces-esta-semana","status":"publish","type":"post","link":"https:\/\/elinformanteperu.com\/index.php\/2017\/07\/25\/pleno-del-congreso-sesionara-tres-veces-esta-semana\/","title":{"rendered":"Pleno del Congreso sesionar\u00e1 tres veces esta semana"},"content":{"rendered":"<p><strong><span style=\"color: #000000;\">Tres sesiones efectuar\u00e1 el Pleno del Congreso en la presente semana, entre las cuales destaca la elecci\u00f3n de la nueva Mesa Directiva del Poder Legislativo.<\/span><\/strong><\/p>\n<p><span style=\"color: #000000;\"><strong>Lima, 24 Julio 2017, (ANDINA).-<\/strong> Tres sesiones efectuar\u00e1 el Pleno del Congreso de la Rep\u00fablica en la presente semana, entre las cuales destaca la que ser\u00e1 dedicada a la elecci\u00f3n de la nueva Mesa Directiva del Poder Legislativo para el Per\u00edodo Anual de Sesiones 2017-2018.<\/span><\/p>\n<p><span style=\"color: #000000;\">La elecci\u00f3n de la Mesa Directiva ser\u00e1 el mi\u00e9rcoles 26 a partir de las 10:00 horas. Ser\u00e1 la \u00faltima asamblea que presida la actual titular del Parlamento, Luz Salgado Rubianes.<\/span><\/p>\n<p><span style=\"color: #000000;\">Al d\u00eda siguiente, jueves 27, se efectuar\u00e1 la sesi\u00f3n de instalaci\u00f3n del Per\u00edodo Anual de Sesiones 2017-2018, acto que ser\u00e1 encabezado por el nuevo titular del Poder Legislativo, a partir de las 10:00 horas.<\/span><\/p>\n<p><span style=\"color: #000000;\">Finalmente, el viernes 28, a partir de las 09:00 horas, se efectuar\u00e1 la sesi\u00f3n solemne con ocasi\u00f3n de celebrarse el 196\u00ba aniversario de la Independencia Nacional.<\/span><\/p>\n<p><span style=\"color: #000000;\">En esa oportunidad, el jefe del Estado, Pedro Pablo Kuczynski Godard, dirigir\u00e1 su mensaje al Congreso en ocasi\u00f3n de celebrarse aquella efem\u00e9rides y al cumplir el primer a\u00f1o de su gesti\u00f3n gubernamental.<\/span><\/p>\n","protected":false},"excerpt":{"rendered":"<p>Tres sesiones efectuar\u00e1 el Pleno del Congreso en la presente semana, entre las cuales destaca la elecci\u00f3n de la nueva Mesa Directiva del Poder Legislativo. Lima, 24 Julio 2017, (ANDINA).- Tres sesiones efectuar\u00e1 el Pleno del Congreso de la Rep\u00fablica en la presente semana, entre las cuales destaca la que ser\u00e1 dedicada a la elecci\u00f3n [&hellip;]<\/p>\n","protected":false},"author":1,"featured_media":13559,"comment_status":"open","ping_status":"open","sticky":false,"template":"","format":"standard","meta":{"rop_custom_images_group":[],"rop_custom_messages_group":[],"rop_publish_now":"initial","rop_publish_now_accounts":[],"rop_publish_now_history":[],"rop_publish_now_status":"pending","footnotes":""},"categories":[5],"tags":[192,296,74],"class_list":["post-13558","post","type-post","status-publish","format-standard","has-post-thumbnail","hentry","category-actualidad-informativa","tag-congreso","tag-luz-salgado","tag-pedro-pablo-kuczynski"],"_links":{"self":[{"href":"https:\/\/elinformanteperu.com\/index.php\/wp-json\/wp\/v2\/posts\/13558","targetHints":{"allow":["GET"]}}],"collection":[{"href":"https:\/\/elinformanteperu.com\/index.php\/wp-json\/wp\/v2\/posts"}],"about":[{"href":"https:\/\/elinformanteperu.com\/index.php\/wp-json\/wp\/v2\/types\/post"}],"author":[{"embeddable":true,"href":"https:\/\/elinformanteperu.com\/index.php\/wp-json\/wp\/v2\/users\/1"}],"replies":[{"embeddable":true,"href":"https:\/\/elinformanteperu.com\/index.php\/wp-json\/wp\/v2\/comments?post=13558"}],"version-history":[{"count":1,"href":"https:\/\/elinformanteperu.com\/index.php\/wp-json\/wp\/v2\/posts\/13558\/revisions"}],"predecessor-version":[{"id":13560,"href":"https:\/\/elinformanteperu.com\/index.php\/wp-json\/wp\/v2\/posts\/13558\/revisions\/13560"}],"wp:featuredmedia":[{"embeddable":true,"href":"https:\/\/elinformanteperu.com\/index.php\/wp-json\/wp\/v2\/media\/13559"}],"wp:attachment":[{"href":"https:\/\/elinformanteperu.com\/index.php\/wp-json\/wp\/v2\/media?parent=13558"}],"wp:term":[{"taxonomy":"category","embeddable":true,"href":"https:\/\/elinformanteperu.com\/index.php\/wp-json\/wp\/v2\/categories?post=13558"},{"taxonomy":"post_tag","embeddable":true,"href":"https:\/\/elinformanteperu.com\/index.php\/wp-json\/wp\/v2\/tags?post=13558"}],"curies":[{"name":"wp","href":"https:\/\/api.w.org\/{rel}","templated":true}]}}